
{"id":4355,"date":"2024-05-12T00:00:15","date_gmt":"2024-05-11T22:00:15","guid":{"rendered":"http:\/\/www.paludzka.fara.sk\/?p=4355"},"modified":"2024-05-11T11:32:24","modified_gmt":"2024-05-11T09:32:24","slug":"farske-oznamy-12-5-19-5-2024","status":"publish","type":"post","link":"http:\/\/www.paludzka.fara.sk\/?p=4355","title":{"rendered":"Farsk\u00e9 oznamy 12.5.-19.5.2024"},"content":{"rendered":"<div class=\"table-responsive\">\n<table class=\"table table-bordered\">\n<thead>\n<tr>\n<th style=\"text-align: center; vertical-align: middle;\">De\u0148<\/th>\n<th style=\"text-align: center; vertical-align: middle;\">\u010cas<\/th>\n<th style=\"text-align: center; vertical-align: middle;\">Liturgick\u00fd kalend\u00e1r<\/th>\n<th style=\"text-align: center; vertical-align: middle;\">\u00damysel<\/th>\n<th style=\"text-align: center; vertical-align: middle;\">O\u010dak\u00e1vame<\/th>\n<\/tr>\n<\/thead>\n<tbody>\n<tr>\n<td style=\"text-align: center; vertical-align: middle;\"><strong>Nede\u013ea 12.5.<\/strong><\/td>\n<td style=\"text-align: center; vertical-align: middle;\">7:00<\/p>\n<p><strong>8:15<\/strong><\/p>\n<p>9:45<\/td>\n<td style=\"text-align: center; vertical-align: middle;\"><span style=\"color: #808000;\"><strong>7. ve\u013ekono\u010dn\u00e1 nede\u013ea<\/strong><\/span><\/td>\n<td style=\"text-align: center; vertical-align: middle;\">za veriacich<\/p>\n<p><strong>Bodice:<\/strong> na \u00famysel<\/p>\n<p>po\u010fakovanie pri \u017eivotnom jubileu Katar\u00edny<\/td>\n<td style=\"text-align: center; vertical-align: middle;\"><strong>Zbierka na katol\u00edcke masm\u00e9di\u00e1<\/strong><\/p>\n<p>58. svetov\u00fd de\u0148 spolo\u010densk\u00fdch<br \/>\nkomunika\u010dn\u00fdch prostriedkov<\/td>\n<\/tr>\n<tr>\n<td style=\"text-align: center; vertical-align: middle;\">Pondelok 13.5.<\/td>\n<td style=\"text-align: center; vertical-align: middle;\"><span style=\"color: #000000;\">18:00<\/span><\/td>\n<td style=\"text-align: center; vertical-align: middle;\"><span style=\"color: #0000ff;\">Blahoslavenej Panny M\u00e1rie Fatimskej<\/span><\/p>\n<p><span style=\"color: #0000ff;\">\u013eubovo\u013en\u00e1 spomienka<\/span><\/td>\n<td style=\"text-align: center; vertical-align: middle;\">za zdravie a Bo\u017eie po\u017eehnanie pre Franti\u0161ku<\/td>\n<td style=\"text-align: center; vertical-align: middle;\"><\/td>\n<\/tr>\n<tr>\n<td style=\"text-align: center; vertical-align: middle;\">Utorok 14.5.<\/td>\n<td style=\"text-align: center; vertical-align: middle;\"><span style=\"color: #000000;\">18:00<\/span><\/td>\n<td style=\"text-align: center; vertical-align: middle;\">\n<p style=\"text-align: center; vertical-align: middle;\"><span style=\"color: #ff0000;\">Sv\u00e4t\u00e9ho Mateja, apo\u0161tola<\/span><\/p>\n<p><span style=\"color: #ff0000;\">sviatok<\/span><\/td>\n<td style=\"text-align: center; vertical-align: middle;\">47 rokov od \u00famrtia man\u017eela Vladim\u00edra<\/td>\n<td style=\"text-align: center; vertical-align: middle;\"><\/td>\n<\/tr>\n<tr>\n<td style=\"text-align: center; vertical-align: middle;\">Streda 15.5.<\/td>\n<td style=\"text-align: center; vertical-align: middle;\">7:00<\/td>\n<td style=\"text-align: center; vertical-align: middle;\"><span style=\"color: #808000;\">Streda po 7. ve\u013ekono\u010dnej nedeli<\/span><\/td>\n<td style=\"text-align: center; vertical-align: middle;\">za zdravie a Bo\u017eie po\u017eehnanie rodiny Bors\u00edkovej<\/td>\n<td style=\"text-align: center; vertical-align: middle;\"><\/td>\n<\/tr>\n<tr>\n<td style=\"text-align: center; vertical-align: middle;\">\u0160tvrtok 16.5.<\/td>\n<td style=\"text-align: center; vertical-align: middle;\"><span style=\"color: #000000;\">18:00<\/span><\/td>\n<td style=\"text-align: center; vertical-align: middle;\"><span style=\"color: #ff0000;\">Sv\u00e4t\u00e9ho J\u00e1na Nepomuck\u00e9ho, k\u0148aza a mu\u010den\u00edka<\/span><\/p>\n<p><span style=\"color: #ff0000;\">spomienka<\/span><\/td>\n<td style=\"text-align: center; vertical-align: middle;\">+ syn Sve\u0165ko<\/td>\n<td style=\"text-align: center; vertical-align: middle;\">Presk\u00fa\u0161anie prvoprij\u00edmaj\u00facich det\u00ed od 15:00 &#8211; 17:00. Die\u0165a nech pr\u00edde v sprievode rodi\u010da.<\/p>\n<p><strong>Sv. om\u0161a v\u00a0kaplnke sv. J\u00e1na Nepomuck\u00e9ho<\/strong><\/td>\n<\/tr>\n<tr>\n<td style=\"text-align: center; vertical-align: middle;\">Piatok 17.5.<\/td>\n<td style=\"text-align: center; vertical-align: middle;\"><span style=\"color: #000000;\">18:00<\/span><\/td>\n<td style=\"text-align: center; vertical-align: middle;\"><span style=\"color: #808000;\">Piatok po 7. ve\u013ekono\u010dnej nedeli<\/span><\/td>\n<td style=\"text-align: center; vertical-align: middle;\">za zdravie a Bo\u017eie po\u017eehnanie pre Katku s rodinou<\/td>\n<td style=\"text-align: center; vertical-align: middle;\">Presk\u00fa\u0161anie prvoprij\u00edmaj\u00facich det\u00ed od 15:00 &#8211; 17:00.<\/p>\n<p><em>Sv. om\u0161a za \u00fa\u010dasti det\u00ed<\/em><\/p>\n<p><em>N\u00e1cvik na 1. sv. prij\u00edmanie po sv. om\u0161i<\/em><\/td>\n<\/tr>\n<tr>\n<td style=\"text-align: center; vertical-align: middle;\">Sobota 18.5.<\/td>\n<td style=\"text-align: center; vertical-align: middle;\">8:00<\/td>\n<td style=\"text-align: center; vertical-align: middle;\"><span style=\"color: #808000;\">Sobota po 7. ve\u013ekono\u010dnej nedeli<\/span><\/td>\n<td style=\"text-align: center; vertical-align: middle;\">za k\u0148azov a pokoj<\/td>\n<td style=\"text-align: center; vertical-align: middle;\">Brig\u00e1da o 9:00<\/td>\n<\/tr>\n<tr>\n<td style=\"text-align: center; vertical-align: middle;\"><strong>Nede\u013ea 19.5.<\/strong><\/td>\n<td style=\"text-align: center; vertical-align: middle;\">7:00<\/p>\n<p><strong>8:15<\/strong><\/p>\n<p>9:45<\/td>\n<td style=\"text-align: center; vertical-align: middle;\"><strong><span style=\"color: #ff0000;\">Zoslanie Ducha Sv\u00e4t\u00e9ho<\/span><\/strong><\/p>\n<p><span style=\"color: #ff0000;\">sl\u00e1vnos\u0165<\/span><\/td>\n<td style=\"text-align: center; vertical-align: middle;\">za dary Ducha Sv\u00e4t\u00e9ho pre maturanta<\/p>\n<p><strong>Bodice:<\/strong> na \u00famysel<\/p>\n<p>+ z rodiny Filekov\u00fdch a Brnov\u00fdch<\/td>\n<td style=\"text-align: center; vertical-align: middle;\">\u00dapln\u00e9 odpustky pri speve hymnu<br \/>\nPr\u00ed\u010f, Duchu Sv\u00e4t\u00fd, tvoriv\u00fd<\/td>\n<\/tr>\n<\/tbody>\n<\/table>\n<\/div>\n<ul>\n<li>pokra\u010dujeme v nov\u00e9ne k Duchu Sv\u00e4t\u00e9mu. Letn\u00e9 k\u00e1ntrov\u00e9 dni s\u00fa na bud\u00faci t\u00fd\u017ede\u0148 v stredu, v piatok a v sobotu. Z\u00e1v\u00e4zn\u00fd je iba jeden de\u0148. Obsah letn\u00fdch k\u00e1ntrov\u00fdch dn\u00ed: Prosby za jednotu kres\u0165anov alebo Za duchovn\u00e9 povolania.<\/li>\n<li>dne\u0161n\u00fa nede\u013eu je zbierka na katol\u00edcke masm\u00e9dia. P\u00e1n Boh zapla\u0165.<\/li>\n<li>Bohuzn\u00e1ma na kostol v Bodiciach darovala 100 \u20ac. P\u00e1n Boh zapla\u0165. Ru\u017eencov\u00e9 spolo\u010denstvo na kr\u00ed\u017eov\u00fa cestu obetovalo 200 \u20ac. P\u00e1n Boh zapla\u0165.<\/li>\n<li>v sobotu 18.5.2024 o 9:00 pl\u00e1nujeme brig\u00e1du na upratanie podkrovia farsk\u00e9ho kostola v Pal\u00fadzke. Chceli by sme da\u0165 dole star\u00e9 \u0161kridle. P\u00e1n Boh zapla\u0165 za va\u0161u pomoc.<\/li>\n<li>o upratovanie kostola pros\u00edm rodiny Ra\u010dkov\u00fa, Mra\u010dnov\u00fa, Tk\u00e1\u010dov\u00fa a Gub\u00e1\u0161ov\u00fa. Upratovanie bude v sobotu. P\u00e1n Boh zapla\u0165 za slu\u017ebu.<\/li>\n<\/ul>\n","protected":false},"excerpt":{"rendered":"<p>De\u0148 \u010cas Liturgick\u00fd kalend\u00e1r \u00damysel O\u010dak\u00e1vame Nede\u013ea 12.5. 7:00 8:15 9:45 7. ve\u013ekono\u010dn\u00e1 nede\u013ea za veriacich Bodice: na \u00famysel po\u010fakovanie pri \u017eivotnom jubileu Katar\u00edny Zbierka na katol\u00edcke masm\u00e9di\u00e1 58. svetov\u00fd de\u0148 spolo\u010densk\u00fdch komunika\u010dn\u00fdch prostriedkov Pondelok 13.5. 18:00 Blahoslavenej Panny M\u00e1rie Fatimskej \u013eubovo\u013en\u00e1 spomienka za zdravie a Bo\u017eie po\u017eehnanie pre Franti\u0161ku Utorok 14.5. 18:00 Sv\u00e4t\u00e9ho Mateja, [&hellip;]<\/p>\n","protected":false},"author":1,"featured_media":0,"comment_status":"closed","ping_status":"closed","sticky":false,"template":"","format":"standard","meta":{"_links_to":"","_links_to_target":""},"categories":[4,19],"tags":[],"_links":{"self":[{"href":"http:\/\/www.paludzka.fara.sk\/index.php?rest_route=\/wp\/v2\/posts\/4355"}],"collection":[{"href":"http:\/\/www.paludzka.fara.sk\/index.php?rest_route=\/wp\/v2\/posts"}],"about":[{"href":"http:\/\/www.paludzka.fara.sk\/index.php?rest_route=\/wp\/v2\/types\/post"}],"author":[{"embeddable":true,"href":"http:\/\/www.paludzka.fara.sk\/index.php?rest_route=\/wp\/v2\/users\/1"}],"replies":[{"embeddable":true,"href":"http:\/\/www.paludzka.fara.sk\/index.php?rest_route=%2Fwp%2Fv2%2Fcomments&post=4355"}],"version-history":[{"count":2,"href":"http:\/\/www.paludzka.fara.sk\/index.php?rest_route=\/wp\/v2\/posts\/4355\/revisions"}],"predecessor-version":[{"id":4357,"href":"http:\/\/www.paludzka.fara.sk\/index.php?rest_route=\/wp\/v2\/posts\/4355\/revisions\/4357"}],"wp:attachment":[{"href":"http:\/\/www.paludzka.fara.sk\/index.php?rest_route=%2Fwp%2Fv2%2Fmedia&parent=4355"}],"wp:term":[{"taxonomy":"category","embeddable":true,"href":"http:\/\/www.paludzka.fara.sk\/index.php?rest_route=%2Fwp%2Fv2%2Fcategories&post=4355"},{"taxonomy":"post_tag","embeddable":true,"href":"http:\/\/www.paludzka.fara.sk\/index.php?rest_route=%2Fwp%2Fv2%2Ftags&post=4355"}],"curies":[{"name":"wp","href":"https:\/\/api.w.org\/{rel}","templated":true}]}}