
{"id":4308,"date":"2024-04-28T00:00:40","date_gmt":"2024-04-27T22:00:40","guid":{"rendered":"http:\/\/www.paludzka.fara.sk\/?p=4308"},"modified":"2024-04-27T12:23:52","modified_gmt":"2024-04-27T10:23:52","slug":"farske-oznamy-28-4-5-5-2024","status":"publish","type":"post","link":"http:\/\/www.paludzka.fara.sk\/?p=4308","title":{"rendered":"Farsk\u00e9 oznamy 28.4.-5.5.2024"},"content":{"rendered":"<div class=\"table-responsive\">\n<table class=\"table table-bordered\">\n<thead>\n<tr>\n<th style=\"text-align: center; vertical-align: middle;\">De\u0148<\/th>\n<th style=\"text-align: center; vertical-align: middle;\">\u010cas<\/th>\n<th style=\"text-align: center; vertical-align: middle;\">Liturgick\u00fd kalend\u00e1r<\/th>\n<th style=\"text-align: center; vertical-align: middle;\">\u00damysel<\/th>\n<th style=\"text-align: center; vertical-align: middle;\">O\u010dak\u00e1vame<\/th>\n<\/tr>\n<\/thead>\n<tbody>\n<tr>\n<td style=\"text-align: center; vertical-align: middle;\"><strong>Nede\u013ea 28.4.<\/strong><\/td>\n<td style=\"text-align: center; vertical-align: middle;\">7:00<\/p>\n<p><strong>8:15<\/strong><\/p>\n<p>9:45<\/td>\n<td style=\"text-align: center; vertical-align: middle;\"><span style=\"color: #808000;\"><strong>5. ve\u013ekono\u010dn\u00e1 nede\u013ea<\/strong><\/span><\/td>\n<td style=\"text-align: center; vertical-align: middle;\">za zdravie a Bo\u017eie po\u017eehnanie<br \/>\nrodiny Bles\u00e1kovej<\/p>\n<p><strong>Bodice:<\/strong> na \u00famysel<\/p>\n<p>za veriacich<\/td>\n<td style=\"text-align: center; vertical-align: middle;\"><\/td>\n<\/tr>\n<tr>\n<td style=\"text-align: center; vertical-align: middle;\">Pondelok 29.4.<\/td>\n<td style=\"text-align: center; vertical-align: middle;\"><span style=\"color: #000000;\">18:00<\/span><\/td>\n<td style=\"text-align: center; vertical-align: middle;\">\n<p style=\"text-align: center; vertical-align: middle;\"><span style=\"color: #808000;\">Sv\u00e4tej Katar\u00edny Sienskej, panny a u\u010dite\u013eky Cirkvi, <\/span><br \/>\n<span style=\"color: #808000;\">patr\u00f3nky Eur\u00f3py<\/span><\/p>\n<p><span style=\"color: #808000;\">sviatok<\/span><\/td>\n<td style=\"text-align: center; vertical-align: middle;\">za zdravie a Bo\u017eie po\u017eehnanie<\/td>\n<td style=\"text-align: center; vertical-align: middle;\">Sviatos\u0165 zmierenia od 17:30<\/td>\n<\/tr>\n<tr>\n<td style=\"text-align: center; vertical-align: middle;\">Utorok 30.4.<\/td>\n<td style=\"text-align: center; vertical-align: middle;\"><span style=\"color: #000000;\">18:00<\/span><\/td>\n<td style=\"text-align: center; vertical-align: middle;\">\n<p style=\"text-align: center; vertical-align: middle;\"><span style=\"color: #808000;\">Utorok po 5. ve\u013ekono\u010dnej nedeli<\/span><\/p>\n<\/td>\n<td style=\"text-align: center; vertical-align: middle;\">za zdravie a Bo\u017eie po\u017eehnanie rodiny Srnkovej<\/td>\n<td style=\"text-align: center; vertical-align: middle;\">Sviatos\u0165 zmierenia od 17:30<\/td>\n<\/tr>\n<tr>\n<td style=\"text-align: center; vertical-align: middle;\">Streda 1.5.<\/td>\n<td style=\"text-align: center; vertical-align: middle;\">7:00<\/td>\n<td style=\"text-align: center; vertical-align: middle;\"><span style=\"color: #808000;\">Sv\u00e4t\u00e9ho Jozefa, robotn\u00edka<\/span><\/p>\n<p><span style=\"color: #808000;\">\u013eubovo\u013en\u00e1 spomienka<\/span><\/td>\n<td style=\"text-align: center; vertical-align: middle;\">za zdravie a Bo\u017eie po\u017eehnanie Anny<br \/>\nPoliakovej<\/td>\n<td style=\"text-align: center; vertical-align: middle;\"><\/td>\n<\/tr>\n<tr>\n<td style=\"text-align: center; vertical-align: middle;\">\u0160tvrtok 2.5.<\/td>\n<td style=\"text-align: center; vertical-align: middle;\"><span style=\"color: #000000;\">18:00<\/span><\/td>\n<td style=\"text-align: center; vertical-align: middle;\">\n<p style=\"text-align: center; vertical-align: middle;\"><span style=\"color: #808000;\">Sv\u00e4t\u00e9ho Atan\u00e1za, biskupa a u\u010dite\u013ea Cirkvi<\/span><\/p>\n<p><span style=\"color: #808000;\">spomienka<\/span><\/td>\n<td style=\"text-align: center; vertical-align: middle;\">+ Jozef, Jozef\u00edna, Just\u00edna Pavel<\/td>\n<td style=\"text-align: center; vertical-align: middle;\">Sviatos\u0165 zmierenia od 17:15<\/p>\n<p>Prv\u00fd \u0161tvrtok v mesiaci &#8211; de\u0148 modlitieb za duchovn\u00e9 povolania.<\/p>\n<p>Ador\u00e1cia od 17:15<\/td>\n<\/tr>\n<tr>\n<td style=\"text-align: center; vertical-align: middle;\">Piatok 3.5.<\/td>\n<td style=\"text-align: center; vertical-align: middle;\"><strong>17:00<\/strong><\/p>\n<p><span style=\"color: #000000;\">18:00<\/span><\/td>\n<td style=\"text-align: center; vertical-align: middle;\"><span style=\"color: #ff0000;\">Sv\u00e4t\u00fdch Filipa a Jakuba, apo\u0161tolov<\/span><\/p>\n<p><span style=\"color: #ff0000;\">sviatok<\/span><\/p>\n<p><span style=\"color: #ff0000;\">Prv\u00fd piatok<\/span><\/td>\n<td style=\"text-align: center; vertical-align: middle;\"><strong>Bodice:<\/strong> na \u00famysel<\/p>\n<p>za rodinu M\u00e1rie a jej deti<\/td>\n<td style=\"text-align: center; vertical-align: middle;\"><em>N\u00e1v\u0161teva chor\u00fdch od 8:00<\/em><\/p>\n<p><strong>Bodice:<\/strong> sv. zmierenia od 16:20<\/p>\n<p><em>N\u00e1cvik na 1. sv. prij\u00edmanie po sv. om\u0161i<\/em><\/td>\n<\/tr>\n<tr>\n<td style=\"text-align: center; vertical-align: middle;\">Sobota 4.5.<\/td>\n<td style=\"text-align: center; vertical-align: middle;\">8:00<\/td>\n<td style=\"text-align: center; vertical-align: middle;\"><span style=\"color: #0000ff;\">O Preblahoslavenej Panne M\u00e1rii<\/span><\/td>\n<td style=\"text-align: center; vertical-align: middle;\">za zdravie a Bo\u017eie po\u017eehnanie pre rodinu<\/td>\n<td style=\"text-align: center; vertical-align: middle;\">Fatimsk\u00e1 pobo\u017enos\u0165 o 7:30<\/td>\n<\/tr>\n<tr>\n<td style=\"text-align: center; vertical-align: middle;\"><strong>Nede\u013ea 5.5.<\/strong><\/td>\n<td style=\"text-align: center; vertical-align: middle;\">7:00<\/p>\n<p><strong>8:15<\/strong><\/p>\n<p>9:45<\/td>\n<td style=\"text-align: center; vertical-align: middle;\"><span style=\"color: #808000;\"><strong>6. ve\u013ekono\u010dn\u00e1 nede\u013ea<\/strong><\/span><\/td>\n<td style=\"text-align: center; vertical-align: middle;\">na \u00famysel ordin\u00e1ra<\/p>\n<p><strong>Bodice:<\/strong> na \u00famysel<\/p>\n<p>za veriacich<\/td>\n<td style=\"text-align: center; vertical-align: middle;\"><\/td>\n<\/tr>\n<\/tbody>\n<\/table>\n<\/div>\n<ul>\n<li>\u00famysly sv. om\u0161\u00ed na mesiac m\u00e1j budem zapisova\u0165 v pondelok po sv. om\u0161i. Sv. om\u0161e v t\u00fd\u017edni budeme za\u010d\u00edna\u0165 m\u00e1jov\u00fdmi pobo\u017enos\u0165ami.<\/li>\n<li>v d\u0148och 5. \u2013 7. m\u00e1ja 2024 sa uskuto\u010dn\u00ed 1. ro\u010dn\u00edk mestsk\u00e9ho kult\u00farno-akademick\u00e9ho festivalu <strong>Ru\u017eombersk\u00e9 Hanusove dni<\/strong>. Festival sa bude kona\u0165 v priestoroch kni\u017enice Katol\u00edckej univerzity v Ru\u017eomberku. T\u00e9mou tohto ro\u010dn\u00edka je <strong>Kres\u0165ansk\u00e1 kult\u00fara \u2013 jej dedi\u010dstvo, v\u00fdzvy, s\u00fa\u010dasn\u00fd stav, ale aj d\u00f4le\u017eitos\u0165 jej formovania<\/strong>. Cel\u00fd program festivalu je dostupn\u00fd na str\u00e1nke <a href=\"https:\/\/www.hanusovedni.sk\/\" target=\"_blank\" rel=\"noopener\">hanusovedni.sk<\/a>.<\/li>\n<li>Bohuzn\u00e1ma na kr\u00ed\u017eov\u00fa cestu darovala 150 \u20ac. P\u00e1n Boh zapla\u0165.<\/li>\n<li>v zbierke na semin\u00e1r sme prispeli 365 \u20ac. P\u00e1n Boh zapla\u0165.<\/li>\n<li>o upratovanie kostola pros\u00edm rodiny Hri\u010d\u00e1kov\u00fa, Dia\u010dikov\u00fa, Korman\u00edkov\u00fa a S\u00e1lusov\u00fa. Upratovanie bude v sobotu. P\u00e1n Boh zapla\u0165 za slu\u017ebu.<\/li>\n<\/ul>\n","protected":false},"excerpt":{"rendered":"<p>De\u0148 \u010cas Liturgick\u00fd kalend\u00e1r \u00damysel O\u010dak\u00e1vame Nede\u013ea 28.4. 7:00 8:15 9:45 5. ve\u013ekono\u010dn\u00e1 nede\u013ea za zdravie a Bo\u017eie po\u017eehnanie rodiny Bles\u00e1kovej Bodice: na \u00famysel za veriacich Pondelok 29.4. 18:00 Sv\u00e4tej Katar\u00edny Sienskej, panny a u\u010dite\u013eky Cirkvi, patr\u00f3nky Eur\u00f3py sviatok za zdravie a Bo\u017eie po\u017eehnanie Sviatos\u0165 zmierenia od 17:30 Utorok 30.4. 18:00 Utorok po 5. ve\u013ekono\u010dnej [&hellip;]<\/p>\n","protected":false},"author":1,"featured_media":0,"comment_status":"closed","ping_status":"closed","sticky":false,"template":"","format":"standard","meta":{"_links_to":"","_links_to_target":""},"categories":[4,19],"tags":[],"_links":{"self":[{"href":"http:\/\/www.paludzka.fara.sk\/index.php?rest_route=\/wp\/v2\/posts\/4308"}],"collection":[{"href":"http:\/\/www.paludzka.fara.sk\/index.php?rest_route=\/wp\/v2\/posts"}],"about":[{"href":"http:\/\/www.paludzka.fara.sk\/index.php?rest_route=\/wp\/v2\/types\/post"}],"author":[{"embeddable":true,"href":"http:\/\/www.paludzka.fara.sk\/index.php?rest_route=\/wp\/v2\/users\/1"}],"replies":[{"embeddable":true,"href":"http:\/\/www.paludzka.fara.sk\/index.php?rest_route=%2Fwp%2Fv2%2Fcomments&post=4308"}],"version-history":[{"count":3,"href":"http:\/\/www.paludzka.fara.sk\/index.php?rest_route=\/wp\/v2\/posts\/4308\/revisions"}],"predecessor-version":[{"id":4311,"href":"http:\/\/www.paludzka.fara.sk\/index.php?rest_route=\/wp\/v2\/posts\/4308\/revisions\/4311"}],"wp:attachment":[{"href":"http:\/\/www.paludzka.fara.sk\/index.php?rest_route=%2Fwp%2Fv2%2Fmedia&parent=4308"}],"wp:term":[{"taxonomy":"category","embeddable":true,"href":"http:\/\/www.paludzka.fara.sk\/index.php?rest_route=%2Fwp%2Fv2%2Fcategories&post=4308"},{"taxonomy":"post_tag","embeddable":true,"href":"http:\/\/www.paludzka.fara.sk\/index.php?rest_route=%2Fwp%2Fv2%2Ftags&post=4308"}],"curies":[{"name":"wp","href":"https:\/\/api.w.org\/{rel}","templated":true}]}}