
{"id":4270,"date":"2024-04-21T00:00:19","date_gmt":"2024-04-20T22:00:19","guid":{"rendered":"http:\/\/www.paludzka.fara.sk\/?p=4270"},"modified":"2024-04-20T12:06:03","modified_gmt":"2024-04-20T10:06:03","slug":"farske-oznamy-21-4-28-4-2024","status":"publish","type":"post","link":"http:\/\/www.paludzka.fara.sk\/?p=4270","title":{"rendered":"Farsk\u00e9 oznamy 21.4.-28.4.2024"},"content":{"rendered":"<div class=\"table-responsive\">\n<table class=\"table table-bordered\">\n<thead>\n<tr>\n<th style=\"text-align: center; vertical-align: middle;\">De\u0148<\/th>\n<th style=\"text-align: center; vertical-align: middle;\">\u010cas<\/th>\n<th style=\"text-align: center; vertical-align: middle;\">Liturgick\u00fd kalend\u00e1r<\/th>\n<th style=\"text-align: center; vertical-align: middle;\">\u00damysel<\/th>\n<th style=\"text-align: center; vertical-align: middle;\">O\u010dak\u00e1vame<\/th>\n<\/tr>\n<\/thead>\n<tbody>\n<tr>\n<td style=\"text-align: center; vertical-align: middle;\"><strong>Nede\u013ea 21.4.<\/strong><\/td>\n<td style=\"text-align: center; vertical-align: middle;\">7:00<\/p>\n<p><strong>8:15<\/strong><\/p>\n<p>9:45<\/td>\n<td style=\"text-align: center; vertical-align: middle;\"><span style=\"color: #808000;\"><strong>4. ve\u013ekono\u010dn\u00e1 nede\u013ea<\/strong><\/span><\/td>\n<td style=\"text-align: center; vertical-align: middle;\">za veriacich<\/p>\n<p><strong>Bodice:<\/strong> na \u00famysel<\/p>\n<p>za zdravie a Bo\u017eie po\u017eehnanie<br \/>\nrodiny Filekovej<\/td>\n<td style=\"text-align: center; vertical-align: middle;\"><strong>Zbierka na semin\u00e1r<\/strong><\/td>\n<\/tr>\n<tr>\n<td style=\"text-align: center; vertical-align: middle;\">Pondelok 22.4.<\/td>\n<td style=\"text-align: center; vertical-align: middle;\"><span style=\"color: #000000;\">18:00<\/span><\/td>\n<td style=\"text-align: center; vertical-align: middle;\">\n<p style=\"text-align: center; vertical-align: middle;\"><span style=\"color: #808000;\">Pondelok po 4. ve\u013ekono\u010dnej nedeli<\/span><\/p>\n<\/td>\n<td style=\"text-align: center; vertical-align: middle;\">po\u010fakovanie za 77 rokov Filipa<\/td>\n<td style=\"text-align: center; vertical-align: middle;\">Stretnutie hospod\u00e1rskej rady<br \/>\nfarnosti po sv. om\u0161i<\/td>\n<\/tr>\n<tr>\n<td style=\"text-align: center; vertical-align: middle;\">Utorok 23.4.<\/td>\n<td style=\"text-align: center; vertical-align: middle;\"><span style=\"color: #000000;\">18:00<\/span><\/td>\n<td style=\"text-align: center; vertical-align: middle;\"><span style=\"color: #ff0000;\">Sv\u00e4t\u00e9ho Vojtecha, biskupa a mu\u010den\u00edka<\/span><\/p>\n<p><span style=\"color: #ff0000;\">spomienka<\/span><\/td>\n<td style=\"text-align: center; vertical-align: middle;\">+ Flori\u00e1n a Agne\u0161a \u0160robovi<\/td>\n<td style=\"text-align: center; vertical-align: middle;\"><\/td>\n<\/tr>\n<tr>\n<td style=\"text-align: center; vertical-align: middle;\">Streda 24.4.<\/td>\n<td style=\"text-align: center; vertical-align: middle;\">7:00<\/td>\n<td style=\"text-align: center; vertical-align: middle;\"><span style=\"color: #808000;\">Streda po 4. ve\u013ekono\u010dnej nedeli<\/span><\/td>\n<td style=\"text-align: center; vertical-align: middle;\">za zdravie a Bo\u017eie po\u017eehnanie det\u00ed<br \/>\na\u00a0vn\u00fa\u010dat rodiny Hudecovej<\/td>\n<td style=\"text-align: center; vertical-align: middle;\"><\/td>\n<\/tr>\n<tr>\n<td style=\"text-align: center; vertical-align: middle;\">\u0160tvrtok 25.4.<\/td>\n<td style=\"text-align: center; vertical-align: middle;\"><span style=\"color: #000000;\">18:00<\/span><\/td>\n<td style=\"text-align: center; vertical-align: middle;\"><span style=\"color: #ff0000;\">Sv\u00e4t\u00e9ho Marka, evanjelistu<\/span><\/p>\n<p><span style=\"color: #ff0000;\">sviatok<\/span><\/td>\n<td style=\"text-align: center; vertical-align: middle;\">+ Viera Bohur\u00e1dov\u00e1<\/td>\n<td style=\"text-align: center; vertical-align: middle;\">Ador\u00e1cia od 17:30<\/td>\n<\/tr>\n<tr>\n<td style=\"text-align: center; vertical-align: middle;\">Piatok 26.4.<\/td>\n<td style=\"text-align: center; vertical-align: middle;\"><span style=\"color: #000000;\">18:00<\/span><\/td>\n<td style=\"text-align: center; vertical-align: middle;\"><span style=\"color: #808000;\">Piatok po 4. ve\u013ekono\u010dnej nedeli<\/span><\/td>\n<td style=\"text-align: center; vertical-align: middle;\">za obr\u00e1tenie det\u00ed a man\u017eela<\/td>\n<td style=\"text-align: center; vertical-align: middle;\"><em>Sv. om\u0161a za \u00fa\u010dasti det\u00ed<br \/>\n<\/em><em>Pros\u00edm, v\u0161etky prvoprij\u00edmaj\u00face<br \/>\ndeti <\/em><em>o \u00fa\u010das\u0165. <\/em><\/p>\n<p><em>N\u00e1cvik po sv. om\u0161i.<\/em><\/td>\n<\/tr>\n<tr>\n<td style=\"text-align: center; vertical-align: middle;\">Sobota 27.4.<\/td>\n<td style=\"text-align: center; vertical-align: middle;\">8:00<\/td>\n<td style=\"text-align: center; vertical-align: middle;\"><span style=\"color: #808000;\">Sobota po 4. ve\u013ekono\u010dnej nedeli<\/span><\/td>\n<td style=\"text-align: center; vertical-align: middle;\">+ Jaroslav, Jozef a Franti\u0161ka<\/td>\n<td style=\"text-align: center; vertical-align: middle;\"><\/td>\n<\/tr>\n<tr>\n<td style=\"text-align: center; vertical-align: middle;\"><strong>Nede\u013ea 28.4.<\/strong><\/td>\n<td style=\"text-align: center; vertical-align: middle;\">7:00<\/p>\n<p><strong>8:15<\/strong><\/p>\n<p>9:45<\/td>\n<td style=\"text-align: center; vertical-align: middle;\"><span style=\"color: #808000;\"><strong>5. ve\u013ekono\u010dn\u00e1 nede\u013ea<\/strong><\/span><\/td>\n<td style=\"text-align: center; vertical-align: middle;\">za zdravie a Bo\u017eie po\u017eehnanie<br \/>\nrodiny Bles\u00e1kovej<\/p>\n<p><strong>Bodice:<\/strong> na \u00famysel<\/p>\n<p>za veriacich<\/td>\n<td style=\"text-align: center; vertical-align: middle;\"><\/td>\n<\/tr>\n<\/tbody>\n<\/table>\n<\/div>\n<ul>\n<li>Milovan\u00ed bratia a sestry! V dne\u0161n\u00fd de\u0148, ke\u010f sl\u00e1vime Nede\u013eu Dobr\u00e9ho pastiera a v na\u0161ej diec\u00e9ze sa kon\u00e1 zbierka na k\u0148azsk\u00fd semin\u00e1r, v\u00e1m chcem v mene cel\u00e9ho semin\u00e1rskeho spolo\u010denstva z cel\u00e9ho srdca po\u010fakova\u0165 za va\u0161u priaze\u0148 a \u0161tedros\u0165, za va\u0161e modlitby a obety, za va\u0161u l\u00e1sku ku k\u0148azom a bohoslovcom. V k\u0148azskom semin\u00e1ri m\u00e1me aktu\u00e1lne 27 seminaristov. V j\u00fani bude vysv\u00e4ten\u00fdch 8 novok\u0148azov a 3 diakoni. Do 1. ro\u010dn\u00edka sa hl\u00e1si 8 nov\u00fdch uch\u00e1dza\u010dov. V\u0161etci povolan\u00ed ku k\u0148azstvu sa pripravuj\u00fa na t\u00fato slu\u017ebu v semin\u00e1ri aj v\u010faka va\u0161ej \u017eivej viere, \u0161tedrosti a l\u00e1ske. P\u00e1n Boh zapla\u0165 za ak\u00fako\u013evek va\u0161u podporu. Ost\u00e1vame s vami v modlitb\u00e1ch spojen\u00ed. Peter Majda, rektor k\u0148azsk\u00e9ho semin\u00e1ra v Spi\u0161skej Kapitule.<\/li>\n<li>Bohuzn\u00e1ma na kostol v Bodiciach darovala 50 \u20ac. Na kr\u00ed\u017eov\u00fa cestu obetovali 100, 20, 25 \u20ac. Bohuzn\u00e1ma rodina zo Zuberca obetovala na kr\u00ed\u017eov\u00fa cestu 100 \u20ac. P\u00e1n Boh zapla\u0165.<\/li>\n<li>o upratovanie kostola pros\u00edm rodiny Jantol\u00e1kov\u00fa, Kov\u00e1\u010dov\u00fa, Slafkovsk\u00fa a Ko\u0161\u00fatov\u00fa. Upratovanie bude v sobotu. P\u00e1n Boh zapla\u0165 za slu\u017ebu.<\/li>\n<\/ul>\n","protected":false},"excerpt":{"rendered":"<p>De\u0148 \u010cas Liturgick\u00fd kalend\u00e1r \u00damysel O\u010dak\u00e1vame Nede\u013ea 21.4. 7:00 8:15 9:45 4. ve\u013ekono\u010dn\u00e1 nede\u013ea za veriacich Bodice: na \u00famysel za zdravie a Bo\u017eie po\u017eehnanie rodiny Filekovej Zbierka na semin\u00e1r Pondelok 22.4. 18:00 Pondelok po 4. ve\u013ekono\u010dnej nedeli po\u010fakovanie za 77 rokov Filipa Stretnutie hospod\u00e1rskej rady farnosti po sv. om\u0161i Utorok 23.4. 18:00 Sv\u00e4t\u00e9ho Vojtecha, biskupa [&hellip;]<\/p>\n","protected":false},"author":1,"featured_media":0,"comment_status":"closed","ping_status":"closed","sticky":false,"template":"","format":"standard","meta":{"_links_to":"","_links_to_target":""},"categories":[4,19],"tags":[],"_links":{"self":[{"href":"http:\/\/www.paludzka.fara.sk\/index.php?rest_route=\/wp\/v2\/posts\/4270"}],"collection":[{"href":"http:\/\/www.paludzka.fara.sk\/index.php?rest_route=\/wp\/v2\/posts"}],"about":[{"href":"http:\/\/www.paludzka.fara.sk\/index.php?rest_route=\/wp\/v2\/types\/post"}],"author":[{"embeddable":true,"href":"http:\/\/www.paludzka.fara.sk\/index.php?rest_route=\/wp\/v2\/users\/1"}],"replies":[{"embeddable":true,"href":"http:\/\/www.paludzka.fara.sk\/index.php?rest_route=%2Fwp%2Fv2%2Fcomments&post=4270"}],"version-history":[{"count":2,"href":"http:\/\/www.paludzka.fara.sk\/index.php?rest_route=\/wp\/v2\/posts\/4270\/revisions"}],"predecessor-version":[{"id":4274,"href":"http:\/\/www.paludzka.fara.sk\/index.php?rest_route=\/wp\/v2\/posts\/4270\/revisions\/4274"}],"wp:attachment":[{"href":"http:\/\/www.paludzka.fara.sk\/index.php?rest_route=%2Fwp%2Fv2%2Fmedia&parent=4270"}],"wp:term":[{"taxonomy":"category","embeddable":true,"href":"http:\/\/www.paludzka.fara.sk\/index.php?rest_route=%2Fwp%2Fv2%2Fcategories&post=4270"},{"taxonomy":"post_tag","embeddable":true,"href":"http:\/\/www.paludzka.fara.sk\/index.php?rest_route=%2Fwp%2Fv2%2Ftags&post=4270"}],"curies":[{"name":"wp","href":"https:\/\/api.w.org\/{rel}","templated":true}]}}