
{"id":4251,"date":"2024-04-14T00:00:28","date_gmt":"2024-04-13T22:00:28","guid":{"rendered":"http:\/\/www.paludzka.fara.sk\/?p=4251"},"modified":"2024-04-13T13:34:05","modified_gmt":"2024-04-13T11:34:05","slug":"farske-oznamy-14-4-21-4-2024","status":"publish","type":"post","link":"http:\/\/www.paludzka.fara.sk\/?p=4251","title":{"rendered":"Farsk\u00e9 oznamy 14.4.-21.4.2024"},"content":{"rendered":"<div class=\"table-responsive\">\n<table class=\"table table-bordered\">\n<thead>\n<tr>\n<th style=\"text-align: center; vertical-align: middle;\">De\u0148<\/th>\n<th style=\"text-align: center; vertical-align: middle;\">\u010cas<\/th>\n<th style=\"text-align: center; vertical-align: middle;\">Liturgick\u00fd kalend\u00e1r<\/th>\n<th style=\"text-align: center; vertical-align: middle;\">\u00damysel<\/th>\n<th style=\"text-align: center; vertical-align: middle;\">O\u010dak\u00e1vame<\/th>\n<\/tr>\n<\/thead>\n<tbody>\n<tr>\n<td style=\"text-align: center; vertical-align: middle;\"><strong>Nede\u013ea 14.4.<\/strong><\/td>\n<td style=\"text-align: center; vertical-align: middle;\">7:00<\/p>\n<p><strong>8:15<\/strong><\/p>\n<p>9:45<\/td>\n<td style=\"text-align: center; vertical-align: middle;\"><span style=\"color: #808000;\"><strong>3. ve\u013ekono\u010dn\u00e1 nede\u013ea<\/strong><\/span><\/td>\n<td style=\"text-align: center; vertical-align: middle;\">za veriacich<\/p>\n<p><strong>Bodice:<\/strong> na \u00famysel<\/p>\n<p>za zdravie a Bo\u017eie po\u017eehnanie<br \/>\nrodiny Pavla Hudeca<\/td>\n<td style=\"text-align: center; vertical-align: middle;\"><\/td>\n<\/tr>\n<tr>\n<td style=\"text-align: center; vertical-align: middle;\">Pondelok 15.4.<\/td>\n<td style=\"text-align: center; vertical-align: middle;\"><span style=\"color: #000000;\">18:00<\/span><\/td>\n<td style=\"text-align: center; vertical-align: middle;\">\n<p style=\"text-align: center; vertical-align: middle;\"><span style=\"color: #808000;\">Pondelok po 3. ve\u013ekono\u010dnej nedeli<\/span><\/p>\n<\/td>\n<td style=\"text-align: center; vertical-align: middle;\">+ Andrea, Daniel a Marek<\/td>\n<td style=\"text-align: center; vertical-align: middle;\"><\/td>\n<\/tr>\n<tr>\n<td style=\"text-align: center; vertical-align: middle;\">Utorok 16.4.<\/td>\n<td style=\"text-align: center; vertical-align: middle;\"><span style=\"color: #000000;\">18:00<\/span><\/td>\n<td style=\"text-align: center; vertical-align: middle;\"><span style=\"color: #808000;\">Utorok po 3. ve\u013ekono\u010dnej nedeli<\/span><\/td>\n<td style=\"text-align: center; vertical-align: middle;\">za obr\u00e1tenie a po\u017eehnanie pre vnu\u010dky<\/td>\n<td style=\"text-align: center; vertical-align: middle;\"><\/td>\n<\/tr>\n<tr>\n<td style=\"text-align: center; vertical-align: middle;\">Streda 17.4.<\/td>\n<td style=\"text-align: center; vertical-align: middle;\">7:00<\/td>\n<td style=\"text-align: center; vertical-align: middle;\"><span style=\"color: #808000;\">Streda po 3. ve\u013ekono\u010dnej nedeli<\/span><\/td>\n<td style=\"text-align: center; vertical-align: middle;\">+ Rudolf<\/td>\n<td style=\"text-align: center; vertical-align: middle;\"><\/td>\n<\/tr>\n<tr>\n<td style=\"text-align: center; vertical-align: middle;\">\u0160tvrtok 18.4.<\/td>\n<td style=\"text-align: center; vertical-align: middle;\"><span style=\"color: #000000;\">18:00<\/span><\/td>\n<td style=\"text-align: center; vertical-align: middle;\"><span style=\"color: #808000;\">Za povolania na k\u0148azsk\u00fd stav<\/span><\/td>\n<td style=\"text-align: center; vertical-align: middle;\">+ Helena, Kliment, Irena a Alojz<\/td>\n<td style=\"text-align: center; vertical-align: middle;\">Ador\u00e1cia od 17:30<\/td>\n<\/tr>\n<tr>\n<td style=\"text-align: center; vertical-align: middle;\">Piatok 19.4.<\/td>\n<td style=\"text-align: center; vertical-align: middle;\"><span style=\"color: #000000;\">18:00<\/span><\/td>\n<td style=\"text-align: center; vertical-align: middle;\"><span style=\"color: #808000;\">Piatok po 3. ve\u013ekono\u010dnej nedeli<\/span><\/td>\n<td style=\"text-align: center; vertical-align: middle;\">za zdravie a Bo\u017eie po\u017eehnanie pre<br \/>\nrodinu Nemtu\u0161iakov\u00fa<\/td>\n<td style=\"text-align: center; vertical-align: middle;\"><em>Sv. om\u0161a za \u00fa\u010dasti det\u00ed<\/em><\/p>\n<p><em>Pros\u00edm, v\u0161etky prvoprij\u00edmaj\u00face<br \/>\ndeti <\/em><em>o \u00fa\u010das\u0165. N\u00e1cvik po sv. om\u0161i.<\/em><\/td>\n<\/tr>\n<tr>\n<td style=\"text-align: center; vertical-align: middle;\">Sobota 20.4.<\/td>\n<td style=\"text-align: center; vertical-align: middle;\">8:00<\/td>\n<td style=\"text-align: center; vertical-align: middle;\"><span style=\"color: #808000;\">Sobota po 3. ve\u013ekono\u010dnej nedeli<\/span><\/td>\n<td style=\"text-align: center; vertical-align: middle;\">+ J\u00falius<\/td>\n<td style=\"text-align: center; vertical-align: middle;\"><\/td>\n<\/tr>\n<tr>\n<td style=\"text-align: center; vertical-align: middle;\"><strong>Nede\u013ea 21.4.<\/strong><\/td>\n<td style=\"text-align: center; vertical-align: middle;\">7:00<\/p>\n<p><strong>8:15<\/strong><\/p>\n<p>9:45<\/td>\n<td style=\"text-align: center; vertical-align: middle;\"><span style=\"color: #808000;\"><strong>4. ve\u013ekono\u010dn\u00e1 nede\u013ea<\/strong><\/span><\/td>\n<td style=\"text-align: center; vertical-align: middle;\">za veriacich<\/p>\n<p><strong>Bodice:<\/strong> na \u00famysel<\/p>\n<p>za zdravie a Bo\u017eie po\u017eehnanie rodiny Filekovej<\/td>\n<td style=\"text-align: center; vertical-align: middle;\"><strong>Zbierka na semin\u00e1r<\/strong><\/td>\n<\/tr>\n<\/tbody>\n<\/table>\n<\/div>\n<ul>\n<li>Drah\u00ed spolubratia k\u0148azi, mil\u00ed bratia a sestry v Kristovi, po ne\u0161\u0165ast\u00ed, ktor\u00e9 sa stalo minul\u00fa sobotu na autobusovej zast\u00e1vke pri Spi\u0161skej Kapitule e\u0161te pred za\u010diatkom diec\u00e9zneho stretnutia mlad\u00fdch, sa vytvorilo hlbok\u00e9 puto \u013eudsk\u00e9ho a duchovn\u00e9ho spoluc\u00edtenia. Ako pastier na\u0161ej Spi\u0161skej diec\u00e9zy sa v\u00e1m v\u0161etk\u00fdm chcem po\u010fakova\u0165 za va\u0161e modlitby a prejavy podpory. Bolo to siln\u00e9 svedectvo aj pre cel\u00fa spolo\u010dnos\u0165 o na\u0161ej \u013eudskosti a kres\u0165ansk\u00fdch hodnot\u00e1ch, ktor\u00e9 vyzn\u00e1vame. Nech to posiln\u00ed na\u0161u cestu \u017eivota pod\u013ea Je\u017ei\u0161ovho evanjelia. \u010eakujem, \u017ee sa modl\u00edte aj za m\u0148a. V\u00e1\u0161 biskup Franti\u0161ek.<\/li>\n<li>na bud\u00facu nede\u013eu sa uskuto\u010dn\u00ed zbierka na semin\u00e1r. V\u0161etk\u00fdm darcom P\u00e1n Boh zapla\u0165.<\/li>\n<li>z krstu Sofie Anny Kokavcovej darovali na kostol 50 \u20ac. Bohuzn\u00e1ma rodina zo Zuberca obetovala na kr\u00ed\u017eov\u00fa cestu 50 \u20ac. P\u00e1n Boh zapla\u0165.<\/li>\n<li>o upratovanie kostola pros\u00edm rodiny Koh\u00fatov\u00fa, Vdovcov\u00fa, Bebkov\u00fa, Rybovi\u010dov\u00fa a \u0160e\u010fov\u00fa. P\u00e1n Boh zapla\u0165 za slu\u017ebu.<\/li>\n<\/ul>\n","protected":false},"excerpt":{"rendered":"<p>De\u0148 \u010cas Liturgick\u00fd kalend\u00e1r \u00damysel O\u010dak\u00e1vame Nede\u013ea 14.4. 7:00 8:15 9:45 3. ve\u013ekono\u010dn\u00e1 nede\u013ea za veriacich Bodice: na \u00famysel za zdravie a Bo\u017eie po\u017eehnanie rodiny Pavla Hudeca Pondelok 15.4. 18:00 Pondelok po 3. ve\u013ekono\u010dnej nedeli + Andrea, Daniel a Marek Utorok 16.4. 18:00 Utorok po 3. ve\u013ekono\u010dnej nedeli za obr\u00e1tenie a po\u017eehnanie pre vnu\u010dky Streda [&hellip;]<\/p>\n","protected":false},"author":1,"featured_media":0,"comment_status":"closed","ping_status":"closed","sticky":false,"template":"","format":"standard","meta":{"_links_to":"","_links_to_target":""},"categories":[4,19],"tags":[],"_links":{"self":[{"href":"http:\/\/www.paludzka.fara.sk\/index.php?rest_route=\/wp\/v2\/posts\/4251"}],"collection":[{"href":"http:\/\/www.paludzka.fara.sk\/index.php?rest_route=\/wp\/v2\/posts"}],"about":[{"href":"http:\/\/www.paludzka.fara.sk\/index.php?rest_route=\/wp\/v2\/types\/post"}],"author":[{"embeddable":true,"href":"http:\/\/www.paludzka.fara.sk\/index.php?rest_route=\/wp\/v2\/users\/1"}],"replies":[{"embeddable":true,"href":"http:\/\/www.paludzka.fara.sk\/index.php?rest_route=%2Fwp%2Fv2%2Fcomments&post=4251"}],"version-history":[{"count":1,"href":"http:\/\/www.paludzka.fara.sk\/index.php?rest_route=\/wp\/v2\/posts\/4251\/revisions"}],"predecessor-version":[{"id":4252,"href":"http:\/\/www.paludzka.fara.sk\/index.php?rest_route=\/wp\/v2\/posts\/4251\/revisions\/4252"}],"wp:attachment":[{"href":"http:\/\/www.paludzka.fara.sk\/index.php?rest_route=%2Fwp%2Fv2%2Fmedia&parent=4251"}],"wp:term":[{"taxonomy":"category","embeddable":true,"href":"http:\/\/www.paludzka.fara.sk\/index.php?rest_route=%2Fwp%2Fv2%2Fcategories&post=4251"},{"taxonomy":"post_tag","embeddable":true,"href":"http:\/\/www.paludzka.fara.sk\/index.php?rest_route=%2Fwp%2Fv2%2Ftags&post=4251"}],"curies":[{"name":"wp","href":"https:\/\/api.w.org\/{rel}","templated":true}]}}