
{"id":4222,"date":"2024-04-07T00:00:30","date_gmt":"2024-04-06T22:00:30","guid":{"rendered":"http:\/\/www.paludzka.fara.sk\/?p=4222"},"modified":"2024-04-06T22:26:53","modified_gmt":"2024-04-06T20:26:53","slug":"farske-oznamy-7-4-14-4-2024","status":"publish","type":"post","link":"http:\/\/www.paludzka.fara.sk\/?p=4222","title":{"rendered":"Farsk\u00e9 oznamy 7.4.-14.4.2024"},"content":{"rendered":"<div class=\"table-responsive\">\n<table class=\"table table-bordered\">\n<thead>\n<tr>\n<th style=\"text-align: center; vertical-align: middle;\">De\u0148<\/th>\n<th style=\"text-align: center; vertical-align: middle;\">\u010cas<\/th>\n<th style=\"text-align: center; vertical-align: middle;\">Liturgick\u00fd kalend\u00e1r<\/th>\n<th style=\"text-align: center; vertical-align: middle;\">\u00damysel<\/th>\n<th style=\"text-align: center; vertical-align: middle;\">O\u010dak\u00e1vame<\/th>\n<\/tr>\n<\/thead>\n<tbody>\n<tr>\n<td style=\"text-align: center; vertical-align: middle;\"><strong>Nede\u013ea 7.4.<\/strong><\/td>\n<td style=\"text-align: center; vertical-align: middle;\">7:00<\/p>\n<p><strong>8:15<\/strong><\/p>\n<p>9:45<\/td>\n<td style=\"text-align: center; vertical-align: middle;\"><span style=\"color: #808000;\"><strong>2. ve\u013ekono\u010dn\u00e1 nede\u013ea<\/strong><\/span><\/p>\n<p><span style=\"color: #808000;\"><strong>Nede\u013ea Bo\u017eieho milosrdenstva<\/strong><\/span><\/td>\n<td style=\"text-align: center; vertical-align: middle;\">za veriacich<\/p>\n<p><strong>Bodice:<\/strong> na \u00famysel<\/p>\n<p>za dary Ducha Sv\u00e4t\u00e9ho a Bo\u017eiu pomoc pre Silviu<\/td>\n<td style=\"text-align: center; vertical-align: middle;\">Pobo\u017enos\u0165 k Bo\u017eiemu milosrdenstvu o 15:00<\/td>\n<\/tr>\n<tr>\n<td style=\"text-align: center; vertical-align: middle;\">Pondelok 8.4.<\/td>\n<td style=\"text-align: center; vertical-align: middle;\"><strong>17:00<\/strong><\/p>\n<p><span style=\"color: #000000;\">18:00<\/span><\/td>\n<td style=\"text-align: center; vertical-align: middle;\">\n<p style=\"text-align: center; vertical-align: middle;\"><span style=\"color: #808000;\">Zvestovanie P\u00e1na<\/span><\/p>\n<p><span style=\"color: #808000;\">sl\u00e1vnos\u0165 prelo\u017een\u00e1 z 25. marca<\/span><\/td>\n<td style=\"text-align: center; vertical-align: middle;\"><strong>Bodice:<\/strong> na \u00famysel<\/p>\n<p>+ J\u00e1n<\/td>\n<td style=\"text-align: center; vertical-align: middle;\"><\/td>\n<\/tr>\n<tr>\n<td style=\"text-align: center; vertical-align: middle;\">Utorok 9.4.<\/td>\n<td style=\"text-align: center; vertical-align: middle;\"><span style=\"color: #000000;\">18:00<\/span><\/td>\n<td style=\"text-align: center; vertical-align: middle;\"><span style=\"color: #808000;\">Utorok po 2. ve\u013ekono\u010dnej nedeli<\/span><\/td>\n<td style=\"text-align: center; vertical-align: middle;\">+ Roman<\/td>\n<td style=\"text-align: center; vertical-align: middle;\"><\/td>\n<\/tr>\n<tr>\n<td style=\"text-align: center; vertical-align: middle;\">Streda 10.4.<\/td>\n<td style=\"text-align: center; vertical-align: middle;\">7:00<\/td>\n<td style=\"text-align: center; vertical-align: middle;\"><span style=\"color: #808000;\">Streda po 2. ve\u013ekono\u010dnej nedeli<\/span><\/td>\n<td style=\"text-align: center; vertical-align: middle;\">+ Celest\u00edn, Silvia a rodi\u010dia<\/td>\n<td style=\"text-align: center; vertical-align: middle;\"><\/td>\n<\/tr>\n<tr>\n<td style=\"text-align: center; vertical-align: middle;\">\u0160tvrtok 11.4.<\/td>\n<td style=\"text-align: center; vertical-align: middle;\"><span style=\"color: #000000;\">18:00<\/span><\/td>\n<td style=\"text-align: center; vertical-align: middle;\"><span style=\"color: #ff0000;\">Sv\u00e4t\u00e9ho Stanislava, biskupa a mu\u010den\u00edka<\/span><\/p>\n<p><span style=\"color: #ff0000;\">spomienka<\/span><\/td>\n<td style=\"text-align: center; vertical-align: middle;\">za zdravie det\u00ed, vn\u00fa\u010dat a pravn\u00fa\u010dat<\/td>\n<td style=\"text-align: center; vertical-align: middle;\">Ador\u00e1cia od 17:30<\/td>\n<\/tr>\n<tr>\n<td style=\"text-align: center; vertical-align: middle;\">Piatok 12.4.<\/td>\n<td style=\"text-align: center; vertical-align: middle;\"><span style=\"color: #000000;\">18:00<\/span><\/td>\n<td style=\"text-align: center; vertical-align: middle;\"><span style=\"color: #808000;\">Piatok po 2. ve\u013ekono\u010dnej nedeli<\/span><\/td>\n<td style=\"text-align: center; vertical-align: middle;\">za zdravie a Bo\u017eie po\u017eehnanie pre<br \/>\nAgne\u0161u Leginusov\u00fa<\/td>\n<td style=\"text-align: center; vertical-align: middle;\"><em>Sv. om\u0161a za \u00fa\u010dasti det\u00ed<\/em><\/p>\n<p><em>Pros\u00edm, v\u0161etky prvoprij\u00edmaj\u00face deti<\/em><br \/>\n<em>o \u00fa\u010das\u0165. N\u00e1cvik po sv. om\u0161i.<\/em><\/td>\n<\/tr>\n<tr>\n<td style=\"text-align: center; vertical-align: middle;\">Sobota 13.4.<\/td>\n<td style=\"text-align: center; vertical-align: middle;\">8:00<\/td>\n<td style=\"text-align: center; vertical-align: middle;\"><span style=\"color: #808000;\">Sobota po 2. ve\u013ekono\u010dnej nedeli<\/span><\/td>\n<td style=\"text-align: center; vertical-align: middle;\">za uzdravenie brata Miroslava<\/td>\n<td style=\"text-align: center; vertical-align: middle;\"><\/td>\n<\/tr>\n<tr>\n<td style=\"text-align: center; vertical-align: middle;\"><strong>Nede\u013ea 14.4.<\/strong><\/td>\n<td style=\"text-align: center; vertical-align: middle;\">7:00<\/p>\n<p><strong>8:15<\/strong><\/p>\n<p>9:45<\/td>\n<td style=\"text-align: center; vertical-align: middle;\"><span style=\"color: #808000;\"><strong>3. ve\u013ekono\u010dn\u00e1 nede\u013ea<\/strong><\/span><\/td>\n<td style=\"text-align: center; vertical-align: middle;\">za veriacich<\/p>\n<p><strong>Bodice:<\/strong> na \u00famysel<\/p>\n<p>za zdravie a Bo\u017eie po\u017eehnanie<br \/>\nrodiny Pavla Hudeca<\/td>\n<td style=\"text-align: center; vertical-align: middle;\"><\/td>\n<\/tr>\n<\/tbody>\n<\/table>\n<\/div>\n<ul>\n<li>poz\u00fdvam V\u00e1s k <strong>modlitbe za obete v\u010deraj\u0161ej trag\u00e9die v Spi\u0161skej Kapitule<\/strong>, aj za ich pr\u00edbuzn\u00fdch a priate\u013eov. Spolo\u010dne sa takto m\u00f4\u017eeme stretn\u00fa\u0165 na dne\u0161nej <strong>pobo\u017enosti k Bo\u017eiemu milosrdenstvu o 15:00<\/strong> vo farskom kostole. Dnes takto m\u00f4\u017eeme z\u00edska\u0165 \u00fapln\u00e9 odpustky.<\/li>\n<li>v sobotu 4. m\u00e1ja sa uskuto\u010dn\u00ed <strong>p\u00fa\u0165 r\u00e1dia Lumen do Sv\u00e4tyne Bo\u017eieho milosrdenstva v Krakove<\/strong>. Hlavn\u00fdm celebrantom sl\u00e1vnostnej sv. om\u0161e bude spi\u0161sk\u00fd diec\u00e9zny biskup Mons. Franti\u0161ek Trstensk\u00fd. Kto m\u00e1 z\u00e1ujem, nech sa zap\u00ed\u0161e na papier vzadu v kostole.<\/li>\n<li>Bohuzn\u00e1ma rodina z Pav\u010dinej Lehoty na kostol v Bodiciach darovala 50 \u20ac. P\u00e1n Boh zapla\u0165.<\/li>\n<li>zbierka pri Bo\u017eom hrobe bola 361,70 \u20ac. V\u0161etk\u00fdm darcom P\u00e1n Boh zapla\u0165. Z\u00edskan\u00e9 prostriedky sl\u00fa\u017eia na udr\u017eovanie Bo\u017eieho hrobu v Jeruzaleme a \u010fal\u0161\u00edch posv\u00e4tn\u00fdch miest vo Sv\u00e4tej zemi.<\/li>\n<li>o upratovanie kostola pros\u00edm rodiny Hunanov\u00fa, Adam\u010diakov\u00fa J., Slukov\u00fa, Jurisov\u00fa. P\u00e1n Boh zapla\u0165 za slu\u017ebu.<\/li>\n<\/ul>\n","protected":false},"excerpt":{"rendered":"<p>De\u0148 \u010cas Liturgick\u00fd kalend\u00e1r \u00damysel O\u010dak\u00e1vame Nede\u013ea 7.4. 7:00 8:15 9:45 2. ve\u013ekono\u010dn\u00e1 nede\u013ea Nede\u013ea Bo\u017eieho milosrdenstva za veriacich Bodice: na \u00famysel za dary Ducha Sv\u00e4t\u00e9ho a Bo\u017eiu pomoc pre Silviu Pobo\u017enos\u0165 k Bo\u017eiemu milosrdenstvu o 15:00 Pondelok 8.4. 17:00 18:00 Zvestovanie P\u00e1na sl\u00e1vnos\u0165 prelo\u017een\u00e1 z 25. marca Bodice: na \u00famysel + J\u00e1n Utorok 9.4. [&hellip;]<\/p>\n","protected":false},"author":1,"featured_media":0,"comment_status":"closed","ping_status":"closed","sticky":false,"template":"","format":"standard","meta":{"_links_to":"","_links_to_target":""},"categories":[4,19],"tags":[],"_links":{"self":[{"href":"http:\/\/www.paludzka.fara.sk\/index.php?rest_route=\/wp\/v2\/posts\/4222"}],"collection":[{"href":"http:\/\/www.paludzka.fara.sk\/index.php?rest_route=\/wp\/v2\/posts"}],"about":[{"href":"http:\/\/www.paludzka.fara.sk\/index.php?rest_route=\/wp\/v2\/types\/post"}],"author":[{"embeddable":true,"href":"http:\/\/www.paludzka.fara.sk\/index.php?rest_route=\/wp\/v2\/users\/1"}],"replies":[{"embeddable":true,"href":"http:\/\/www.paludzka.fara.sk\/index.php?rest_route=%2Fwp%2Fv2%2Fcomments&post=4222"}],"version-history":[{"count":1,"href":"http:\/\/www.paludzka.fara.sk\/index.php?rest_route=\/wp\/v2\/posts\/4222\/revisions"}],"predecessor-version":[{"id":4224,"href":"http:\/\/www.paludzka.fara.sk\/index.php?rest_route=\/wp\/v2\/posts\/4222\/revisions\/4224"}],"wp:attachment":[{"href":"http:\/\/www.paludzka.fara.sk\/index.php?rest_route=%2Fwp%2Fv2%2Fmedia&parent=4222"}],"wp:term":[{"taxonomy":"category","embeddable":true,"href":"http:\/\/www.paludzka.fara.sk\/index.php?rest_route=%2Fwp%2Fv2%2Fcategories&post=4222"},{"taxonomy":"post_tag","embeddable":true,"href":"http:\/\/www.paludzka.fara.sk\/index.php?rest_route=%2Fwp%2Fv2%2Ftags&post=4222"}],"curies":[{"name":"wp","href":"https:\/\/api.w.org\/{rel}","templated":true}]}}