
{"id":4200,"date":"2024-03-31T00:00:07","date_gmt":"2024-03-30T23:00:07","guid":{"rendered":"http:\/\/www.paludzka.fara.sk\/?p=4200"},"modified":"2024-03-30T23:18:03","modified_gmt":"2024-03-30T22:18:03","slug":"farske-oznamy-31-3-7-4-2024","status":"publish","type":"post","link":"http:\/\/www.paludzka.fara.sk\/?p=4200","title":{"rendered":"Farsk\u00e9 oznamy 31.3.-7.4.2024"},"content":{"rendered":"<div class=\"table-responsive\">\n<table class=\"table table-bordered\">\n<thead>\n<tr>\n<th style=\"text-align: center; vertical-align: middle;\">De\u0148<\/th>\n<th style=\"text-align: center; vertical-align: middle;\">\u010cas<\/th>\n<th style=\"text-align: center; vertical-align: middle;\">Liturgick\u00fd kalend\u00e1r<\/th>\n<th style=\"text-align: center; vertical-align: middle;\">\u00damysel<\/th>\n<th style=\"text-align: center; vertical-align: middle;\">O\u010dak\u00e1vame<\/th>\n<\/tr>\n<\/thead>\n<tbody>\n<tr>\n<td style=\"text-align: center; vertical-align: middle;\"><strong>Nede\u013ea 31.3.<\/strong><\/td>\n<td style=\"text-align: center; vertical-align: middle;\">7:00<\/p>\n<p><strong>8:15<\/strong><\/p>\n<p>9:45<\/td>\n<td style=\"text-align: center; vertical-align: middle;\"><span style=\"color: #808000;\"><strong>Ve\u013ekono\u010dn\u00e1 nede\u013ea P\u00e1novho zm\u0155tvychvstania<\/strong><\/span><\/td>\n<td style=\"text-align: center; vertical-align: middle;\">za zdravie a Bo\u017eie po\u017eehnanie pre Zdenku<\/p>\n<p><strong>Bodice:<\/strong> na \u00famysel<\/p>\n<p>za veriacich<\/td>\n<td style=\"text-align: center; vertical-align: middle;\">6:50 po\u017eehnanie ve\u013ekono\u010dn\u00fdch jed\u00e1l<\/td>\n<\/tr>\n<tr>\n<td style=\"text-align: center; vertical-align: middle;\">Pondelok 1.4.<\/td>\n<td style=\"text-align: center; vertical-align: middle;\"><strong>8:15<\/strong><\/p>\n<p><span style=\"color: #000000;\">9:45<\/span><\/td>\n<td style=\"text-align: center; vertical-align: middle;\">\n<p style=\"text-align: center; vertical-align: middle;\"><span style=\"color: #808000;\">Pondelok vo Ve\u013ekono\u010dnej okt\u00e1ve<\/span><\/p>\n<\/td>\n<td style=\"text-align: center; vertical-align: middle;\"><strong>Bodice:<\/strong> na \u00famysel<\/p>\n<p>+ Jozef<\/td>\n<td style=\"text-align: center; vertical-align: middle;\"><\/td>\n<\/tr>\n<tr>\n<td style=\"text-align: center; vertical-align: middle;\">Utorok 2.4.<\/td>\n<td style=\"text-align: center; vertical-align: middle;\"><span style=\"color: #000000;\">18:00<\/span><\/td>\n<td style=\"text-align: center; vertical-align: middle;\"><span style=\"color: #808000;\">Utorok vo Ve\u013ekono\u010dnej okt\u00e1ve<\/span><\/td>\n<td style=\"text-align: center; vertical-align: middle;\">+ Ondrej a Eva<\/td>\n<td style=\"text-align: center; vertical-align: middle;\"><\/td>\n<\/tr>\n<tr>\n<td style=\"text-align: center; vertical-align: middle;\">Streda 3.4.<\/td>\n<td style=\"text-align: center; vertical-align: middle;\">7:00<\/td>\n<td style=\"text-align: center; vertical-align: middle;\"><span style=\"color: #808000;\">Streda vo Ve\u013ekono\u010dnej okt\u00e1ve<\/span><\/td>\n<td style=\"text-align: center; vertical-align: middle;\">+ J\u00falius a Gabriela<\/td>\n<td style=\"text-align: center; vertical-align: middle;\"><\/td>\n<\/tr>\n<tr>\n<td style=\"text-align: center; vertical-align: middle;\">\u0160tvrtok 4.4.<\/td>\n<td style=\"text-align: center; vertical-align: middle;\"><span style=\"color: #000000;\">18:00<\/span><\/td>\n<td style=\"text-align: center; vertical-align: middle;\"><span style=\"color: #808000;\">\u0160tvrtok vo Ve\u013ekono\u010dnej okt\u00e1ve<\/span><\/td>\n<td style=\"text-align: center; vertical-align: middle;\">+ Jaroslav a Milan<\/td>\n<td style=\"text-align: center; vertical-align: middle;\">Ador\u00e1cia od 17:30<\/td>\n<\/tr>\n<tr>\n<td style=\"text-align: center; vertical-align: middle;\">Piatok 5.4.<\/td>\n<td style=\"text-align: center; vertical-align: middle;\"><strong>17:00<\/strong><\/p>\n<p><span style=\"color: #000000;\">18:00<\/span><\/td>\n<td style=\"text-align: center; vertical-align: middle;\"><span style=\"color: #808000;\">Piatok vo Ve\u013ekono\u010dnej okt\u00e1ve<\/span><\/p>\n<p><span style=\"color: #ff0000;\">Prv\u00fd piatok<\/span><\/td>\n<td style=\"text-align: center; vertical-align: middle;\"><strong>Bodice:<\/strong> na \u00famysel<\/p>\n<p>za zdravie a Bo\u017eie po\u017eehnanie<br \/>\npre matku, deti a\u00a0vn\u00fa\u010dat\u00e1<\/td>\n<td style=\"text-align: center; vertical-align: middle;\">&nbsp;<\/p>\n<p><em>Sv. om\u0161a za \u00fa\u010dasti det\u00ed<\/em><\/td>\n<\/tr>\n<tr>\n<td style=\"text-align: center; vertical-align: middle;\">Sobota 6.4.<\/td>\n<td style=\"text-align: center; vertical-align: middle;\">8:00<\/td>\n<td style=\"text-align: center; vertical-align: middle;\"><span style=\"color: #808000;\">Sobota vo Ve\u013ekono\u010dnej okt\u00e1ve<\/span><\/td>\n<td style=\"text-align: center; vertical-align: middle;\">za rodinu Plevov\u00fa<\/td>\n<td style=\"text-align: center; vertical-align: middle;\">Fatimsk\u00e1 pobo\u017enos\u0165 o 7:30<\/td>\n<\/tr>\n<tr>\n<td style=\"text-align: center; vertical-align: middle;\"><strong>Nede\u013ea 7.4.<\/strong><\/td>\n<td style=\"text-align: center; vertical-align: middle;\">7:00<\/p>\n<p><strong>8:15<\/strong><\/p>\n<p>9:45<\/td>\n<td style=\"text-align: center; vertical-align: middle;\"><span style=\"color: #808000;\"><strong>Druh\u00e1 ve\u013ekono\u010dn\u00e1 nede\u013ea<\/strong><\/span><\/p>\n<p><span style=\"color: #808000;\"><strong>Nede\u013ea Bo\u017eieho milosrdenstva<\/strong><\/span><\/td>\n<td style=\"text-align: center; vertical-align: middle;\">za veriacich<\/p>\n<p><strong>Bodice:<\/strong> na \u00famysel<\/p>\n<p>za dary D.S. a Bo\u017eiu pomoc pre Silviu<\/td>\n<td style=\"text-align: center; vertical-align: middle;\">Pobo\u017enos\u0165 k Bo\u017eiemu milosrdenstvu o\u00a015:00<\/td>\n<\/tr>\n<\/tbody>\n<\/table>\n<\/div>\n<ul>\n<li>namiesto modlitby <em>Anjel P\u00e1na<\/em> sa po\u010das cel\u00e9ho Ve\u013ekono\u010dn\u00e9ho obdobia modl\u00edme <strong><em>Raduj sa, nebies Kr\u00e1\u013eovn\u00e1<\/em><\/strong>.<\/li>\n<li>Bohuzn\u00e1mi na kr\u00ed\u017eov\u00fa cestu darovali 100, 100, 100, 100 a 100 \u20ac. P\u00e1n Boh zapla\u0165 a po\u017eehnaj v\u0161etk\u00fdch darcov.<\/li>\n<li>P\u00e1n Boh zapla\u0165 v\u0161etk\u00fdm, ktor\u00ed ste ak\u00fdmko\u013evek sp\u00f4sobom pomohli pri sl\u00e1ven\u00ed Ve\u013ekono\u010dn\u00fdch sviatkov &#8211; spev\u00e1kom, mini\u0161trantom, lektorom, v\u0161etk\u00fdm \u010do zdobili a upratovali kostol, v\u0161etk\u00fdm, \u010do ste ak\u00fdmko\u013evek sp\u00f4sobom prispeli k d\u00f4stojn\u00e9mu sl\u00e1veniu Ve\u013ekono\u010dn\u00fdch sviatkov.<\/li>\n<li>V\u00fdzva diec\u00e9zneho biskupa Mons. Franti\u0161ka Trstensk\u00e9ho &#8211; K\u0148azsk\u00e9 bratstvo sv\u00e4t\u00e9ho Pia X. <strong>nie je uznan\u00e9 Katol\u00edckou cirkvou<\/strong>. Odmieta u\u010denie II. Vatik\u00e1nskeho koncilu a je neposlu\u0161n\u00e9 vo\u010di p\u00e1pe\u017eovi. Preto veriacim <strong>neodpor\u00fa\u010dam z\u00fa\u010dast\u0148ova\u0165 sa<\/strong> na ich obradoch a k\u0148azom <strong>zakazujem poz\u00fdva\u0165 ich do farnost\u00ed<\/strong>.<\/li>\n<li>t\u00fato nede\u013eu sa za\u010d\u00edna 3. etapa pastora\u010dn\u00e9ho pl\u00e1nu Je\u017ei\u0161ova cesty do Emauz. Po\u010das tejto etapy budeme prehlbova\u0165 n\u00e1\u0161 vz\u0165ah k Eucharistii a nov\u00fdmi sp\u00f4sobmi objavova\u0165 mo\u017enosti, ako by\u0165 akt\u00edvnou s\u00fa\u010das\u0165ou ka\u017edej sv\u00e4tej om\u0161e. Na tento \u00fa\u010del sme pre v\u00e1s pripravili \u0161peci\u00e1lne pozv\u00e1nky, ktor\u00e9 si m\u00f4\u017eete zobra\u0165 pri v\u00fdchode z kostola. Pros\u00edm, v\u0161imnite si, \u017ee pozv\u00e1nka obsahuje n\u00e1vod, ako m\u00f4\u017eete prin\u00e1\u0161a\u0165 osobn\u00e9 obetn\u00e9 dary. Boh m\u00e1 moc premie\u0148a\u0165 v\u0161etko v na\u0161om \u017eivote. Sta\u010d\u00ed mu to da\u0165. Sl\u00e1venie Eucharistie je pre n\u00e1s kres\u0165anov miestom premeny. Nech rados\u0165 z vyk\u00fapenia prenikne na\u0161e \u017eivoty a spoj\u00ed ich s Kristovou dokonalou obetou!<\/li>\n<li>aj deti budeme v nasleduj\u00face mesiace viac <strong>orientova\u0165 smerom k Eucharistii, zvl\u00e1\u0161\u0165 tie prvoprijimaj\u00face<\/strong>. Pripravili sme na tento \u010das (dva mesiace) jednoduch\u00fd <strong>stierac\u00ed plag\u00e1t<\/strong>, nako\u013eko deti zaujal u\u017e v advente sp\u00f4sob ako odkr\u00fdvaj\u00fa a spozn\u00e1vaj\u00fa pravdy o Je\u017ei\u0161ovi. <strong>Stierac\u00ed plag\u00e1t<\/strong>, ktor\u00fd bude predstavova\u0165 obraz Eucharistie v mon\u0161trancii, n\u00e1m v jednotliv\u00e9 nedele bude pon\u00faka\u0165 <strong>kr\u00e1tku audio-katech\u00e9zku zameran\u00fa na Eucharistiu<\/strong>. Die\u0165a si ju v jednotliv\u00e9 nedele <strong>n\u00e1jde na\u010d\u00edtan\u00edm QR-k\u00f3du<\/strong>, ktor\u00fd objav\u00ed po zotren\u00ed pr\u00edslu\u0161n\u00e9ho okienka, a ktor\u00fd sa z\u00e1rove\u0148 uk\u00e1\u017ee ako vz\u00e1cny drahokam. Zaka\u017ed\u00fdm, ke\u010f spln\u00ed \u00falohu pre dan\u00fd t\u00fd\u017ede\u0148, bude m\u00f4c\u0165 <strong>odkry\u0165 mal\u00e9 drahokamy<\/strong>. Okrem toho bude tento plag\u00e1t pon\u00faka\u0165 aj miesta, ktor\u00e9 po zotret\u00ed op\u00e4\u0165 <strong>odhalia QR-k\u00f3d<\/strong>, ktor\u00fd bude skr\u00fdva\u0165 <strong>biblick\u00e9 pr\u00edbehy o Eucharistii<\/strong> alebo pr\u00edbeh<strong> o patr\u00f3noch prvoprijimaj\u00facich det\u00ed<\/strong>. Tento plag\u00e1t ver\u00edm, \u017ee v\u00e1m posl\u00fa\u017ei v najbli\u017e\u0161ie obdobie aby sme de\u0165om <strong>pribl\u00ed\u017eili vz\u00e1cny Je\u017ei\u0161ov dar &#8211; Eucharistiu<\/strong>.<\/li>\n<li>o upratovanie kostola pros\u00edm Ra\u010dkov\u00fa, Mra\u010dnov\u00fa, Tk\u00e1\u010dov\u00fa a Gub\u00e1\u0161ov\u00fa. P\u00e1n Boh zapla\u0165 za slu\u017ebu.<\/li>\n<\/ul>\n<h3 style=\"text-align: center; vertical-align: middle;\"><strong>PRAJEM V\u00c1M MILOSTIPLN\u00c9 VE\u013dKONO\u010cN\u00c9 SVIATKY<\/strong><\/h3>\n","protected":false},"excerpt":{"rendered":"<p>De\u0148 \u010cas Liturgick\u00fd kalend\u00e1r \u00damysel O\u010dak\u00e1vame Nede\u013ea 31.3. 7:00 8:15 9:45 Ve\u013ekono\u010dn\u00e1 nede\u013ea P\u00e1novho zm\u0155tvychvstania za zdravie a Bo\u017eie po\u017eehnanie pre Zdenku Bodice: na \u00famysel za veriacich 6:50 po\u017eehnanie ve\u013ekono\u010dn\u00fdch jed\u00e1l Pondelok 1.4. 8:15 9:45 Pondelok vo Ve\u013ekono\u010dnej okt\u00e1ve Bodice: na \u00famysel + Jozef Utorok 2.4. 18:00 Utorok vo Ve\u013ekono\u010dnej okt\u00e1ve + Ondrej a Eva [&hellip;]<\/p>\n","protected":false},"author":1,"featured_media":0,"comment_status":"closed","ping_status":"closed","sticky":false,"template":"","format":"standard","meta":{"_links_to":"","_links_to_target":""},"categories":[4,19],"tags":[],"_links":{"self":[{"href":"http:\/\/www.paludzka.fara.sk\/index.php?rest_route=\/wp\/v2\/posts\/4200"}],"collection":[{"href":"http:\/\/www.paludzka.fara.sk\/index.php?rest_route=\/wp\/v2\/posts"}],"about":[{"href":"http:\/\/www.paludzka.fara.sk\/index.php?rest_route=\/wp\/v2\/types\/post"}],"author":[{"embeddable":true,"href":"http:\/\/www.paludzka.fara.sk\/index.php?rest_route=\/wp\/v2\/users\/1"}],"replies":[{"embeddable":true,"href":"http:\/\/www.paludzka.fara.sk\/index.php?rest_route=%2Fwp%2Fv2%2Fcomments&post=4200"}],"version-history":[{"count":3,"href":"http:\/\/www.paludzka.fara.sk\/index.php?rest_route=\/wp\/v2\/posts\/4200\/revisions"}],"predecessor-version":[{"id":4223,"href":"http:\/\/www.paludzka.fara.sk\/index.php?rest_route=\/wp\/v2\/posts\/4200\/revisions\/4223"}],"wp:attachment":[{"href":"http:\/\/www.paludzka.fara.sk\/index.php?rest_route=%2Fwp%2Fv2%2Fmedia&parent=4200"}],"wp:term":[{"taxonomy":"category","embeddable":true,"href":"http:\/\/www.paludzka.fara.sk\/index.php?rest_route=%2Fwp%2Fv2%2Fcategories&post=4200"},{"taxonomy":"post_tag","embeddable":true,"href":"http:\/\/www.paludzka.fara.sk\/index.php?rest_route=%2Fwp%2Fv2%2Ftags&post=4200"}],"curies":[{"name":"wp","href":"https:\/\/api.w.org\/{rel}","templated":true}]}}