
{"id":4152,"date":"2024-03-24T00:00:01","date_gmt":"2024-03-23T23:00:01","guid":{"rendered":"http:\/\/www.paludzka.fara.sk\/?p=4152"},"modified":"2024-03-23T21:03:20","modified_gmt":"2024-03-23T20:03:20","slug":"farske-oznamy-24-3-31-3-2024","status":"publish","type":"post","link":"http:\/\/www.paludzka.fara.sk\/?p=4152","title":{"rendered":"Farsk\u00e9 oznamy 24.3.-31.3.2024"},"content":{"rendered":"<div class=\"table-responsive\">\n<table class=\"table table-bordered\">\n<thead>\n<tr>\n<th style=\"text-align: center; vertical-align: middle;\">De\u0148<\/th>\n<th style=\"text-align: center; vertical-align: middle;\">\u010cas<\/th>\n<th style=\"text-align: center; vertical-align: middle;\">Liturgick\u00fd kalend\u00e1r<\/th>\n<th style=\"text-align: center; vertical-align: middle;\">\u00damysel<\/th>\n<th style=\"text-align: center; vertical-align: middle;\">O\u010dak\u00e1vame<\/th>\n<\/tr>\n<\/thead>\n<tbody>\n<tr>\n<td style=\"text-align: center; vertical-align: middle;\"><strong>Nede\u013ea 24.3.<\/strong><\/td>\n<td style=\"text-align: center; vertical-align: middle;\">7:00<\/p>\n<p><strong>8:15<\/strong><\/p>\n<p>9:45<\/td>\n<td style=\"text-align: center; vertical-align: middle;\"><span style=\"color: #ff0000;\"><strong>Palmov\u00e1 (Kvetn\u00e1) nede\u013ea<\/strong><\/span><\/p>\n<p><span style=\"color: #ff0000;\"><strong>Nede\u013ea utrpenia P\u00e1na<\/strong><\/span><\/td>\n<td style=\"text-align: center; vertical-align: middle;\">za veriacich<\/p>\n<p><strong>Bodice:<\/strong> na \u00famysel<\/p>\n<p>za zdravie a Bo\u017eie po\u017eehnanie<br \/>\npre rodinu \u017duffov\u00fa<\/td>\n<td style=\"text-align: center; vertical-align: middle;\"><em>po\u017eehnanie ratolest\u00ed <\/em><\/p>\n<p>kr\u00ed\u017eov\u00e1 cesta o 14:00 &#8211; lektori (za nenaroden\u00e9 deti)<\/p>\n<p><span style=\"color: #ff0000;\">sviatos\u0165 zmierenia v L. Mikul\u00e1\u0161i 16:00 &#8211; 18:00<\/span><\/td>\n<\/tr>\n<tr>\n<td style=\"text-align: center; vertical-align: middle;\">Pondelok 25.3.<\/td>\n<td style=\"text-align: center; vertical-align: middle;\"><span style=\"color: #000000;\">18:00<\/span><\/td>\n<td style=\"text-align: center; vertical-align: middle;\">\n<p style=\"text-align: center; vertical-align: middle;\"><span style=\"color: #800080;\">Pondelok Sv\u00e4t\u00e9ho t\u00fd\u017ed\u0148a<\/span><\/p>\n<\/td>\n<td style=\"text-align: center; vertical-align: middle;\">+ Pavol<\/td>\n<td style=\"text-align: center; vertical-align: middle;\">sviatos\u0165 zmierenia od 17:30<\/p>\n<p>zasv\u00e4tenie Nepo\u0161kvrnen\u00e9mu Srdcu Panny M\u00e1rie<\/p>\n<p>po sv. om\u0161i zapisovanie \u00famyslov sv. om\u0161\u00ed na mesiac apr\u00edl<\/td>\n<\/tr>\n<tr>\n<td style=\"text-align: center; vertical-align: middle;\">Utorok 26.3.<\/td>\n<td style=\"text-align: center; vertical-align: middle;\"><span style=\"color: #000000;\">18:00<\/span><\/td>\n<td style=\"text-align: center; vertical-align: middle;\"><span style=\"color: #800080;\">Utorok Sv\u00e4t\u00e9ho t\u00fd\u017ed\u0148a<\/span><\/td>\n<td style=\"text-align: center; vertical-align: middle;\">+ Flori\u00e1n, Agne\u0161a \u0160robovi<\/td>\n<td style=\"text-align: center; vertical-align: middle;\">sviatos\u0165 zmierenia od 17:30<\/td>\n<\/tr>\n<tr>\n<td style=\"text-align: center; vertical-align: middle;\">Streda 27.3.<\/td>\n<td style=\"text-align: center; vertical-align: middle;\">7:00<\/td>\n<td style=\"text-align: center; vertical-align: middle;\"><span style=\"color: #800080;\">Streda Sv\u00e4t\u00e9ho t\u00fd\u017ed\u0148a<\/span><\/td>\n<td style=\"text-align: center; vertical-align: middle;\">+ syn Du\u0161an, sestra Hanka a rodi\u010dia<\/td>\n<td style=\"text-align: center; vertical-align: middle;\">n\u00e1v\u0161teva chor\u00fdch pred Ve\u013ekou nocou od 8:00<\/td>\n<\/tr>\n<tr>\n<td style=\"text-align: center; vertical-align: middle;\">\u0160tvrtok 28.3.<\/td>\n<td style=\"text-align: center; vertical-align: middle;\"><span style=\"color: #000000;\">18:00<\/span><\/td>\n<td style=\"text-align: center; vertical-align: middle;\"><span style=\"color: #808000;\">\u0160tvrtok Sv\u00e4t\u00e9ho t\u00fd\u017ed\u0148a<\/span><\/td>\n<td style=\"text-align: center; vertical-align: middle;\">za rodinu<\/td>\n<td style=\"text-align: center; vertical-align: middle;\">poklona do 20:00<\/td>\n<\/tr>\n<tr>\n<td style=\"text-align: center; vertical-align: middle;\">Piatok 29.3.<\/td>\n<td style=\"text-align: center; vertical-align: middle;\"><span style=\"color: #000000;\">15:00<\/span><\/td>\n<td style=\"text-align: center; vertical-align: middle;\"><span style=\"color: #ff0000;\">Piatok utrpenia P\u00e1na (Ve\u013ek\u00fd piatok)<\/span><\/p>\n<p><span style=\"color: #ff0000;\">sl\u00e1venie utrpenia a smrti P\u00e1na<\/span><\/td>\n<td style=\"text-align: center; vertical-align: middle;\">&#8212;&#8212;&#8212;&#8212;&#8212;<\/td>\n<td style=\"text-align: center; vertical-align: middle;\"><span style=\"color: #ff0000;\">de\u0148 pr\u00edsneho p\u00f4stu<\/span><\/p>\n<p>kr\u00ed\u017eov\u00e1 cesta o 10:00<\/p>\n<p>poklona Je\u017ei\u0161ovi v hrobe do 18:00<\/p>\n<p>nov\u00e9na pred nede\u013eou Bo\u017eieho milosrdenstva<\/td>\n<\/tr>\n<tr>\n<td style=\"text-align: center; vertical-align: middle;\">Sobota 30.3.<\/td>\n<td style=\"text-align: center; vertical-align: middle;\">18:30<\/td>\n<td style=\"text-align: center; vertical-align: middle;\"><span style=\"color: #808000;\">Ve\u013ekono\u010dn\u00e1 vig\u00edlia vo Sv\u00e4tej noci<\/span><\/td>\n<td style=\"text-align: center; vertical-align: middle;\">na \u00famysel<\/td>\n<td style=\"text-align: center; vertical-align: middle;\">poklona Je\u017ei\u0161ovi v hrobe od 12:00 do 18:15<\/td>\n<\/tr>\n<tr>\n<td style=\"text-align: center; vertical-align: middle;\"><strong>Nede\u013ea 31.3.<\/strong><\/td>\n<td style=\"text-align: center; vertical-align: middle;\">7:00<\/p>\n<p><strong>8:15<\/strong><\/p>\n<p>9:45<\/td>\n<td style=\"text-align: center; vertical-align: middle;\"><span style=\"color: #808000;\"><strong>Ve\u013ekono\u010dn\u00e1 nede\u013ea P\u00e1novho zm\u0155tvychvstania<\/strong><\/span><\/td>\n<td style=\"text-align: center; vertical-align: middle;\">na \u00famysel ordin\u00e1ra<\/p>\n<p><strong>Bodice:<\/strong> na \u00famysel<\/p>\n<p>za veriacich<\/td>\n<td style=\"text-align: center; vertical-align: middle;\">6:50 po\u017eehnanie ve\u013ekono\u010dn\u00fdch jed\u00e1l<\/td>\n<\/tr>\n<\/tbody>\n<\/table>\n<\/div>\n<ul>\n<li>dne\u0161n\u00fdm d\u0148om za\u010d\u00edna Sv\u00e4t\u00fd t\u00fd\u017ede\u0148. P\u00f4stne obdobie pokra\u010duje a\u017e do \u0161tvrtku P\u00e1novej ve\u010dere. Ve\u013ekono\u010dn\u00e9 trojdnie za\u010d\u00edna vo \u0161tvrtok ve\u010dernou sv. om\u0161ou na pamiatku P\u00e1novej ve\u010dere a kon\u010d\u00ed sa ve\u0161perami Nedele P\u00e1novho zm\u0155tvychvstania. \u00dapln\u00e9 odpustky za zvy\u010dajn\u00fdch podmienok mo\u017eno z\u00edska\u0165: pri verejnej ador\u00e1cii Olt\u00e1rnej sviatosti vo \u0160tvrtok P\u00e1novej ve\u010dere recitovan\u00edm alebo spevom Ct\u00edme t\u00fato Sviatos\u0165 sl\u00e1vnu; za n\u00e1bo\u017en\u00fa \u00fa\u010das\u0165 poklony kr\u00ed\u017ea pri liturgickom sl\u00e1ven\u00ed v Piatok utrpenia P\u00e1na; za obnovu krstn\u00fdch s\u013eubov pri sl\u00e1ven\u00ed Ve\u013ekono\u010dnej vig\u00edlie.<\/li>\n<li>v noci zo soboty na nede\u013eu (30.3. \u2013 31.3.) je zmena \u010dasu SE\u010c na SEL\u010c, s \u010dasov\u00fdm posunom o jednu hodinu dopredu.<\/li>\n<li>zbierka na pomoc prenasledovan\u00fdm kres\u0165anom a vojnov\u00fdm ute\u010dencom bola 300 \u20ac. Z toho 35 \u20ac obetovali \u010dlenovia ru\u017eencov\u00e9ho spolo\u010denstva. P\u00e1n Boh zapla\u0165.<\/li>\n<li>Bohuzn\u00e1ma na potreby farnosti obetovala 200 \u20ac. Bohuzn\u00e1my na kr\u00ed\u017eov\u00fa cestu daroval 50 \u20ac. P\u00e1n Boh zapla\u0165.<\/li>\n<li>o upratovanie kostola pros\u00edm rodiny Ra\u010dkov\u00fa, Mra\u010dnov\u00fa, Tk\u00e1\u010dov\u00fa a Gub\u00e1\u0161ov\u00fa. Upratovanie bude v sobotu. P\u00e1n Boh zapla\u0165 za slu\u017ebu.<\/li>\n<\/ul>\n<h3 style=\"text-align: center; vertical-align: middle;\"><strong>PRAJEM V\u00c1M MILOSTIPLN\u00c9 VE\u013dKONO\u010cN\u00c9 SVIATKY<\/strong><\/h3>\n","protected":false},"excerpt":{"rendered":"<p>De\u0148 \u010cas Liturgick\u00fd kalend\u00e1r \u00damysel O\u010dak\u00e1vame Nede\u013ea 24.3. 7:00 8:15 9:45 Palmov\u00e1 (Kvetn\u00e1) nede\u013ea Nede\u013ea utrpenia P\u00e1na za veriacich Bodice: na \u00famysel za zdravie a Bo\u017eie po\u017eehnanie pre rodinu \u017duffov\u00fa po\u017eehnanie ratolest\u00ed kr\u00ed\u017eov\u00e1 cesta o 14:00 &#8211; lektori (za nenaroden\u00e9 deti) sviatos\u0165 zmierenia v L. Mikul\u00e1\u0161i 16:00 &#8211; 18:00 Pondelok 25.3. 18:00 Pondelok Sv\u00e4t\u00e9ho t\u00fd\u017ed\u0148a [&hellip;]<\/p>\n","protected":false},"author":1,"featured_media":0,"comment_status":"closed","ping_status":"closed","sticky":false,"template":"","format":"standard","meta":{"_links_to":"","_links_to_target":""},"categories":[4,19],"tags":[],"_links":{"self":[{"href":"http:\/\/www.paludzka.fara.sk\/index.php?rest_route=\/wp\/v2\/posts\/4152"}],"collection":[{"href":"http:\/\/www.paludzka.fara.sk\/index.php?rest_route=\/wp\/v2\/posts"}],"about":[{"href":"http:\/\/www.paludzka.fara.sk\/index.php?rest_route=\/wp\/v2\/types\/post"}],"author":[{"embeddable":true,"href":"http:\/\/www.paludzka.fara.sk\/index.php?rest_route=\/wp\/v2\/users\/1"}],"replies":[{"embeddable":true,"href":"http:\/\/www.paludzka.fara.sk\/index.php?rest_route=%2Fwp%2Fv2%2Fcomments&post=4152"}],"version-history":[{"count":5,"href":"http:\/\/www.paludzka.fara.sk\/index.php?rest_route=\/wp\/v2\/posts\/4152\/revisions"}],"predecessor-version":[{"id":4154,"href":"http:\/\/www.paludzka.fara.sk\/index.php?rest_route=\/wp\/v2\/posts\/4152\/revisions\/4154"}],"wp:attachment":[{"href":"http:\/\/www.paludzka.fara.sk\/index.php?rest_route=%2Fwp%2Fv2%2Fmedia&parent=4152"}],"wp:term":[{"taxonomy":"category","embeddable":true,"href":"http:\/\/www.paludzka.fara.sk\/index.php?rest_route=%2Fwp%2Fv2%2Fcategories&post=4152"},{"taxonomy":"post_tag","embeddable":true,"href":"http:\/\/www.paludzka.fara.sk\/index.php?rest_route=%2Fwp%2Fv2%2Ftags&post=4152"}],"curies":[{"name":"wp","href":"https:\/\/api.w.org\/{rel}","templated":true}]}}