
{"id":413,"date":"2018-03-25T00:00:56","date_gmt":"2018-03-24T23:00:56","guid":{"rendered":"http:\/\/www.paludzka.fara.sk\/?p=413"},"modified":"2018-03-30T23:00:31","modified_gmt":"2018-03-30T21:00:31","slug":"farske-oznamy-na-velky-tyzden-25-3-2-4-2018","status":"publish","type":"post","link":"http:\/\/www.paludzka.fara.sk\/?p=413","title":{"rendered":"Farsk\u00e9 oznamy na Ve\u013ek\u00fd t\u00fd\u017ede\u0148 25.3.-1.4.2018"},"content":{"rendered":"<h3 style=\"text-align: center;\">Liturgick\u00fd preh\u013ead a program bohoslu\u017eieb na t\u00fd\u017ede\u0148 25.3. &#8211; 1.4. 2018<\/h3>\n<p><strong>Oznamy pre farsk\u00fd kostol:<\/strong><\/p>\n<div class=\"table-responsive\">\n<table class=\"table table-bordered\">\n<thead>\n<tr>\n<th style=\"text-align: center;\">d\u00e1tum<\/th>\n<th style=\"text-align: center;\">sv. om\u0161a<\/th>\n<th style=\"text-align: center;\">liturgick\u00fd de\u0148<\/th>\n<th style=\"text-align: center;\">\u00famysel<\/th>\n<\/tr>\n<\/thead>\n<tbody>\n<tr>\n<td style=\"text-align: center;\"><strong>Nede\u013ea 25.3.<\/strong><\/td>\n<td style=\"text-align: center;\"><strong>9:30<\/strong><\/td>\n<td style=\"text-align: center;\"><strong>Kvetn\u00e1 nede\u013ea &#8211; nede\u013ea utrpenia P\u00e1na<\/strong><\/td>\n<td style=\"text-align: center;\"><strong>za farnos\u0165<\/strong><\/td>\n<\/tr>\n<tr>\n<td style=\"text-align: center;\">Pondelok 26.3.<\/td>\n<td style=\"text-align: center;\">18:00<\/td>\n<td style=\"text-align: center;\">Pondelok Ve\u013ek\u00e9ho t\u00fd\u017ed\u0148a<\/td>\n<td style=\"text-align: center;\">+ Du\u0161an<\/td>\n<\/tr>\n<tr>\n<td style=\"text-align: center;\">Utorok 27.3.<\/td>\n<td style=\"text-align: center;\">18:00<\/td>\n<td style=\"text-align: center;\">Utorok Ve\u013ek\u00e9ho t\u00fd\u017ed\u0148a<\/td>\n<td style=\"text-align: center;\">na \u00famysel<\/td>\n<\/tr>\n<tr>\n<td style=\"text-align: center;\">Streda 28.3.<\/td>\n<td style=\"text-align: center;\">7:00<\/td>\n<td style=\"text-align: center;\">Streda Ve\u013ek\u00e9ho t\u00fd\u017ed\u0148a<\/td>\n<td style=\"text-align: center;\">+ J\u00e1n, \u017dofia a rodi\u010dia<\/td>\n<\/tr>\n<tr>\n<td style=\"text-align: center;\">\u0160tvrtok 29.3.<\/td>\n<td style=\"text-align: center;\"><strong>18:00<\/strong><\/td>\n<td style=\"text-align: center;\"><strong>\u0160tvrtok Ve\u013ek\u00e9ho t\u00fd\u017ed\u0148a<\/strong><\/p>\n<p><strong>Zelen\u00fd \u0161tvrtok P\u00e1novej ve\u010dere<\/strong><\/td>\n<td style=\"text-align: center;\">+ Ondrej, Eva<\/td>\n<\/tr>\n<tr>\n<td style=\"text-align: center;\">Piatok 30.3.<\/td>\n<td style=\"text-align: center;\"><strong>15:00<\/strong><\/td>\n<td style=\"text-align: center;\"><strong>Ve\u013ek\u00fd Piatok<\/strong><\/p>\n<p><strong>Sl\u00e1nos\u0165 utrpenia a smrti P\u00e1na<\/strong><\/p>\n<p>(obrady)<\/td>\n<td style=\"text-align: center;\"><\/td>\n<\/tr>\n<tr>\n<td style=\"text-align: center;\">Sobota 31.3.<\/td>\n<td style=\"text-align: center;\"><strong>18:30<\/strong><\/td>\n<td style=\"text-align: center;\"><strong>Biela Sobota<\/strong><\/p>\n<p><strong>Ve\u013ekono\u010dn\u00e1 vig\u00edlia<\/strong><\/td>\n<td style=\"text-align: center;\"><\/td>\n<\/tr>\n<tr>\n<td style=\"text-align: center;\"><strong>Nede\u013ea 1.4.<\/strong><\/td>\n<td style=\"text-align: center;\"><strong>9:30<\/strong><\/td>\n<td style=\"text-align: center;\"><strong>Ve\u013ekono\u010dn\u00e1 nede\u013ea P\u00e1novho zm\u0155tv\u00fdchvstania<\/strong><\/td>\n<td style=\"text-align: center;\"><strong>za farnos\u0165<\/strong><\/td>\n<\/tr>\n<\/tbody>\n<\/table>\n<\/div>\n<p><strong>Oznamy pre fili\u00e1lku Bodice:<\/strong><\/p>\n<div class=\"table-responsive\">\n<table class=\"table table-bordered\">\n<thead>\n<tr>\n<th style=\"text-align: center;\">d\u00e1tum<\/th>\n<th style=\"text-align: center;\">sv. om\u0161a<\/th>\n<th style=\"text-align: center;\">liturgick\u00fd de\u0148<\/th>\n<\/tr>\n<\/thead>\n<tbody>\n<tr>\n<td style=\"text-align: center;\"><strong>Nede\u013ea 25.3.<\/strong><\/td>\n<td style=\"text-align: center;\"><b>8:00<\/b><\/td>\n<td style=\"text-align: center;\"><strong>Kvetn\u00e1 nede\u013ea &#8211; nede\u013ea utrpenia P\u00e1na<\/strong><\/td>\n<\/tr>\n<tr>\n<td style=\"text-align: center;\"><strong>Nede\u013ea 1.4.<\/strong><\/td>\n<td style=\"text-align: center;\"><strong style=\"font-family: inherit; font-size: inherit;\">8:00<\/strong><\/td>\n<td style=\"text-align: center;\"><strong>Ve\u013ekono\u010dn\u00e1 nede\u013ea P\u00e1novho zm\u0155tv\u00fdchvstania<\/strong><\/td>\n<\/tr>\n<\/tbody>\n<\/table>\n<\/div>\n<ul>\n<li>na Zelen\u00fd \u0161tvrtok bude od 19:30 do 21:00 poklona k najsv\u00e4tej\u0161ej sviatosti olt\u00e1rnej (bdenie s Je\u017ei\u0161om v Getsemanskej z\u00e1hrade)<\/li>\n<li>na Ve\u013ek\u00fd piatok je za\u010diatok obradov o 15:00. K obradom si m\u00f4\u017eete prinies\u0165 kr\u00ed\u017ee, ktor\u00e9 bud\u00fa po\u010das obradov po\u017eehnan\u00e9.<\/li>\n<li>na Ve\u013ek\u00fd piatok o 18:00 n\u00e1sledne bude sl\u00e1vnostn\u00e1 kr\u00ed\u017eov\u00e1 cesta<\/li>\n<li>na Ve\u013ek\u00fd piatok po\u010das cel\u00e9ho d\u0148a zachov\u00e1vame pr\u00edsny p\u00f4st<\/li>\n<li>na Bielu sobotu bude v \u010dase 09:00 &#8211; 18:00 poklona pri Bo\u017eom hrobe<\/li>\n<li>na Bielu sobotu si k obradom (za\u010d\u00ednaj\u00fa o 18:30) m\u00f4\u017eete prinies\u0165 sviece<\/li>\n<li>na Ve\u013ekono\u010dn\u00fa nede\u013eu bude o 07:00 posviacka ve\u013ekono\u010dn\u00fdch jed\u00e1l<\/li>\n<li>na Ve\u013ekono\u010dn\u00fa nede\u013eu bud\u00fa o 15:00 sl\u00e1vnostn\u00e9 ve\u0161pery<\/li>\n<li>upratovanie kostola v tomto t\u00fd\u017edni: Kostoln\u00e1, Dia\u010dikov\u00e1, Korman\u00edkov\u00e1, S\u00e1lusov\u00e1. P\u00e1n Boh zapla\u0165 za v\u00e1\u0161 \u010das a obetu.<\/li>\n<\/ul>\n","protected":false},"excerpt":{"rendered":"<p>Liturgick\u00fd preh\u013ead a program bohoslu\u017eieb na t\u00fd\u017ede\u0148 25.3. &#8211; 1.4. 2018 Oznamy pre farsk\u00fd kostol: d\u00e1tum sv. om\u0161a liturgick\u00fd de\u0148 \u00famysel Nede\u013ea 25.3. 9:30 Kvetn\u00e1 nede\u013ea &#8211; nede\u013ea utrpenia P\u00e1na za farnos\u0165 Pondelok 26.3. 18:00 Pondelok Ve\u013ek\u00e9ho t\u00fd\u017ed\u0148a + Du\u0161an Utorok 27.3. 18:00 Utorok Ve\u013ek\u00e9ho t\u00fd\u017ed\u0148a na \u00famysel Streda 28.3. 7:00 Streda Ve\u013ek\u00e9ho t\u00fd\u017ed\u0148a + [&hellip;]<\/p>\n","protected":false},"author":1,"featured_media":0,"comment_status":"open","ping_status":"open","sticky":false,"template":"","format":"standard","meta":{"_links_to":"","_links_to_target":""},"categories":[4,19],"tags":[],"_links":{"self":[{"href":"http:\/\/www.paludzka.fara.sk\/index.php?rest_route=\/wp\/v2\/posts\/413"}],"collection":[{"href":"http:\/\/www.paludzka.fara.sk\/index.php?rest_route=\/wp\/v2\/posts"}],"about":[{"href":"http:\/\/www.paludzka.fara.sk\/index.php?rest_route=\/wp\/v2\/types\/post"}],"author":[{"embeddable":true,"href":"http:\/\/www.paludzka.fara.sk\/index.php?rest_route=\/wp\/v2\/users\/1"}],"replies":[{"embeddable":true,"href":"http:\/\/www.paludzka.fara.sk\/index.php?rest_route=%2Fwp%2Fv2%2Fcomments&post=413"}],"version-history":[{"count":6,"href":"http:\/\/www.paludzka.fara.sk\/index.php?rest_route=\/wp\/v2\/posts\/413\/revisions"}],"predecessor-version":[{"id":434,"href":"http:\/\/www.paludzka.fara.sk\/index.php?rest_route=\/wp\/v2\/posts\/413\/revisions\/434"}],"wp:attachment":[{"href":"http:\/\/www.paludzka.fara.sk\/index.php?rest_route=%2Fwp%2Fv2%2Fmedia&parent=413"}],"wp:term":[{"taxonomy":"category","embeddable":true,"href":"http:\/\/www.paludzka.fara.sk\/index.php?rest_route=%2Fwp%2Fv2%2Fcategories&post=413"},{"taxonomy":"post_tag","embeddable":true,"href":"http:\/\/www.paludzka.fara.sk\/index.php?rest_route=%2Fwp%2Fv2%2Ftags&post=413"}],"curies":[{"name":"wp","href":"https:\/\/api.w.org\/{rel}","templated":true}]}}