
{"id":410,"date":"2018-03-18T00:00:57","date_gmt":"2018-03-17T23:00:57","guid":{"rendered":"http:\/\/www.paludzka.fara.sk\/?p=410"},"modified":"2018-03-18T23:43:21","modified_gmt":"2018-03-18T22:43:21","slug":"farske-oznamy-18-3-25-3-2018","status":"publish","type":"post","link":"http:\/\/www.paludzka.fara.sk\/?p=410","title":{"rendered":"Farsk\u00e9 oznamy 18.3.-25.3.2018"},"content":{"rendered":"<h3 style=\"text-align: center;\">Liturgick\u00fd preh\u013ead a program bohoslu\u017eieb na t\u00fd\u017ede\u0148 18.3. &#8211; 25.3. 2018<\/h3>\n<p><strong>Oznamy pre farsk\u00fd kostol:<\/strong><\/p>\n<div class=\"table-responsive\">\n<table class=\"table table-bordered\">\n<thead>\n<tr>\n<th style=\"text-align: center;\">d\u00e1tum<\/th>\n<th style=\"text-align: center;\">sv. om\u0161a<\/th>\n<th style=\"text-align: center;\">liturgick\u00fd de\u0148<\/th>\n<th style=\"text-align: center;\">\u00famysel<\/th>\n<\/tr>\n<\/thead>\n<tbody>\n<tr>\n<td style=\"text-align: center;\"><strong>Nede\u013ea 18.3.<\/strong><\/td>\n<td style=\"text-align: center;\"><strong>9:30<\/strong><\/td>\n<td style=\"text-align: center;\"><strong>5. p\u00f4stna nede\u013ea<\/strong><\/td>\n<td style=\"text-align: center;\"><strong>za farnos\u0165<\/strong><\/td>\n<\/tr>\n<tr>\n<td style=\"text-align: center;\">Pondelok 19.3.<\/td>\n<td style=\"text-align: center;\">18:00<\/td>\n<td style=\"text-align: center;\">Sv\u00e4t\u00e9ho Jozefa, \u017een\u00edcha M\u00e1rie<\/td>\n<td style=\"text-align: center;\">+ Jozef, Jozef, Jozef<\/td>\n<\/tr>\n<tr>\n<td style=\"text-align: center;\">Utorok 20.3.<\/td>\n<td style=\"text-align: center;\">18:00<\/td>\n<td style=\"text-align: center;\">Utorok po 5. p\u00f4stnej nedeli<\/td>\n<td style=\"text-align: center;\">+ Jozef, Jaroslav<\/td>\n<\/tr>\n<tr>\n<td style=\"text-align: center;\">Streda 21.3.<\/td>\n<td style=\"text-align: center;\">18:00<\/td>\n<td style=\"text-align: center;\">Sv\u00e4t\u00e1 om\u0161a ku cti sv. Rity z\u00a0Cascie<\/p>\n<p>\u013eubovo\u013en\u00e1 spomienka<\/td>\n<td style=\"text-align: center;\">+ Jozef<\/td>\n<\/tr>\n<tr>\n<td style=\"text-align: center;\">\u0160tvrtok 22.3.<\/td>\n<td style=\"text-align: center;\">7:00<\/td>\n<td style=\"text-align: center;\">\u0160tvrtok po 5. p\u00f4stnej nedeli<\/td>\n<td style=\"text-align: center;\">+ Gabriela<\/td>\n<\/tr>\n<tr>\n<td style=\"text-align: center;\">Piatok 23.3.<\/td>\n<td style=\"text-align: center;\">18:00<\/td>\n<td style=\"text-align: center;\">Piatok po 5. p\u00f4stnej nedeli<\/td>\n<td style=\"text-align: center;\">+ Daniel, Andrea<\/td>\n<\/tr>\n<tr>\n<td style=\"text-align: center;\">Sobota 24.3.<\/td>\n<td style=\"text-align: center;\">8:00<\/td>\n<td style=\"text-align: center;\">Sobota po 5. p\u00f4stnej nedeli<\/td>\n<td style=\"text-align: center;\">na \u00famysel<\/td>\n<\/tr>\n<tr>\n<td style=\"text-align: center;\"><strong>Nede\u013ea 25.3.<\/strong><\/td>\n<td style=\"text-align: center;\"><strong>9:30<\/strong><\/td>\n<td style=\"text-align: center;\"><strong>Kvetn\u00e1 nede\u013ea &#8211; nede\u013ea utrpenia P\u00e1na<\/strong><\/td>\n<td style=\"text-align: center;\"><strong>za farnos\u0165<\/strong><\/td>\n<\/tr>\n<\/tbody>\n<\/table>\n<\/div>\n<p><strong>Oznamy pre fili\u00e1lku Bodice:<\/strong><\/p>\n<div class=\"table-responsive\">\n<table class=\"table table-bordered\">\n<thead>\n<tr>\n<th style=\"text-align: center;\">d\u00e1tum<\/th>\n<th style=\"text-align: center;\">sv. om\u0161a<\/th>\n<th style=\"text-align: center;\">liturgick\u00fd de\u0148<\/th>\n<\/tr>\n<\/thead>\n<tbody>\n<tr>\n<td style=\"text-align: center;\"><strong>Nede\u013ea 18.3.<\/strong><\/td>\n<td style=\"text-align: center;\"><b>8:00<\/b><\/td>\n<td style=\"text-align: center;\"><strong>5. p\u00f4stna nede\u013ea<\/strong><\/td>\n<\/tr>\n<tr>\n<td style=\"text-align: center;\"><strong>Nede\u013ea 25.3.<\/strong><\/td>\n<td style=\"text-align: center;\"><strong style=\"font-family: inherit; font-size: inherit;\">8:00<\/strong><\/td>\n<td style=\"text-align: center;\"><strong>Kvetn\u00e1 nede\u013ea &#8211; nede\u013ea utrpenia P\u00e1na<\/strong><\/td>\n<\/tr>\n<\/tbody>\n<\/table>\n<ul>\n<li>dnes je celoslovensk\u00e1 zbierka pre prenasledovan\u00fdch kres\u0165anov a\u00a0ute\u010dencov<\/li>\n<li>dnes o 15:00 bude kr\u00ed\u017eov\u00e1 cesta det\u00ed a ml\u00e1de\u017ee na\u0161ej farnosti<\/li>\n<li>ve\u013ekono\u010dn\u00e1 sv\u00e4t\u00e1 spove\u010f bude v\u00a0piatok 23.3.2018 v \u010dase 15:30 \u2013 17:00<\/li>\n<li>po\u010das ve\u010dernej sv\u00e4tej om\u0161e v piatok 23.3.2018 bude udelen\u00e1 sviatos\u0165 pomazania chor\u00fdch<\/li>\n<li>vo \u0161tvrtok medzi 9:00 \u2013 12:00 nav\u0161t\u00edvim chor\u00fdch<\/li>\n<li>v p\u00f4stnom obdob\u00ed sa budeme stret\u00e1va\u0165 pri pobo\u017enosti Kr\u00ed\u017eovej cesty v\u00a0piatok o\u00a017:30<\/li>\n<li>spevokol dospel\u00fdch m\u00e1 n\u00e1cvik v pondelok po sv\u00e4tej om\u0161i<\/li>\n<li>na bud\u00facu nede\u013eu je Kvetn\u00e1 nede\u013ea. Po\u010das sv. om\u0161e bud\u00fa po\u017eehn\u00e1van\u00e9 ratolesti (bahniatka\/ma\u0148u\u0161ky), ktor\u00e9 si m\u00f4\u017eete so sebou prinies\u0165. Po\u010das sv. om\u0161e zaznej\u00fa pa\u0161ie.<\/li>\n<li>upratovanie kostola v tomto t\u00fd\u017edni:\u00a0Kolen\u010d\u00edkov\u00e1, Kov\u00e1\u010dov\u00e1, Slavkovsk\u00e1, Ko\u0161\u00fatov\u00e1. P\u00e1n Boh zapla\u0165 za v\u00e1\u0161 \u010das a obetu<\/li>\n<\/ul>\n<\/div>\n","protected":false},"excerpt":{"rendered":"<p>Liturgick\u00fd preh\u013ead a program bohoslu\u017eieb na t\u00fd\u017ede\u0148 18.3. &#8211; 25.3. 2018 Oznamy pre farsk\u00fd kostol: d\u00e1tum sv. om\u0161a liturgick\u00fd de\u0148 \u00famysel Nede\u013ea 18.3. 9:30 5. p\u00f4stna nede\u013ea za farnos\u0165 Pondelok 19.3. 18:00 Sv\u00e4t\u00e9ho Jozefa, \u017een\u00edcha M\u00e1rie + Jozef, Jozef, Jozef Utorok 20.3. 18:00 Utorok po 5. p\u00f4stnej nedeli + Jozef, Jaroslav Streda 21.3. 18:00 Sv\u00e4t\u00e1 [&hellip;]<\/p>\n","protected":false},"author":1,"featured_media":0,"comment_status":"open","ping_status":"open","sticky":false,"template":"","format":"standard","meta":{"_links_to":"","_links_to_target":""},"categories":[4,19],"tags":[],"_links":{"self":[{"href":"http:\/\/www.paludzka.fara.sk\/index.php?rest_route=\/wp\/v2\/posts\/410"}],"collection":[{"href":"http:\/\/www.paludzka.fara.sk\/index.php?rest_route=\/wp\/v2\/posts"}],"about":[{"href":"http:\/\/www.paludzka.fara.sk\/index.php?rest_route=\/wp\/v2\/types\/post"}],"author":[{"embeddable":true,"href":"http:\/\/www.paludzka.fara.sk\/index.php?rest_route=\/wp\/v2\/users\/1"}],"replies":[{"embeddable":true,"href":"http:\/\/www.paludzka.fara.sk\/index.php?rest_route=%2Fwp%2Fv2%2Fcomments&post=410"}],"version-history":[{"count":5,"href":"http:\/\/www.paludzka.fara.sk\/index.php?rest_route=\/wp\/v2\/posts\/410\/revisions"}],"predecessor-version":[{"id":433,"href":"http:\/\/www.paludzka.fara.sk\/index.php?rest_route=\/wp\/v2\/posts\/410\/revisions\/433"}],"wp:attachment":[{"href":"http:\/\/www.paludzka.fara.sk\/index.php?rest_route=%2Fwp%2Fv2%2Fmedia&parent=410"}],"wp:term":[{"taxonomy":"category","embeddable":true,"href":"http:\/\/www.paludzka.fara.sk\/index.php?rest_route=%2Fwp%2Fv2%2Fcategories&post=410"},{"taxonomy":"post_tag","embeddable":true,"href":"http:\/\/www.paludzka.fara.sk\/index.php?rest_route=%2Fwp%2Fv2%2Ftags&post=410"}],"curies":[{"name":"wp","href":"https:\/\/api.w.org\/{rel}","templated":true}]}}