
{"id":4091,"date":"2024-03-17T00:00:54","date_gmt":"2024-03-16T23:00:54","guid":{"rendered":"http:\/\/www.paludzka.fara.sk\/?p=4091"},"modified":"2024-03-17T19:04:14","modified_gmt":"2024-03-17T18:04:14","slug":"farske-oznamy-17-3-24-3-2024","status":"publish","type":"post","link":"http:\/\/www.paludzka.fara.sk\/?p=4091","title":{"rendered":"Farsk\u00e9 oznamy 17.3.-24.3.2024"},"content":{"rendered":"<div class=\"table-responsive\">\n<table class=\"table table-bordered\">\n<thead>\n<tr>\n<th style=\"text-align: center;\">De\u0148<\/th>\n<th style=\"text-align: center;\">\u010cas<\/th>\n<th style=\"text-align: center;\">Liturgick\u00fd kalend\u00e1r<\/th>\n<th style=\"text-align: center;\">\u00damysel<\/th>\n<th style=\"text-align: center;\">O\u010dak\u00e1vame<\/th>\n<\/tr>\n<\/thead>\n<tbody>\n<tr>\n<td style=\"text-align: center;\"><strong>Nede\u013ea 17.3.<\/strong><\/td>\n<td style=\"text-align: center;\">7:00<\/p>\n<p><strong>8:15<\/strong><\/p>\n<p>9:45<\/td>\n<td style=\"text-align: center;\"><span style=\"color: #800080;\"><strong>5. p\u00f4stna nede\u013ea<\/strong><\/span><\/td>\n<td style=\"text-align: center;\">za zdravie a Bo\u017eie po\u017eehnanie pre man\u017eela<\/p>\n<p><strong>Bodice:<\/strong> na \u00famysel<\/p>\n<p>za sp\u00e1su \u017eiv\u00fdch a zomrel\u00fdch pr\u00edbuzn\u00fdch<br \/>\na priate\u013eov<\/td>\n<td style=\"text-align: center;\"><em>Kr\u00ed\u017eov\u00e1 cesta o 14:00 &#8211; mu\u017ei<\/em><\/p>\n<p><strong>Zbierka na pomoc prenasledovan\u00fdm<\/strong><br \/>\n<strong>kres\u0165anom a vojnov\u00fdm ute\u010dencom<\/strong><\/td>\n<\/tr>\n<tr>\n<td style=\"text-align: center;\">Pondelok 18.3.<\/td>\n<td style=\"text-align: center;\"><span style=\"color: #000000;\">18:00<\/span><\/td>\n<td style=\"text-align: center;\">\n<p style=\"text-align: center;\"><span style=\"color: #800080;\">Pondelok po 5. p\u00f4stnej nedeli<\/span><\/p>\n<\/td>\n<td style=\"text-align: center;\">za zdravie a Bo\u017eie po\u017eehnanie pre dc\u00e9ru Michaelu<\/td>\n<td style=\"text-align: center;\"><\/td>\n<\/tr>\n<tr>\n<td style=\"text-align: center;\">Utorok 19.3.<\/td>\n<td style=\"text-align: center;\"><span style=\"color: #000000;\">18:00<\/span><\/td>\n<td style=\"text-align: center;\">\n<p style=\"text-align: center;\"><span style=\"color: #808000;\">Sv\u00e4t\u00e9ho Jozefa, \u017een\u00edcha<br \/>\npreblahoslavenej Panny M\u00e1rie<\/span><\/p>\n<p><span style=\"color: #808000;\">sl\u00e1vnos\u0165<\/span><\/td>\n<td style=\"text-align: center;\">+ Jozef a Jaroslav<\/td>\n<td style=\"text-align: center;\">po sv. om\u0161i stretnutie hospod\u00e1rskej rady farnosti<\/td>\n<\/tr>\n<tr>\n<td style=\"text-align: center;\">Streda 20.3.<\/td>\n<td style=\"text-align: center;\">7:00<\/td>\n<td style=\"text-align: center;\"><span style=\"color: #800080;\">Streda po 5. p\u00f4stnej nedeli<\/span><\/td>\n<td style=\"text-align: center;\">na \u00famysel<\/td>\n<td style=\"text-align: center;\"><\/td>\n<\/tr>\n<tr>\n<td style=\"text-align: center;\">\u0160tvrtok 21.3.<\/td>\n<td style=\"text-align: center;\"><span style=\"color: #ff0000;\">7:00<\/span><\/td>\n<td style=\"text-align: center;\"><span style=\"color: #808000;\"><span style=\"color: #800080;\">\u0160tvrtok po 5. p\u00f4stnej nedeli<\/span><\/span><\/td>\n<td style=\"text-align: center;\">+ Vendel\u00edn a rodi\u010dia<\/td>\n<td style=\"text-align: center;\"><\/td>\n<\/tr>\n<tr>\n<td style=\"text-align: center;\">Piatok 22.3.<\/td>\n<td style=\"text-align: center;\"><span style=\"color: #000000;\">18:00<\/span><\/td>\n<td style=\"text-align: center;\"><span style=\"color: #800080;\">Piatok po 5. p\u00f4stnej nedeli<\/span><\/td>\n<td style=\"text-align: center;\">+ Peter, Miroslav, Vlast\u00edk a Hanka<\/td>\n<td style=\"text-align: center;\"><span style=\"color: #ff0000;\">Sv. zmierenia pred Ve\u013ekou nocou:<\/span><br \/>\n<span style=\"color: #ff0000;\">Bodice: 15:30 &#8211; 16:00<\/span><br \/>\n<span style=\"color: #ff0000;\">Pal\u00fadzka: 16:00 &#8211; 17:00<\/span><\/p>\n<p>sv. om\u0161a za \u00fa\u010dasti det\u00ed<\/p>\n<p>N\u00e1cvik spevu o 17:30 na fare<\/p>\n<p><em>Kr\u00ed\u017eov\u00e1 cesta o 18:00 \u2013 deti<br \/>\n<\/em><\/td>\n<\/tr>\n<tr>\n<td style=\"text-align: center;\">Sobota 23.3.<\/td>\n<td style=\"text-align: center;\">8:00<\/td>\n<td style=\"text-align: center;\"><span style=\"color: #800080;\">Sobota po 5. p\u00f4stnej nedeli<\/span><\/td>\n<td style=\"text-align: center;\">za rodinu Ko\u0161ov\u00fa, Kone\u010dn\u00fa a Habsov\u00fa<\/td>\n<td style=\"text-align: center;\"><\/td>\n<\/tr>\n<tr>\n<td style=\"text-align: center;\"><strong>Nede\u013ea 24.3.<\/strong><\/td>\n<td style=\"text-align: center;\">7:00<\/p>\n<p><strong>8:15<\/strong><\/p>\n<p>9:45<\/td>\n<td style=\"text-align: center;\"><span style=\"color: #ff0000;\"><strong>Palmov\u00e1 (Kvetn\u00e1) nede\u013ea<\/strong><\/span><\/p>\n<p><span style=\"color: #ff0000;\"><strong>Nede\u013ea utrpenia P\u00e1na<\/strong><\/span><\/td>\n<td style=\"text-align: center;\">za veriacich<\/p>\n<p><strong>Bodice:<\/strong> na \u00famysel<\/p>\n<p>za zdravie a Bo\u017eie po\u017eehnanie pre rodinu \u017duffov\u00fa<\/td>\n<td style=\"text-align: center;\"><em>Po\u017eehnanie ratolest\u00ed<\/em><\/p>\n<p><em>Kr\u00ed\u017eov\u00e1 cesta o 14:00 &#8211; lektori<\/em><\/p>\n<p><strong>Sviatos\u0165 zmierenia v\u00a0L. Mikul\u00e1\u0161i<\/strong><br \/>\n<strong>16:00 &#8211; 18:00<\/strong><\/td>\n<\/tr>\n<\/tbody>\n<\/table>\n<\/div>\n<ul>\n<li>Bohuzn\u00e1me obetovali na kr\u00ed\u017eov\u00fa cestu 100, 100 \u20ac. Bohuzn\u00e1mi zo Zuberca na kr\u00ed\u017eov\u00fa cestu darovali 100 a 3 000 \u20ac. P\u00e1n Boh zapla\u0165 za va\u0161e \u0161tedr\u00e9 srdcia.<\/li>\n<li>dnes je zbierka na pomoc prenasledovan\u00fdm kres\u0165anom a vojnov\u00fdm ute\u010dencom. Vopred v\u0161etk\u00fdm darcom P\u00e1n Boh zapla\u0165.<\/li>\n<li>o upratovanie kostola pros\u00edm rodiny Ku\u010derov\u00fa, Adam\u010diakov\u00fa J., Pec\u00fachov\u00fa a Da\u0148ov\u00fa. Upratovanie bude v sobotu. P\u00e1n Boh zapla\u0165 za slu\u017ebu.<\/li>\n<li>Spi\u0161sk\u00fd diec\u00e9zny biskup Mons. Franti\u0161ek Trstensk\u00fd a predseda Rady pre laick\u00e9 a apo\u0161tolsk\u00e9 hnutia pri KBS Mons. Peter Rusn\u00e1k <strong>poz\u00fdvaj\u00fa v\u0161etk\u00fdch ved\u00facich hnut\u00ed, zdru\u017een\u00ed a spolo\u010denstiev Spi\u0161skej diec\u00e9zy na spolo\u010dn\u00e9 stretnutie<\/strong>, ktor\u00e9 sa uskuto\u010dn\u00ed <strong>v Poprade v sobotu 20. apr\u00edla 2024 so za\u010diatkom o 9:30 hod<\/strong>. Cie\u013eom stretnutia je <strong>spoznanie t\u00fdchto spolo\u010denstiev a h\u013eadanie vz\u00e1jomnej spolupr\u00e1ce<\/strong> pri spolo\u010dnom kr\u00e1\u010dan\u00ed a budovan\u00ed Bo\u017eieho kr\u00e1\u013eovstva v r\u00e1mci Spi\u0161skej diec\u00e9zy a Slovenska. Ved\u00faci spolo\u010denstiev nech <strong>sa prihl\u00e1sia najnesk\u00f4r do 8. apr\u00edla 2024<\/strong> prostredn\u00edctvom nasledovn\u00e9ho prihlasovacieho formul\u00e1ra, ktor\u00fd n\u00e1jdu aj na webe Spi\u0161skej diec\u00e9zy <a href=\"https:\/\/kapitula.sk\/pozvanie-na-stretnutie-veducich-spolocenstiev-spisskej-diecezy\/\">www.kapitula.sk<\/a>.<\/li>\n<\/ul>\n","protected":false},"excerpt":{"rendered":"<p>De\u0148 \u010cas Liturgick\u00fd kalend\u00e1r \u00damysel O\u010dak\u00e1vame Nede\u013ea 17.3. 7:00 8:15 9:45 5. p\u00f4stna nede\u013ea za zdravie a Bo\u017eie po\u017eehnanie pre man\u017eela Bodice: na \u00famysel za sp\u00e1su \u017eiv\u00fdch a zomrel\u00fdch pr\u00edbuzn\u00fdch a priate\u013eov Kr\u00ed\u017eov\u00e1 cesta o 14:00 &#8211; mu\u017ei Zbierka na pomoc prenasledovan\u00fdm kres\u0165anom a vojnov\u00fdm ute\u010dencom Pondelok 18.3. 18:00 Pondelok po 5. p\u00f4stnej nedeli za [&hellip;]<\/p>\n","protected":false},"author":1,"featured_media":0,"comment_status":"closed","ping_status":"closed","sticky":false,"template":"","format":"standard","meta":{"_links_to":"","_links_to_target":""},"categories":[4,19],"tags":[],"_links":{"self":[{"href":"http:\/\/www.paludzka.fara.sk\/index.php?rest_route=\/wp\/v2\/posts\/4091"}],"collection":[{"href":"http:\/\/www.paludzka.fara.sk\/index.php?rest_route=\/wp\/v2\/posts"}],"about":[{"href":"http:\/\/www.paludzka.fara.sk\/index.php?rest_route=\/wp\/v2\/types\/post"}],"author":[{"embeddable":true,"href":"http:\/\/www.paludzka.fara.sk\/index.php?rest_route=\/wp\/v2\/users\/1"}],"replies":[{"embeddable":true,"href":"http:\/\/www.paludzka.fara.sk\/index.php?rest_route=%2Fwp%2Fv2%2Fcomments&post=4091"}],"version-history":[{"count":2,"href":"http:\/\/www.paludzka.fara.sk\/index.php?rest_route=\/wp\/v2\/posts\/4091\/revisions"}],"predecessor-version":[{"id":4131,"href":"http:\/\/www.paludzka.fara.sk\/index.php?rest_route=\/wp\/v2\/posts\/4091\/revisions\/4131"}],"wp:attachment":[{"href":"http:\/\/www.paludzka.fara.sk\/index.php?rest_route=%2Fwp%2Fv2%2Fmedia&parent=4091"}],"wp:term":[{"taxonomy":"category","embeddable":true,"href":"http:\/\/www.paludzka.fara.sk\/index.php?rest_route=%2Fwp%2Fv2%2Fcategories&post=4091"},{"taxonomy":"post_tag","embeddable":true,"href":"http:\/\/www.paludzka.fara.sk\/index.php?rest_route=%2Fwp%2Fv2%2Ftags&post=4091"}],"curies":[{"name":"wp","href":"https:\/\/api.w.org\/{rel}","templated":true}]}}