
{"id":408,"date":"2018-03-10T18:00:01","date_gmt":"2018-03-10T17:00:01","guid":{"rendered":"http:\/\/www.paludzka.fara.sk\/?p=408"},"modified":"2018-03-11T10:55:16","modified_gmt":"2018-03-11T09:55:16","slug":"farske-oznamy-11-3-18-3-2018","status":"publish","type":"post","link":"http:\/\/www.paludzka.fara.sk\/?p=408","title":{"rendered":"Farsk\u00e9 oznamy 11.3.-18.3.2018"},"content":{"rendered":"<h3 style=\"text-align: center;\">Liturgick\u00fd preh\u013ead a program bohoslu\u017eieb na t\u00fd\u017ede\u0148 11.3. &#8211; 18.3. 2018<\/h3>\n<p><strong>Oznamy pre farsk\u00fd kostol:<\/strong><\/p>\n<div class=\"table-responsive\">\n<table class=\"table table-bordered\">\n<thead>\n<tr>\n<th style=\"text-align: center;\">d\u00e1tum<\/th>\n<th style=\"text-align: center;\">sv. om\u0161a<\/th>\n<th style=\"text-align: center;\">liturgick\u00fd de\u0148<\/th>\n<th style=\"text-align: center;\">\u00famysel<\/th>\n<\/tr>\n<\/thead>\n<tbody>\n<tr>\n<td style=\"text-align: center;\"><strong>Nede\u013ea 11.3.<\/strong><\/td>\n<td style=\"text-align: center;\"><strong>9:30<\/strong><\/td>\n<td style=\"text-align: center;\"><strong>4. p\u00f4stna nede\u013ea<\/strong><\/td>\n<td style=\"text-align: center;\"><strong>za farnos\u0165<\/strong><\/td>\n<\/tr>\n<tr>\n<td style=\"text-align: center;\">Pondelok 12.3.<\/td>\n<td style=\"text-align: center;\">18:00<\/td>\n<td style=\"text-align: center;\">Pondelok po 4. p\u00f4stnej nedeli<\/td>\n<td style=\"text-align: center;\">na \u00famysel<\/td>\n<\/tr>\n<tr>\n<td style=\"text-align: center;\">Utorok 13.3.<\/td>\n<td style=\"text-align: center;\">18:00<\/td>\n<td style=\"text-align: center;\">Utorok po 4. p\u00f4stnej nedeli<\/td>\n<td style=\"text-align: center;\">+ J\u00falius<\/td>\n<\/tr>\n<tr>\n<td style=\"text-align: center;\">Streda 14.3.<\/td>\n<td style=\"text-align: center;\">18:00<\/td>\n<td style=\"text-align: center;\">Streda po 4. p\u00f4stnej nedeli<\/td>\n<td style=\"text-align: center;\">na \u00famysel<\/td>\n<\/tr>\n<tr>\n<td style=\"text-align: center;\">\u0160tvrtok 15.3.<\/td>\n<td style=\"text-align: center;\">7:00<\/td>\n<td style=\"text-align: center;\">\u0160tvrtok po 4. p\u00f4stnej nedeli<\/td>\n<td style=\"text-align: center;\">+ Juraj a rodina<\/td>\n<\/tr>\n<tr>\n<td style=\"text-align: center;\">Piatok 16.3.<\/td>\n<td style=\"text-align: center;\">18:00<\/td>\n<td style=\"text-align: center;\">Piatok po 4. p\u00f4stnej nedeli<\/td>\n<td style=\"text-align: center;\">+ J\u00e1n, Katar\u00edna, Branislav<\/td>\n<\/tr>\n<tr>\n<td style=\"text-align: center;\">Sobota 17.3.<\/td>\n<td style=\"text-align: center;\">8:00<\/td>\n<td style=\"text-align: center;\">Sobota po 4. p\u00f4stnej nedeli<\/td>\n<td style=\"text-align: center;\">na \u00famysel<\/td>\n<\/tr>\n<tr>\n<td style=\"text-align: center;\"><strong>Nede\u013ea 18.3.<\/strong><\/td>\n<td style=\"text-align: center;\"><strong>9:30<\/strong><\/td>\n<td style=\"text-align: center;\"><strong>\u00a05. p\u00f4stna nede\u013ea<\/strong><\/td>\n<td style=\"text-align: center;\"><strong>za farnos\u0165<\/strong><\/td>\n<\/tr>\n<\/tbody>\n<\/table>\n<\/div>\n<p><strong>Oznamy pre fili\u00e1lku Bodice:<\/strong><\/p>\n<div class=\"table-responsive\">\n<table class=\"table table-bordered\">\n<thead>\n<tr>\n<th style=\"text-align: center;\">d\u00e1tum<\/th>\n<th style=\"text-align: center;\">sv. om\u0161a<\/th>\n<th style=\"text-align: center;\">liturgick\u00fd de\u0148<\/th>\n<\/tr>\n<\/thead>\n<tbody>\n<tr>\n<td style=\"text-align: center;\"><strong>Nede\u013ea 11.3.<\/strong><\/td>\n<td style=\"text-align: center;\"><b>8:00<\/b><\/td>\n<td style=\"text-align: center;\"><strong>4. p\u00f4stna nede\u013ea<\/strong><\/td>\n<\/tr>\n<tr>\n<td style=\"text-align: center;\"><strong>Nede\u013ea 18.3.<\/strong><\/td>\n<td style=\"text-align: center;\"><strong style=\"font-family: inherit; font-size: inherit;\">8:00<\/strong><\/td>\n<td style=\"text-align: center;\"><strong>5. p\u00f4stna nede\u013ea<\/strong><\/td>\n<\/tr>\n<\/tbody>\n<\/table>\n<\/div>\n<div class=\"table-responsive\"><\/div>\n<ul>\n<li>v p\u00f4stnom obdob\u00ed sa budeme stret\u00e1va\u0165 pri pobo\u017enosti Kr\u00ed\u017eovej cesty v\u00a0piatok o\u00a017:30<\/li>\n<li>spevokol dospel\u00fdch m\u00e1 n\u00e1cvik v\u00a0utorok po sv\u00e4tej om\u0161i<\/li>\n<li>spevokol det\u00ed m\u00e1 n\u00e1cvik v\u00a0piatok po sv\u00e4tej om\u0161i<\/li>\n<li>na bud\u00facu nede\u013eu sa uskuto\u010dn\u00ed celoslovensk\u00e1 zbierka pre prenasledovan\u00fdch kres\u0165anov a\u00a0ute\u010dencov<\/li>\n<li>upratovanie kostola v tomto t\u00fd\u017edni:\u00a0Koh\u00fatov\u00e1, Bla\u0161t\u00edkov\u00e1, \u010con\u010dolov\u00e1, Baranov\u00e1. P\u00e1n Boh zapla\u0165 za v\u00e1\u0161 \u010das a obetu.<\/li>\n<\/ul>\n","protected":false},"excerpt":{"rendered":"<p>Liturgick\u00fd preh\u013ead a program bohoslu\u017eieb na t\u00fd\u017ede\u0148 11.3. &#8211; 18.3. 2018 Oznamy pre farsk\u00fd kostol: d\u00e1tum sv. om\u0161a liturgick\u00fd de\u0148 \u00famysel Nede\u013ea 11.3. 9:30 4. p\u00f4stna nede\u013ea za farnos\u0165 Pondelok 12.3. 18:00 Pondelok po 4. p\u00f4stnej nedeli na \u00famysel Utorok 13.3. 18:00 Utorok po 4. p\u00f4stnej nedeli + J\u00falius Streda 14.3. 18:00 Streda po 4. [&hellip;]<\/p>\n","protected":false},"author":1,"featured_media":0,"comment_status":"open","ping_status":"open","sticky":false,"template":"","format":"standard","meta":{"_links_to":"","_links_to_target":""},"categories":[4,19],"tags":[],"_links":{"self":[{"href":"http:\/\/www.paludzka.fara.sk\/index.php?rest_route=\/wp\/v2\/posts\/408"}],"collection":[{"href":"http:\/\/www.paludzka.fara.sk\/index.php?rest_route=\/wp\/v2\/posts"}],"about":[{"href":"http:\/\/www.paludzka.fara.sk\/index.php?rest_route=\/wp\/v2\/types\/post"}],"author":[{"embeddable":true,"href":"http:\/\/www.paludzka.fara.sk\/index.php?rest_route=\/wp\/v2\/users\/1"}],"replies":[{"embeddable":true,"href":"http:\/\/www.paludzka.fara.sk\/index.php?rest_route=%2Fwp%2Fv2%2Fcomments&post=408"}],"version-history":[{"count":4,"href":"http:\/\/www.paludzka.fara.sk\/index.php?rest_route=\/wp\/v2\/posts\/408\/revisions"}],"predecessor-version":[{"id":425,"href":"http:\/\/www.paludzka.fara.sk\/index.php?rest_route=\/wp\/v2\/posts\/408\/revisions\/425"}],"wp:attachment":[{"href":"http:\/\/www.paludzka.fara.sk\/index.php?rest_route=%2Fwp%2Fv2%2Fmedia&parent=408"}],"wp:term":[{"taxonomy":"category","embeddable":true,"href":"http:\/\/www.paludzka.fara.sk\/index.php?rest_route=%2Fwp%2Fv2%2Fcategories&post=408"},{"taxonomy":"post_tag","embeddable":true,"href":"http:\/\/www.paludzka.fara.sk\/index.php?rest_route=%2Fwp%2Fv2%2Ftags&post=408"}],"curies":[{"name":"wp","href":"https:\/\/api.w.org\/{rel}","templated":true}]}}