
{"id":4079,"date":"2024-03-10T00:00:48","date_gmt":"2024-03-09T23:00:48","guid":{"rendered":"http:\/\/www.paludzka.fara.sk\/?p=4079"},"modified":"2024-03-09T16:19:16","modified_gmt":"2024-03-09T15:19:16","slug":"farske-oznamy-10-3-17-3-2024","status":"publish","type":"post","link":"http:\/\/www.paludzka.fara.sk\/?p=4079","title":{"rendered":"Farsk\u00e9 oznamy 10.3.-17.3.2024"},"content":{"rendered":"<div class=\"table-responsive\">\n<table class=\"table table-bordered\">\n<thead>\n<tr>\n<th style=\"text-align: center;\">De\u0148<\/th>\n<th style=\"text-align: center;\">\u010cas<\/th>\n<th style=\"text-align: center;\">Liturgick\u00fd kalend\u00e1r<\/th>\n<th style=\"text-align: center;\">\u00damysel<\/th>\n<th style=\"text-align: center;\">O\u010dak\u00e1vame<\/th>\n<\/tr>\n<\/thead>\n<tbody>\n<tr>\n<td style=\"text-align: center;\"><strong>Nede\u013ea 10.3.<\/strong><\/td>\n<td style=\"text-align: center;\">7:00<\/p>\n<p><strong>8:15<\/strong><\/p>\n<p>9:45<\/td>\n<td style=\"text-align: center;\"><span style=\"color: #ff00ff;\"><strong>4. p\u00f4stna nede\u013ea<\/strong><\/span><\/p>\n<p><span style=\"color: #ff00ff;\">Nede\u013ea Laetare<\/span><\/td>\n<td style=\"text-align: center;\">za zdravie a Bo\u017eie po\u017eehnanie pre man\u017eela<\/p>\n<p><strong>Bodice:<\/strong> na \u00famysel<\/p>\n<p>za zdravie a Bo\u017eie po\u017eehnanie pre rodi\u010dov<\/td>\n<td style=\"text-align: center;\"><em>Kr\u00ed\u017eov\u00e1 cesta o 14:00 &#8211; \u017eeny<\/em><\/td>\n<\/tr>\n<tr>\n<td style=\"text-align: center;\">Pondelok 11.3.<\/td>\n<td style=\"text-align: center;\"><span style=\"color: #000000;\">18:00<\/span><\/td>\n<td style=\"text-align: center;\">\n<p style=\"text-align: center;\"><span style=\"color: #800080;\">Pondelok po 4. p\u00f4stnej nedeli<\/span><\/p>\n<\/td>\n<td style=\"text-align: center;\">za veriacich<\/td>\n<td style=\"text-align: center;\"><\/td>\n<\/tr>\n<tr>\n<td style=\"text-align: center;\">Utorok 12.3.<\/td>\n<td style=\"text-align: center;\"><span style=\"color: #000000;\">18:00<\/span><\/td>\n<td style=\"text-align: center;\">\n<p style=\"text-align: center;\"><span style=\"color: #800080;\">Utorok po 4. p\u00f4stnej nedeli<\/span><\/p>\n<\/td>\n<td style=\"text-align: center;\">za zdravie a Bo\u017eie po\u017eehnanie pre Jozefa s rodinou<\/td>\n<td style=\"text-align: center;\"><\/td>\n<\/tr>\n<tr>\n<td style=\"text-align: center;\">Streda 13.3.<\/td>\n<td style=\"text-align: center;\">7:00<\/td>\n<td style=\"text-align: center;\"><span style=\"color: #800080;\">Streda po 4. p\u00f4stnej nedeli<\/span><\/td>\n<td style=\"text-align: center;\">za maturanta Mat\u00fa\u0161a<\/td>\n<td style=\"text-align: center;\">V\u00fdro\u010die zvolenia p\u00e1pe\u017ea Franti\u0161ka (2013)<\/td>\n<\/tr>\n<tr>\n<td style=\"text-align: center;\">\u0160tvrtok 14.3.<\/td>\n<td style=\"text-align: center;\"><span style=\"color: #000000;\">18:00<\/span><\/td>\n<td style=\"text-align: center;\"><span style=\"color: #808000;\"><span style=\"color: #800080;\">\u0160tvrtok po 4. p\u00f4stnej nedeli<\/span><\/span><\/td>\n<td style=\"text-align: center;\">za zdravie a Bo\u017eie po\u017eehnanie Pavla,<br \/>\nZuzany a ich rodiny<\/td>\n<td style=\"text-align: center;\">Ador\u00e1cia od 17:15<\/td>\n<\/tr>\n<tr>\n<td style=\"text-align: center;\">Piatok 15.3.<\/td>\n<td style=\"text-align: center;\"><span style=\"color: #000000;\">18:00<\/span><\/td>\n<td style=\"text-align: center;\"><span style=\"color: #800080;\">Piatok po 4. p\u00f4stnej nedeli<\/span><\/td>\n<td style=\"text-align: center;\">+ Jozef a Gizela<\/td>\n<td style=\"text-align: center;\">Sv. om\u0161a za \u00fa\u010dasti det\u00ed<\/p>\n<p>N\u00e1cvik spevu o 17:30 na fare<\/p>\n<p><em>Kr\u00ed\u017eov\u00e1 cesta o 18:00 \u2013 deti<br \/>\n<\/em><\/td>\n<\/tr>\n<tr>\n<td style=\"text-align: center;\">Sobota 16.3.<\/td>\n<td style=\"text-align: center;\">8:00<\/td>\n<td style=\"text-align: center;\"><span style=\"color: #800080;\">Sobota po 4. p\u00f4stnej nedeli<\/span><\/td>\n<td style=\"text-align: center;\">po\u010fakovanie za Bo\u017eiu pomoc<\/td>\n<td style=\"text-align: center;\"><\/td>\n<\/tr>\n<tr>\n<td style=\"text-align: center;\"><strong>Nede\u013ea 17.3.<\/strong><\/td>\n<td style=\"text-align: center;\">7:00<\/p>\n<p><strong>8:15<\/strong><\/p>\n<p>9:45<\/td>\n<td style=\"text-align: center;\"><span style=\"color: #800080;\"><strong>5. p\u00f4stna nede\u013ea<\/strong><\/span><\/td>\n<td style=\"text-align: center;\">za veriacich<\/p>\n<p><strong>Bodice:<\/strong> na \u00famysel<\/p>\n<p>za sp\u00e1su \u017eiv\u00fdch a zomrel\u00fdch pr\u00edbuzn\u00fdch<br \/>\na priate\u013eov<\/td>\n<td style=\"text-align: center;\"><em>Kr\u00ed\u017eov\u00e1 cesta o 14:00 &#8211; mu\u017ei<\/em><\/p>\n<p>zbierka na pomoc prenasledovan\u00fdm<br \/>\nkres\u0165anom a vojnov\u00fdm ute\u010dencom.<\/td>\n<\/tr>\n<\/tbody>\n<\/table>\n<\/div>\n<ul>\n<li>Farsk\u00e1 p\u00fa\u0165 do Med\u017eugoria od 28.8. &#8211; 3.9.2024 &#8211; st\u00e1le je mo\u017enos\u0165 sa prihl\u00e1si\u0165. Viac inform\u00e1ci\u00ed na farskej webovej str\u00e1nke.<\/li>\n<li>Bohuzn\u00e1mi na kr\u00ed\u017eov\u00fa cestu darovali 100, 200, 500, 100 \u20ac. P\u00e1n Boh zapla\u0165 a po\u017eehnaj v\u0161etk\u00fdch darcov.<br \/>\nNa bud\u00facu nede\u013eu bude zbierka na pomoc prenasledovan\u00fdm kres\u0165anom a vojnov\u00fdm ute\u010dencom. Vopred v\u0161etk\u00fdm darcom P\u00e1n Boh zapla\u0165.<\/li>\n<li>o upratovanie kostola pros\u00edm rodiny Hri\u010d\u00e1kov\u00fa, Dia\u010dikov\u00fa, Korman\u00edkov\u00fa a Salusov\u00fa. Upratovanie bude v sobotu. P\u00e1n Boh zapla\u0165 za slu\u017ebu.<\/li>\n<\/ul>\n","protected":false},"excerpt":{"rendered":"<p>De\u0148 \u010cas Liturgick\u00fd kalend\u00e1r \u00damysel O\u010dak\u00e1vame Nede\u013ea 10.3. 7:00 8:15 9:45 4. p\u00f4stna nede\u013ea Nede\u013ea Laetare za zdravie a Bo\u017eie po\u017eehnanie pre man\u017eela Bodice: na \u00famysel za zdravie a Bo\u017eie po\u017eehnanie pre rodi\u010dov Kr\u00ed\u017eov\u00e1 cesta o 14:00 &#8211; \u017eeny Pondelok 11.3. 18:00 Pondelok po 4. p\u00f4stnej nedeli za veriacich Utorok 12.3. 18:00 Utorok po 4. [&hellip;]<\/p>\n","protected":false},"author":1,"featured_media":0,"comment_status":"closed","ping_status":"closed","sticky":false,"template":"","format":"standard","meta":{"_links_to":"","_links_to_target":""},"categories":[4,19],"tags":[],"_links":{"self":[{"href":"http:\/\/www.paludzka.fara.sk\/index.php?rest_route=\/wp\/v2\/posts\/4079"}],"collection":[{"href":"http:\/\/www.paludzka.fara.sk\/index.php?rest_route=\/wp\/v2\/posts"}],"about":[{"href":"http:\/\/www.paludzka.fara.sk\/index.php?rest_route=\/wp\/v2\/types\/post"}],"author":[{"embeddable":true,"href":"http:\/\/www.paludzka.fara.sk\/index.php?rest_route=\/wp\/v2\/users\/1"}],"replies":[{"embeddable":true,"href":"http:\/\/www.paludzka.fara.sk\/index.php?rest_route=%2Fwp%2Fv2%2Fcomments&post=4079"}],"version-history":[{"count":2,"href":"http:\/\/www.paludzka.fara.sk\/index.php?rest_route=\/wp\/v2\/posts\/4079\/revisions"}],"predecessor-version":[{"id":4092,"href":"http:\/\/www.paludzka.fara.sk\/index.php?rest_route=\/wp\/v2\/posts\/4079\/revisions\/4092"}],"wp:attachment":[{"href":"http:\/\/www.paludzka.fara.sk\/index.php?rest_route=%2Fwp%2Fv2%2Fmedia&parent=4079"}],"wp:term":[{"taxonomy":"category","embeddable":true,"href":"http:\/\/www.paludzka.fara.sk\/index.php?rest_route=%2Fwp%2Fv2%2Fcategories&post=4079"},{"taxonomy":"post_tag","embeddable":true,"href":"http:\/\/www.paludzka.fara.sk\/index.php?rest_route=%2Fwp%2Fv2%2Ftags&post=4079"}],"curies":[{"name":"wp","href":"https:\/\/api.w.org\/{rel}","templated":true}]}}