
{"id":4067,"date":"2024-03-03T00:00:48","date_gmt":"2024-03-02T23:00:48","guid":{"rendered":"http:\/\/www.paludzka.fara.sk\/?p=4067"},"modified":"2024-03-02T23:13:03","modified_gmt":"2024-03-02T22:13:03","slug":"farske-oznamy-3-3-10-3-2024","status":"publish","type":"post","link":"http:\/\/www.paludzka.fara.sk\/?p=4067","title":{"rendered":"Farsk\u00e9 oznamy 3.3.-10.3.2024"},"content":{"rendered":"<div class=\"table-responsive\">\n<table class=\"table table-bordered\">\n<thead>\n<tr>\n<th style=\"text-align: center;\">De\u0148<\/th>\n<th style=\"text-align: center;\">\u010cas<\/th>\n<th style=\"text-align: center;\">Liturgick\u00fd kalend\u00e1r<\/th>\n<th style=\"text-align: center;\">\u00damysel<\/th>\n<th style=\"text-align: center;\">O\u010dak\u00e1vame<\/th>\n<\/tr>\n<\/thead>\n<tbody>\n<tr>\n<td style=\"text-align: center;\"><strong>Nede\u013ea 3.3.<\/strong><\/td>\n<td style=\"text-align: center;\">7:00<\/p>\n<p><strong>8:15<\/strong><\/p>\n<p>9:45<\/td>\n<td style=\"text-align: center;\"><span style=\"color: #800080;\"><strong>3. p\u00f4stna nede\u013ea<\/strong><\/span><\/td>\n<td style=\"text-align: center;\">na \u00famysel ordin\u00e1ra<\/p>\n<p><strong>Bodice:<\/strong> na \u00famysel<\/p>\n<p>za veriacich<\/td>\n<td style=\"text-align: center;\"><em>Kr\u00ed\u017eov\u00e1 cesta o 14:00 &#8211; seniori<\/em><\/td>\n<\/tr>\n<tr>\n<td style=\"text-align: center;\">Pondelok 4.3.<\/td>\n<td style=\"text-align: center;\"><span style=\"color: #000000;\">18:00<\/span><\/td>\n<td style=\"text-align: center;\">\n<p style=\"text-align: center;\"><span style=\"color: #800080;\">Pondelok po 3. p\u00f4stnej nedeli<\/span><\/p>\n<\/td>\n<td style=\"text-align: center;\">za zdravie a Bo\u017eie po\u017eehnanie J\u00e1na,<br \/>\nAgne\u0161i a Anny<\/td>\n<td style=\"text-align: center;\"><\/td>\n<\/tr>\n<tr>\n<td style=\"text-align: center;\">Utorok 5.3.<\/td>\n<td style=\"text-align: center;\"><span style=\"color: #000000;\">18:00<\/span><\/td>\n<td style=\"text-align: center;\">\n<p style=\"text-align: center;\"><span style=\"color: #800080;\">Utorok po 3. p\u00f4stnej nedeli<\/span><\/p>\n<\/td>\n<td style=\"text-align: center;\">+ Alojz, Anna a ich rodi\u010dia<\/td>\n<td style=\"text-align: center;\"><\/td>\n<\/tr>\n<tr>\n<td style=\"text-align: center;\">Streda 6.3.<\/td>\n<td style=\"text-align: center;\">7:00<\/td>\n<td style=\"text-align: center;\"><span style=\"color: #800080;\">Streda po 3. p\u00f4stnej nedeli<\/span><\/td>\n<td style=\"text-align: center;\">za du\u0161e v o\u010distci<\/td>\n<td style=\"text-align: center;\"><\/td>\n<\/tr>\n<tr>\n<td style=\"text-align: center;\">\u0160tvrtok 7.3.<\/td>\n<td style=\"text-align: center;\"><span style=\"color: #000000;\">18:00<\/span><\/td>\n<td style=\"text-align: center;\"><span style=\"color: #808000;\"><span style=\"color: #800080;\">\u0160tvrtok po 3. p\u00f4stnej nedeli<\/span><\/span><\/td>\n<td style=\"text-align: center;\">za deti<\/td>\n<td style=\"text-align: center;\">Ador\u00e1cia od 17:15<\/td>\n<\/tr>\n<tr>\n<td style=\"text-align: center;\">Piatok 8.3.<\/td>\n<td style=\"text-align: center;\"><span style=\"color: #000000;\">18:00<\/span><\/td>\n<td style=\"text-align: center;\"><span style=\"color: #800080;\">Piatok po 3. p\u00f4stnej nedeli<\/span><\/td>\n<td style=\"text-align: center;\">za zdravie a Bo\u017eie po\u017eehnanie pre dc\u00e9ru<br \/>\nDanku s rodinou<\/td>\n<td style=\"text-align: center;\">Sv. om\u0161a za \u00fa\u010dasti det\u00ed<\/p>\n<p>N\u00e1cvik spevu o 17:30 na fare<\/p>\n<p><em>Kr\u00ed\u017eov\u00e1 cesta o 18:00 \u2013 rodi\u010dia<br \/>\nprvoprij\u00edmaj\u00facich det\u00ed<\/em><\/td>\n<\/tr>\n<tr>\n<td style=\"text-align: center;\">Sobota 9.3.<\/td>\n<td style=\"text-align: center;\">8:00<\/td>\n<td style=\"text-align: center;\"><span style=\"color: #800080;\">Sobota po 3. p\u00f4stnej nedeli<\/span><\/td>\n<td style=\"text-align: center;\">za dc\u00e9ru a vnu\u010dku<\/td>\n<td style=\"text-align: center;\"><\/td>\n<\/tr>\n<tr>\n<td style=\"text-align: center;\"><strong>Nede\u013ea 10.3.<\/strong><\/td>\n<td style=\"text-align: center;\">7:00<\/p>\n<p><strong>8:15<\/strong><\/p>\n<p>9:45<\/td>\n<td style=\"text-align: center;\"><span style=\"color: #ff00ff;\"><strong>4. p\u00f4stna nede\u013ea<\/strong><\/span><\/p>\n<p><span style=\"color: #ff00ff;\">Nede\u013ea Laetare<\/span><\/td>\n<td style=\"text-align: center;\">za zdravie a Bo\u017eie po\u017eehnanie pre man\u017eela<\/p>\n<p><strong>Bodice:<\/strong> na \u00famysel<\/p>\n<p>za zdravie a Bo\u017eie po\u017eehnanie pre rodi\u010dov<\/td>\n<td style=\"text-align: center;\"><em>Kr\u00ed\u017eov\u00e1 cesta o 14:00 &#8211; \u017eeny<\/em><\/td>\n<\/tr>\n<\/tbody>\n<\/table>\n<\/div>\n<ul>\n<li>Farsk\u00e1 p\u00fa\u0165 do Med\u017eugoria od 28.8. &#8211; 3.9.2024 &#8211; st\u00e1le je mo\u017enos\u0165 sa prihl\u00e1si\u0165. Viac inform\u00e1ci\u00ed na farskej webovej str\u00e1nke.<\/li>\n<li>pl\u00e1nujeme vymeni\u0165 okn\u00e1 na ch\u00f3re farsk\u00e9ho kostola v Pal\u00fadzke. Nako\u013eko tieto s\u00fa v zlom stave, a ke\u010f pr\u0161\u00ed, zatek\u00e1 dovn\u00fatra. Pokra\u010duje sa aj v pr\u00e1cach na v\u00fdrobe novej kr\u00ed\u017eovej cesty. Mala by by\u0165 hotov\u00e1 do konca j\u00fana. V\u0161etk\u00fdm za ak\u00fako\u013evek pomoc a podporu farnosti P\u00e1n Boh zapla\u0165.<\/li>\n<li>Bohuzn\u00e1me na kr\u00ed\u017eov\u00fa cestu darovali 100, 60, 50 \u20ac. P\u00e1n Boh zapla\u0165 a po\u017eehnaj v\u0161etk\u00fdch darcov.<\/li>\n<li>o upratovanie kostola pros\u00edm rodiny Jantol\u00e1kov\u00fa, Kov\u00e1\u010dov\u00fa, Slafkovsk\u00fa a Ko\u0161\u00fatov\u00fa. Upratovanie bude v sobotu. P\u00e1n Boh zapla\u0165 za slu\u017ebu.<\/li>\n<\/ul>\n","protected":false},"excerpt":{"rendered":"<p>De\u0148 \u010cas Liturgick\u00fd kalend\u00e1r \u00damysel O\u010dak\u00e1vame Nede\u013ea 3.3. 7:00 8:15 9:45 3. p\u00f4stna nede\u013ea na \u00famysel ordin\u00e1ra Bodice: na \u00famysel za veriacich Kr\u00ed\u017eov\u00e1 cesta o 14:00 &#8211; seniori Pondelok 4.3. 18:00 Pondelok po 3. p\u00f4stnej nedeli za zdravie a Bo\u017eie po\u017eehnanie J\u00e1na, Agne\u0161i a Anny Utorok 5.3. 18:00 Utorok po 3. p\u00f4stnej nedeli + Alojz, [&hellip;]<\/p>\n","protected":false},"author":1,"featured_media":0,"comment_status":"closed","ping_status":"closed","sticky":false,"template":"","format":"standard","meta":{"_links_to":"","_links_to_target":""},"categories":[4,19],"tags":[],"_links":{"self":[{"href":"http:\/\/www.paludzka.fara.sk\/index.php?rest_route=\/wp\/v2\/posts\/4067"}],"collection":[{"href":"http:\/\/www.paludzka.fara.sk\/index.php?rest_route=\/wp\/v2\/posts"}],"about":[{"href":"http:\/\/www.paludzka.fara.sk\/index.php?rest_route=\/wp\/v2\/types\/post"}],"author":[{"embeddable":true,"href":"http:\/\/www.paludzka.fara.sk\/index.php?rest_route=\/wp\/v2\/users\/1"}],"replies":[{"embeddable":true,"href":"http:\/\/www.paludzka.fara.sk\/index.php?rest_route=%2Fwp%2Fv2%2Fcomments&post=4067"}],"version-history":[{"count":1,"href":"http:\/\/www.paludzka.fara.sk\/index.php?rest_route=\/wp\/v2\/posts\/4067\/revisions"}],"predecessor-version":[{"id":4069,"href":"http:\/\/www.paludzka.fara.sk\/index.php?rest_route=\/wp\/v2\/posts\/4067\/revisions\/4069"}],"wp:attachment":[{"href":"http:\/\/www.paludzka.fara.sk\/index.php?rest_route=%2Fwp%2Fv2%2Fmedia&parent=4067"}],"wp:term":[{"taxonomy":"category","embeddable":true,"href":"http:\/\/www.paludzka.fara.sk\/index.php?rest_route=%2Fwp%2Fv2%2Fcategories&post=4067"},{"taxonomy":"post_tag","embeddable":true,"href":"http:\/\/www.paludzka.fara.sk\/index.php?rest_route=%2Fwp%2Fv2%2Ftags&post=4067"}],"curies":[{"name":"wp","href":"https:\/\/api.w.org\/{rel}","templated":true}]}}