
{"id":4048,"date":"2024-02-25T00:00:25","date_gmt":"2024-02-24T23:00:25","guid":{"rendered":"http:\/\/www.paludzka.fara.sk\/?p=4048"},"modified":"2024-02-24T17:07:22","modified_gmt":"2024-02-24T16:07:22","slug":"farske-oznamy-25-2-3-3-2024","status":"publish","type":"post","link":"http:\/\/www.paludzka.fara.sk\/?p=4048","title":{"rendered":"Farsk\u00e9 oznamy 25.2.-3.3.2024"},"content":{"rendered":"<div class=\"table-responsive\">\n<table class=\"table table-bordered\">\n<thead>\n<tr>\n<th style=\"text-align: center;\">De\u0148<\/th>\n<th style=\"text-align: center;\">\u010cas<\/th>\n<th style=\"text-align: center;\">Liturgick\u00fd kalend\u00e1r<\/th>\n<th style=\"text-align: center;\">\u00damysel<\/th>\n<th style=\"text-align: center;\">O\u010dak\u00e1vame<\/th>\n<\/tr>\n<\/thead>\n<tbody>\n<tr>\n<td style=\"text-align: center;\"><strong>Nede\u013ea 25.2.<\/strong><\/td>\n<td style=\"text-align: center;\">7:00<\/p>\n<p><strong>8:15<\/strong><\/p>\n<p>9:45<\/td>\n<td style=\"text-align: center;\"><span style=\"color: #800080;\"><strong>2. p\u00f4stna nede\u013ea<\/strong><\/span><\/td>\n<td style=\"text-align: center;\">na \u00famysel ordin\u00e1ra<\/p>\n<p><strong>Bodice:<\/strong> na \u00famysel<\/p>\n<p>za veriacich<\/td>\n<td style=\"text-align: center;\"><em>Kr\u00ed\u017eov\u00e1 cesta o 14:00 &#8211; man\u017eelia<\/em><\/td>\n<\/tr>\n<tr>\n<td style=\"text-align: center;\">Pondelok 26.2.<\/td>\n<td style=\"text-align: center;\"><span style=\"color: #ff0000;\">18:00<\/span><\/td>\n<td style=\"text-align: center;\">\n<p style=\"text-align: center;\"><span style=\"color: #800080;\">Pondelok po 2. p\u00f4stnej nedeli<\/span><\/p>\n<\/td>\n<td style=\"text-align: center;\">na \u00famysel<\/td>\n<td style=\"text-align: center;\">vysluhovanie sviatosti zmierenia od 17:30<\/td>\n<\/tr>\n<tr>\n<td style=\"text-align: center;\">Utorok 27.2.<\/td>\n<td style=\"text-align: center;\"><span style=\"color: #ff0000;\">18:00<\/span><\/td>\n<td style=\"text-align: center;\">\n<p style=\"text-align: center;\"><span style=\"color: #800080;\">Utorok po 2. p\u00f4stnej nedeli<\/span><\/p>\n<\/td>\n<td style=\"text-align: center;\">+ Vlasta, \u0160tefan, Edita a Anna<\/td>\n<td style=\"text-align: center;\">vysluhovanie sviatosti zmierenia od 17:30<\/td>\n<\/tr>\n<tr>\n<td style=\"text-align: center;\">Streda 28.2.<\/td>\n<td style=\"text-align: center;\">7:00<\/td>\n<td style=\"text-align: center;\"><span style=\"color: #800080;\">Streda po 2. p\u00f4stnej nedeli<\/span><\/td>\n<td style=\"text-align: center;\">+ z rodiny Urbanovej a Mati\u0161t\u00edkovej<\/td>\n<td style=\"text-align: center;\"><\/td>\n<\/tr>\n<tr>\n<td style=\"text-align: center;\">\u0160tvrtok 29.2.<\/td>\n<td style=\"text-align: center;\"><span style=\"color: #ff0000;\">18:00<\/span><\/td>\n<td style=\"text-align: center;\"><span style=\"color: #808000;\"><span style=\"color: #800080;\">\u0160tvrtok po 2. p\u00f4stnej nedeli<\/span><\/span><\/td>\n<td style=\"text-align: center;\">+ rodi\u010dia a star\u00ed rodi\u010dia<\/td>\n<td style=\"text-align: center;\">Ador\u00e1cia od 17:15<\/p>\n<p>Sviatos\u0165 zmierenia od 17:15<\/td>\n<\/tr>\n<tr>\n<td style=\"text-align: center;\">Piatok 1.3.<\/td>\n<td style=\"text-align: center;\"><strong>17:00<\/strong><\/p>\n<p><span style=\"color: #ff0000;\">18:00<\/span><\/td>\n<td style=\"text-align: center;\"><span style=\"color: #800080;\">Piatok po 2. p\u00f4stnej nedeli<\/span><\/p>\n<p><span style=\"color: #ff0000;\">Prv\u00fd piatok<\/span><\/td>\n<td style=\"text-align: center;\"><strong>Bodice:<\/strong> na \u00famysel<\/p>\n<p>za zdravie a Bo\u017eie po\u017eehnanie pre Ivetu<\/td>\n<td style=\"text-align: center;\">N\u00e1v\u0161teva chor\u00fdch od 08:00<\/p>\n<p><strong>Bodice:<\/strong> sviatos\u0165 zmierenia od 16:30<\/p>\n<p>N\u00e1cvik spevu o 17:30 na fare<\/p>\n<p><em>Kr\u00ed\u017eov\u00e1 cesta o\u00a018:00 \u2013 deti<\/em><\/td>\n<\/tr>\n<tr>\n<td style=\"text-align: center;\">Sobota 2.3.<\/td>\n<td style=\"text-align: center;\">8:00<\/td>\n<td style=\"text-align: center;\"><span style=\"color: #800080;\">Sobota po 2. p\u00f4stnej nedeli<\/span><\/td>\n<td style=\"text-align: center;\">+ Dieter a Ilse Pankotsch<\/td>\n<td style=\"text-align: center;\">Fatimsk\u00e1 pobo\u017enos\u0165 o 7:30<\/td>\n<\/tr>\n<tr>\n<td style=\"text-align: center;\"><strong>Nede\u013ea 3.3.<\/strong><\/td>\n<td style=\"text-align: center;\">7:00<\/p>\n<p><strong>8:15<\/strong><\/p>\n<p>9:45<\/td>\n<td style=\"text-align: center;\"><span style=\"color: #800080;\"><strong>3. p\u00f4stna nede\u013ea<\/strong><\/span><\/td>\n<td style=\"text-align: center;\">na \u00famysel ordin\u00e1ra<\/p>\n<p><strong>Bodice:<\/strong> na \u00famysel<\/p>\n<p>za veriacich<\/td>\n<td style=\"text-align: center;\"><em>Kr\u00ed\u017eov\u00e1 cesta o 14:00 &#8211; seniori<\/em><\/td>\n<\/tr>\n<\/tbody>\n<\/table>\n<\/div>\n<ul>\n<li>\u00famysly sv. om\u0161\u00ed na mesiac marec budem zapisova\u0165 v pondelok po sv. om\u0161i.<\/li>\n<li>Bohuzn\u00e1ma na kostol v Bodiciach darovala 20 \u20ac. Bohuzn\u00e1me rodiny na kostol v Pal\u00fadzke obetovali 200 \u20ac. Bohuzn\u00e1my na kr\u00ed\u017eov\u00fa cestu daroval 100 \u20ac. P\u00e1n Boh zapla\u0165 a po\u017eehnaj v\u0161etk\u00fdch darcov.<\/li>\n<li>v zbierke na charitu sme prispeli 355 \u20ac. V\u0161etk\u00fdm darcom P\u00e1n Boh zapla\u0165.<\/li>\n<li>Farsk\u00e1 p\u00fa\u0165 do Med\u017eugoria od 28.8. &#8211; 3.9.2024 &#8211; st\u00e1le je mo\u017enos\u0165 sa prihl\u00e1si\u0165. Viac inform\u00e1ci\u00ed n\u00e1jdete na farskej str\u00e1nke.<\/li>\n<li>o upratovanie kostola pros\u00edm rodiny Koh\u00fatov\u00fa, Vdovcov\u00fa, Bebkov\u00fa, Rybovi\u010dov\u00fa a \u0160e\u010fov\u00fa. Upratovanie bude v sobotu. P\u00e1n Boh zapla\u0165 za slu\u017ebu.<\/li>\n<\/ul>\n","protected":false},"excerpt":{"rendered":"<p>De\u0148 \u010cas Liturgick\u00fd kalend\u00e1r \u00damysel O\u010dak\u00e1vame Nede\u013ea 25.2. 7:00 8:15 9:45 2. p\u00f4stna nede\u013ea na \u00famysel ordin\u00e1ra Bodice: na \u00famysel za veriacich Kr\u00ed\u017eov\u00e1 cesta o 14:00 &#8211; man\u017eelia Pondelok 26.2. 18:00 Pondelok po 2. p\u00f4stnej nedeli na \u00famysel vysluhovanie sviatosti zmierenia od 17:30 Utorok 27.2. 18:00 Utorok po 2. p\u00f4stnej nedeli + Vlasta, \u0160tefan, Edita [&hellip;]<\/p>\n","protected":false},"author":1,"featured_media":0,"comment_status":"closed","ping_status":"closed","sticky":false,"template":"","format":"standard","meta":{"_links_to":"","_links_to_target":""},"categories":[4,19],"tags":[],"_links":{"self":[{"href":"http:\/\/www.paludzka.fara.sk\/index.php?rest_route=\/wp\/v2\/posts\/4048"}],"collection":[{"href":"http:\/\/www.paludzka.fara.sk\/index.php?rest_route=\/wp\/v2\/posts"}],"about":[{"href":"http:\/\/www.paludzka.fara.sk\/index.php?rest_route=\/wp\/v2\/types\/post"}],"author":[{"embeddable":true,"href":"http:\/\/www.paludzka.fara.sk\/index.php?rest_route=\/wp\/v2\/users\/1"}],"replies":[{"embeddable":true,"href":"http:\/\/www.paludzka.fara.sk\/index.php?rest_route=%2Fwp%2Fv2%2Fcomments&post=4048"}],"version-history":[{"count":2,"href":"http:\/\/www.paludzka.fara.sk\/index.php?rest_route=\/wp\/v2\/posts\/4048\/revisions"}],"predecessor-version":[{"id":4068,"href":"http:\/\/www.paludzka.fara.sk\/index.php?rest_route=\/wp\/v2\/posts\/4048\/revisions\/4068"}],"wp:attachment":[{"href":"http:\/\/www.paludzka.fara.sk\/index.php?rest_route=%2Fwp%2Fv2%2Fmedia&parent=4048"}],"wp:term":[{"taxonomy":"category","embeddable":true,"href":"http:\/\/www.paludzka.fara.sk\/index.php?rest_route=%2Fwp%2Fv2%2Fcategories&post=4048"},{"taxonomy":"post_tag","embeddable":true,"href":"http:\/\/www.paludzka.fara.sk\/index.php?rest_route=%2Fwp%2Fv2%2Ftags&post=4048"}],"curies":[{"name":"wp","href":"https:\/\/api.w.org\/{rel}","templated":true}]}}