
{"id":4032,"date":"2024-02-18T00:00:56","date_gmt":"2024-02-17T23:00:56","guid":{"rendered":"http:\/\/www.paludzka.fara.sk\/?p=4032"},"modified":"2024-02-17T21:00:12","modified_gmt":"2024-02-17T20:00:12","slug":"farske-oznamy-18-2-25-2-2024","status":"publish","type":"post","link":"http:\/\/www.paludzka.fara.sk\/?p=4032","title":{"rendered":"Farsk\u00e9 oznamy 18.2.-25.2.2024"},"content":{"rendered":"<div class=\"table-responsive\">\n<table class=\"table table-bordered\">\n<thead>\n<tr>\n<th style=\"text-align: center;\">De\u0148<\/th>\n<th style=\"text-align: center;\">\u010cas<\/th>\n<th style=\"text-align: center;\">Liturgick\u00fd kalend\u00e1r<\/th>\n<th style=\"text-align: center;\">\u00damysel<\/th>\n<th style=\"text-align: center;\">O\u010dak\u00e1vame<\/th>\n<\/tr>\n<\/thead>\n<tbody>\n<tr>\n<td style=\"text-align: center;\"><strong>Nede\u013ea 18.2.<\/strong><\/td>\n<td style=\"text-align: center;\">7:00<\/p>\n<p><strong>8:15<\/strong><\/p>\n<p>9:45<\/td>\n<td style=\"text-align: center;\"><span style=\"color: #800080;\"><strong>1. p\u00f4stna nede\u013ea<\/strong><\/span><\/td>\n<td style=\"text-align: center;\">za veriacich<\/p>\n<p><strong>Bodice:<\/strong> na \u00famysel<\/p>\n<p>za zdravie a Bo\u017eie po\u017eehnanie rodiny Homolovej<\/td>\n<td style=\"text-align: center;\">Kr\u00ed\u017eov\u00e1 cesta o 14:00<\/p>\n<p><strong>Zbierka na charitu<\/strong><\/td>\n<\/tr>\n<tr>\n<td style=\"text-align: center;\">Pondelok 19.2.<\/td>\n<td style=\"text-align: center;\"><span style=\"color: #ff0000;\">7:00<\/span><\/td>\n<td style=\"text-align: center;\">\n<p style=\"text-align: center;\"><span style=\"color: #800080;\">Pondelok po 1. p\u00f4stnej nedeli<\/span><\/p>\n<\/td>\n<td style=\"text-align: center;\">+ Helena Harmatov\u00e1<\/td>\n<td style=\"text-align: center;\"><\/td>\n<\/tr>\n<tr>\n<td style=\"text-align: center;\">Utorok 20.2.<\/td>\n<td style=\"text-align: center;\"><span style=\"color: #ff0000;\">7:00<\/span><\/td>\n<td style=\"text-align: center;\">\n<p style=\"text-align: center;\"><span style=\"color: #800080;\">Utorok po 1. p\u00f4stnej nedeli<\/span><\/p>\n<\/td>\n<td style=\"text-align: center;\">za rodinu Urbanov\u00fa, deti a vn\u00fa\u010dat\u00e1<\/td>\n<td style=\"text-align: center;\"><\/td>\n<\/tr>\n<tr>\n<td style=\"text-align: center;\">Streda 21.2.<\/td>\n<td style=\"text-align: center;\"><span style=\"color: #ff0000;\">nebude<\/span><\/td>\n<td style=\"text-align: center;\"><span style=\"color: #800080;\">Streda po 1. p\u00f4stnej nedeli<\/span><\/td>\n<td style=\"text-align: center;\">sv. om\u0161a nebude<\/td>\n<td style=\"text-align: center;\"><\/td>\n<\/tr>\n<tr>\n<td style=\"text-align: center;\">\u0160tvrtok 22.2.<\/td>\n<td style=\"text-align: center;\"><span style=\"color: #ff0000;\">18:00<\/span><\/td>\n<td style=\"text-align: center;\"><span style=\"color: #808000;\">Katedry sv\u00e4t\u00e9ho Petra, apo\u0161tola<\/span><\/p>\n<p><span style=\"color: #808000;\">sviatok<\/span><\/td>\n<td style=\"text-align: center;\">+ brat, \u0161vagrin\u00e1 a sestra<\/td>\n<td style=\"text-align: center;\">Ador\u00e1cia od 17:30<\/td>\n<\/tr>\n<tr>\n<td style=\"text-align: center;\">Piatok 23.2.<\/td>\n<td style=\"text-align: center;\"><span style=\"color: #ff0000;\">18:00<\/span><\/td>\n<td style=\"text-align: center;\"><span style=\"color: #800080;\">Piatok po 1. p\u00f4stnej nedeli<\/span><\/td>\n<td style=\"text-align: center;\">+ star\u00ed rodi\u010dia<\/td>\n<td style=\"text-align: center;\">N\u00e1cvik spevu o 17:30 na fare<\/p>\n<p>Kr\u00ed\u017eov\u00e1 cesta o 18:00 &#8211; deti<\/p>\n<p>sv. om\u0161a za \u00fa\u010dasti det\u00ed<\/td>\n<\/tr>\n<tr>\n<td style=\"text-align: center;\">Sobota 24.2.<\/td>\n<td style=\"text-align: center;\">8:00<\/td>\n<td style=\"text-align: center;\"><span style=\"color: #800080;\">Sobota po 1. p\u00f4stnej nedeli<\/span><\/td>\n<td style=\"text-align: center;\">za zdravie a Bo\u017eie po\u017eehnanie a skor\u00e9<br \/>\nuzdravenie vnuka Mateja a Krist\u00ednky<\/td>\n<td style=\"text-align: center;\"><\/td>\n<\/tr>\n<tr>\n<td style=\"text-align: center;\"><strong>Nede\u013ea 25.2.<\/strong><\/td>\n<td style=\"text-align: center;\">7:00<\/p>\n<p><strong>8:15<\/strong><\/p>\n<p>9:45<\/td>\n<td style=\"text-align: center;\"><span style=\"color: #800080;\"><strong>2. p\u00f4stna nede\u013ea<\/strong><\/span><\/td>\n<td style=\"text-align: center;\">na \u00famysel ordin\u00e1ra<\/p>\n<p><strong>Bodice:<\/strong> na \u00famysel<\/p>\n<p>za veriacich<\/td>\n<td style=\"text-align: center;\">Kr\u00ed\u017eov\u00e1 cesta o 14:00 &#8211; Man\u017eelia<\/td>\n<\/tr>\n<\/tbody>\n<\/table>\n<\/div>\n<ul>\n<li>Jarn\u00e9 k\u00e1ntrov\u00e9 dni s\u00fa na bud\u00faci t\u00fd\u017ede\u0148 v stredu, piatok a sobotu. Z\u00e1v\u00e4zn\u00fd je iba jeden de\u0148. Obsah k\u00e1ntrov\u00fdch dn\u00ed: Pr\u00edprava na pok\u00e1nie a na sviatos\u0165 zmierenia a \u010dinorod\u00e1 l\u00e1ska k bl\u00ed\u017enemu.<\/li>\n<li>Bohuzn\u00e1ma na kostol v Bodiciach darovala 100 \u20ac. Bohuzn\u00e1me na kostol v Pal\u00fadzke obetovali 100 a 50 \u20ac. Bohuzn\u00e1my zo Zuberca na kr\u00ed\u017eov\u00fa cestu daroval 100 \u20ac. P\u00e1n Boh zapla\u0165 a po\u017eehnaj v\u0161etk\u00fdch darcov.<\/li>\n<li>dnes sa uskuto\u010dn\u00ed zbierka na charitu. V\u0161etk\u00fdm darcom P\u00e1n Boh zapla\u0165.<\/li>\n<li>\u00faprimn\u00e9 P\u00e1n Boh zapla\u0165 v\u0161etk\u00fdm \u017een\u00e1m za pomoc pri upratovan\u00ed fary. Nech v\u00e1s za to P\u00e1n Boh po\u017eehn\u00e1 a odmen\u00ed.<\/li>\n<li>o upratovanie kostola pros\u00edm rodiny Hunanov\u00fa, Adam\u010diakov\u00fa M., Slukov\u00fa a Jurisov\u00fa. Upratovanie bude v sobotu. P\u00e1n Boh zapla\u0165 za slu\u017ebu.<\/li>\n<\/ul>\n","protected":false},"excerpt":{"rendered":"<p>De\u0148 \u010cas Liturgick\u00fd kalend\u00e1r \u00damysel O\u010dak\u00e1vame Nede\u013ea 18.2. 7:00 8:15 9:45 1. p\u00f4stna nede\u013ea za veriacich Bodice: na \u00famysel za zdravie a Bo\u017eie po\u017eehnanie rodiny Homolovej Kr\u00ed\u017eov\u00e1 cesta o 14:00 Zbierka na charitu Pondelok 19.2. 7:00 Pondelok po 1. p\u00f4stnej nedeli + Helena Harmatov\u00e1 Utorok 20.2. 7:00 Utorok po 1. p\u00f4stnej nedeli za rodinu Urbanov\u00fa, [&hellip;]<\/p>\n","protected":false},"author":1,"featured_media":0,"comment_status":"closed","ping_status":"closed","sticky":false,"template":"","format":"standard","meta":{"_links_to":"","_links_to_target":""},"categories":[4,19],"tags":[],"_links":{"self":[{"href":"http:\/\/www.paludzka.fara.sk\/index.php?rest_route=\/wp\/v2\/posts\/4032"}],"collection":[{"href":"http:\/\/www.paludzka.fara.sk\/index.php?rest_route=\/wp\/v2\/posts"}],"about":[{"href":"http:\/\/www.paludzka.fara.sk\/index.php?rest_route=\/wp\/v2\/types\/post"}],"author":[{"embeddable":true,"href":"http:\/\/www.paludzka.fara.sk\/index.php?rest_route=\/wp\/v2\/users\/1"}],"replies":[{"embeddable":true,"href":"http:\/\/www.paludzka.fara.sk\/index.php?rest_route=%2Fwp%2Fv2%2Fcomments&post=4032"}],"version-history":[{"count":1,"href":"http:\/\/www.paludzka.fara.sk\/index.php?rest_route=\/wp\/v2\/posts\/4032\/revisions"}],"predecessor-version":[{"id":4034,"href":"http:\/\/www.paludzka.fara.sk\/index.php?rest_route=\/wp\/v2\/posts\/4032\/revisions\/4034"}],"wp:attachment":[{"href":"http:\/\/www.paludzka.fara.sk\/index.php?rest_route=%2Fwp%2Fv2%2Fmedia&parent=4032"}],"wp:term":[{"taxonomy":"category","embeddable":true,"href":"http:\/\/www.paludzka.fara.sk\/index.php?rest_route=%2Fwp%2Fv2%2Fcategories&post=4032"},{"taxonomy":"post_tag","embeddable":true,"href":"http:\/\/www.paludzka.fara.sk\/index.php?rest_route=%2Fwp%2Fv2%2Ftags&post=4032"}],"curies":[{"name":"wp","href":"https:\/\/api.w.org\/{rel}","templated":true}]}}