
{"id":4003,"date":"2024-02-11T00:00:00","date_gmt":"2024-02-10T23:00:00","guid":{"rendered":"http:\/\/www.paludzka.fara.sk\/?p=4003"},"modified":"2024-02-10T21:40:04","modified_gmt":"2024-02-10T20:40:04","slug":"farske-oznamy-11-2-18-2-2024","status":"publish","type":"post","link":"http:\/\/www.paludzka.fara.sk\/?p=4003","title":{"rendered":"Farsk\u00e9 oznamy 11.2.-18.2.2024"},"content":{"rendered":"<div class=\"table-responsive\">\n<table class=\"table table-bordered\">\n<thead>\n<tr>\n<th style=\"text-align: center;\">De\u0148<\/th>\n<th style=\"text-align: center;\">\u010cas<\/th>\n<th style=\"text-align: center;\">Liturgick\u00fd kalend\u00e1r<\/th>\n<th style=\"text-align: center;\">\u00damysel<\/th>\n<th style=\"text-align: center;\">O\u010dak\u00e1vame<\/th>\n<\/tr>\n<\/thead>\n<tbody>\n<tr>\n<td style=\"text-align: center;\"><strong>Nede\u013ea 11.2.<\/strong><\/td>\n<td style=\"text-align: center;\">7:00<\/p>\n<p><strong>8:15<\/strong><\/p>\n<p>9:45<\/td>\n<td style=\"text-align: center;\"><strong><span style=\"color: #008000;\">6. nede\u013ea v Cezro\u010dnom obdob\u00ed<\/span><\/strong><\/td>\n<td style=\"text-align: center;\">za veriacich<\/p>\n<p><strong>Bodice:<\/strong> na \u00famysel<\/p>\n<p>za zdravie a Bo\u017eie po\u017eehnanie pre pre 75 ro\u010dn\u00e9ho Franti\u0161ka<\/td>\n<td style=\"text-align: center;\">32. svetov\u00fd de\u0148 chor\u00fdch<\/td>\n<\/tr>\n<tr>\n<td style=\"text-align: center;\">Pondelok 12.2.<\/td>\n<td style=\"text-align: center;\">17:00<\/td>\n<td style=\"text-align: center;\">\n<p style=\"text-align: center;\"><span style=\"color: #ff0000;\"><span style=\"color: #008000;\">Pondelok 6. t\u00fd\u017ed\u0148a v Cezro\u010dnom obdob\u00ed<\/span><\/span><\/p>\n<\/td>\n<td style=\"text-align: center;\">+ Ernest, M\u00e1ria, J\u00e1n a Helena<\/td>\n<td style=\"text-align: center;\"><\/td>\n<\/tr>\n<tr>\n<td style=\"text-align: center;\">Utorok 13.2.<\/td>\n<td style=\"text-align: center;\"><span style=\"color: #000000;\">17:00<\/span><\/td>\n<td style=\"text-align: center;\">\n<p style=\"text-align: center;\"><span style=\"color: #008000;\">Utorok 6. t\u00fd\u017ed\u0148a v Cezro\u010dnom obdob\u00ed<\/span><\/p>\n<\/td>\n<td style=\"text-align: center;\">+ rodi\u010dia J\u00e1n a \u017dofia<\/td>\n<td style=\"text-align: center;\"><strong>Zmierna poklona o 16:30<\/strong> -Modlitba odprosenia Bo\u017esk\u00e9ho Srdca za hriechy spolo\u010dnosti.<\/td>\n<\/tr>\n<tr>\n<td style=\"text-align: center;\">Streda 14.2.<\/td>\n<td style=\"text-align: center;\"><strong>16:00<\/strong><\/p>\n<p>17:00<\/td>\n<td style=\"text-align: center;\"><span style=\"color: #800080;\">Popolcov\u00e1 streda<\/span><\/td>\n<td style=\"text-align: center;\"><strong>Bodice:<\/strong> na \u00famysel<\/p>\n<p>za rodinu \u0160kerdov\u00fa, deti a vn\u00fa\u010dat\u00e1<\/td>\n<td style=\"text-align: center;\"><span style=\"color: #800080;\">P\u00f4st a zdr\u017eovania sa m\u00e4sit\u00e9ho pokrmu.<\/span><\/p>\n<p><span style=\"color: #800080;\">Je de\u0148 pok\u00e1nia v\u00a0celej Cirkvi<\/span><\/td>\n<\/tr>\n<tr>\n<td style=\"text-align: center;\">\u0160tvrtok 15.2.<\/td>\n<td style=\"text-align: center;\">17:00<\/td>\n<td style=\"text-align: center;\"><span style=\"color: #800080;\">\u0160tvrtok po Popolcovej strede<\/span><\/td>\n<td style=\"text-align: center;\">za dar viery pre synov, brata a cel\u00fa rodinu<\/td>\n<td style=\"text-align: center;\"><\/td>\n<\/tr>\n<tr>\n<td style=\"text-align: center;\">Piatok 16.2.<\/td>\n<td style=\"text-align: center;\">17:00<\/td>\n<td style=\"text-align: center;\"><span style=\"color: #800080;\">Piatok po Popolcovej strede<\/span><\/td>\n<td style=\"text-align: center;\">za zdravie a Bo\u017eie po\u017eehnanie pre<br \/>\nrodiny Uhrinov\u00fa a \u0160ulekov\u00fa<\/td>\n<td style=\"text-align: center;\">N\u00e1cvik spevu o 16:30 na fare<\/p>\n<p>Kr\u00ed\u017eov\u00e1 cesta o 17:00 &#8211; deti<\/p>\n<p>sv. om\u0161a za \u00fa\u010dasti det\u00ed<\/td>\n<\/tr>\n<tr>\n<td style=\"text-align: center;\">Sobota 17.2.<\/td>\n<td style=\"text-align: center;\">8:00<\/td>\n<td style=\"text-align: center;\"><span style=\"color: #800080;\">Sobota po Popolcovej strede<\/span><\/td>\n<td style=\"text-align: center;\">za zdravie pre Bohuzn\u00e1mu<\/td>\n<td style=\"text-align: center;\"><\/td>\n<\/tr>\n<tr>\n<td style=\"text-align: center;\"><strong>Nede\u013ea 18.2.<\/strong><\/td>\n<td style=\"text-align: center;\">7:00<\/p>\n<p><strong>8:15<\/strong><\/p>\n<p>9:45<\/td>\n<td style=\"text-align: center;\"><span style=\"color: #800080;\"><strong>1. p\u00f4stna nede\u013ea<\/strong><\/span><\/td>\n<td style=\"text-align: center;\">za veriacich<\/p>\n<p><strong>Bodice:<\/strong> na \u00famysel<\/p>\n<p>za zdravie a Bo\u017eie po\u017eehnanie rodiny Homolovej<\/td>\n<td style=\"text-align: center;\">Kr\u00ed\u017eov\u00e1 cesta o 14:00<\/p>\n<p>&nbsp;<\/p>\n<p><strong>Zbierka na charitu<\/strong><\/td>\n<\/tr>\n<\/tbody>\n<\/table>\n<\/div>\n<ul>\n<li>sviatos\u0165 zmierenia je mo\u017en\u00e9 prija\u0165 pred sv. om\u0161ami.<\/li>\n<li>na Popolcov\u00fa stredu je pr\u00edsny p\u00f4st. Zdr\u017eovanie sa m\u00e4sit\u00e9ho pokrmu sa nem\u00f4\u017ee nahradi\u0165 in\u00fdm skutkom pok\u00e1nia. P\u00f4st znamen\u00e1 iba raz do d\u0148a sa dos\u00fdta najes\u0165 (pri\u010dom mo\u017eno prija\u0165 trochu pokrmu e\u0161te dvakr\u00e1t v priebehu d\u0148a).<\/li>\n<li>Bohuzn\u00e1mi man\u017eelia darovali pre farnos\u0165 100 \u20ac. P\u00e1n Boh zapla\u0165.<\/li>\n<li>na bud\u00facu nede\u013eu sa uskuto\u010dn\u00ed zbierka na charitu.<\/li>\n<li>o upratovanie kostola pros\u00edm rodiny Badl\u00edkov\u00fa, Kuskov\u00fa, Plevov\u00fa, Tur\u010dinov\u00fa a Je\u017eov\u00fa. Upratovanie bude v sobotu. P\u00e1n Boh zapla\u0165 za slu\u017ebu.<\/li>\n<\/ul>\n","protected":false},"excerpt":{"rendered":"<p>De\u0148 \u010cas Liturgick\u00fd kalend\u00e1r \u00damysel O\u010dak\u00e1vame Nede\u013ea 11.2. 7:00 8:15 9:45 6. nede\u013ea v Cezro\u010dnom obdob\u00ed za veriacich Bodice: na \u00famysel za zdravie a Bo\u017eie po\u017eehnanie pre pre 75 ro\u010dn\u00e9ho Franti\u0161ka 32. svetov\u00fd de\u0148 chor\u00fdch Pondelok 12.2. 17:00 Pondelok 6. t\u00fd\u017ed\u0148a v Cezro\u010dnom obdob\u00ed + Ernest, M\u00e1ria, J\u00e1n a Helena Utorok 13.2. 17:00 Utorok 6. [&hellip;]<\/p>\n","protected":false},"author":1,"featured_media":0,"comment_status":"closed","ping_status":"closed","sticky":false,"template":"","format":"standard","meta":{"_links_to":"","_links_to_target":""},"categories":[4,19],"tags":[],"_links":{"self":[{"href":"http:\/\/www.paludzka.fara.sk\/index.php?rest_route=\/wp\/v2\/posts\/4003"}],"collection":[{"href":"http:\/\/www.paludzka.fara.sk\/index.php?rest_route=\/wp\/v2\/posts"}],"about":[{"href":"http:\/\/www.paludzka.fara.sk\/index.php?rest_route=\/wp\/v2\/types\/post"}],"author":[{"embeddable":true,"href":"http:\/\/www.paludzka.fara.sk\/index.php?rest_route=\/wp\/v2\/users\/1"}],"replies":[{"embeddable":true,"href":"http:\/\/www.paludzka.fara.sk\/index.php?rest_route=%2Fwp%2Fv2%2Fcomments&post=4003"}],"version-history":[{"count":2,"href":"http:\/\/www.paludzka.fara.sk\/index.php?rest_route=\/wp\/v2\/posts\/4003\/revisions"}],"predecessor-version":[{"id":4033,"href":"http:\/\/www.paludzka.fara.sk\/index.php?rest_route=\/wp\/v2\/posts\/4003\/revisions\/4033"}],"wp:attachment":[{"href":"http:\/\/www.paludzka.fara.sk\/index.php?rest_route=%2Fwp%2Fv2%2Fmedia&parent=4003"}],"wp:term":[{"taxonomy":"category","embeddable":true,"href":"http:\/\/www.paludzka.fara.sk\/index.php?rest_route=%2Fwp%2Fv2%2Fcategories&post=4003"},{"taxonomy":"post_tag","embeddable":true,"href":"http:\/\/www.paludzka.fara.sk\/index.php?rest_route=%2Fwp%2Fv2%2Ftags&post=4003"}],"curies":[{"name":"wp","href":"https:\/\/api.w.org\/{rel}","templated":true}]}}