
{"id":3942,"date":"2024-01-28T00:00:40","date_gmt":"2024-01-27T23:00:40","guid":{"rendered":"http:\/\/www.paludzka.fara.sk\/?p=3942"},"modified":"2024-01-27T20:59:26","modified_gmt":"2024-01-27T19:59:26","slug":"farske-oznamy-28-1-4-2-2024","status":"publish","type":"post","link":"http:\/\/www.paludzka.fara.sk\/?p=3942","title":{"rendered":"Farsk\u00e9 oznamy 28.1.-4.2.2024"},"content":{"rendered":"<div class=\"table-responsive\">\n<table class=\"table table-bordered\">\n<thead>\n<tr>\n<th style=\"text-align: center;\">De\u0148<\/th>\n<th style=\"text-align: center;\">\u010cas<\/th>\n<th style=\"text-align: center;\">Liturgick\u00fd kalend\u00e1r<\/th>\n<th style=\"text-align: center;\">\u00damysel<\/th>\n<th style=\"text-align: center;\">O\u010dak\u00e1vame<\/th>\n<\/tr>\n<\/thead>\n<tbody>\n<tr>\n<td style=\"text-align: center;\"><strong>Nede\u013ea 28.1.<\/strong><\/td>\n<td style=\"text-align: center;\">7:00<\/p>\n<p><strong>8:15<\/strong><\/p>\n<p>9:45<\/td>\n<td style=\"text-align: center;\"><strong><span style=\"color: #008000;\">4. nede\u013ea v Cezro\u010dnom obdob\u00ed<\/span><\/strong><\/td>\n<td style=\"text-align: center;\">za veriacich<\/p>\n<p><strong>Bodice:<\/strong> na \u00famysel<\/p>\n<p>+ Ant\u00f3nia<\/td>\n<td style=\"text-align: center;\"><strong>Stretnutie s rodi\u010dmi prvoprij\u00edmaj\u00facich det\u00ed<\/strong><br \/>\n<strong>po sv. om\u0161i o 9:45<\/strong><\/td>\n<\/tr>\n<tr>\n<td style=\"text-align: center;\">Pondelok 29.1.<\/td>\n<td style=\"text-align: center;\">17:00<\/td>\n<td style=\"text-align: center;\">\n<p style=\"text-align: center;\"><span style=\"color: #008000;\">Pondelok 4. t\u00fd\u017ed\u0148a v Cezro\u010dnom obdob\u00ed<\/span><\/p>\n<\/td>\n<td style=\"text-align: center;\">+ krstn\u00ed rodi\u010dia Matej a Anna<\/td>\n<td style=\"text-align: center;\">vysluhovanie sv. zmierenia od 16:30<\/td>\n<\/tr>\n<tr>\n<td style=\"text-align: center;\">Utorok 30.1.<\/td>\n<td style=\"text-align: center;\"><span style=\"color: #000000;\">17:00<\/span><\/td>\n<td style=\"text-align: center;\">\n<p style=\"text-align: center;\"><span style=\"color: #808000;\"><span style=\"color: #008000;\">Utorok 4. t\u00fd\u017ed\u0148a v Cezro\u010dnom obdob\u00ed<\/span><\/span><\/p>\n<\/td>\n<td style=\"text-align: center;\">za zdravie a Bo\u017eie po\u017eehnanie rodiny Palajovej<\/td>\n<td style=\"text-align: center;\">vysluhovanie sv. zmierenia od 16:30<\/td>\n<\/tr>\n<tr>\n<td style=\"text-align: center;\">Streda 31.1.<\/td>\n<td style=\"text-align: center;\">7:00<\/td>\n<td style=\"text-align: center;\"><span style=\"color: #808000;\">Sv\u00e4t\u00e9ho J\u00e1na Bosca, k\u0148aza<\/span><\/p>\n<p><span style=\"color: #808000;\">spomienka<\/span><\/td>\n<td style=\"text-align: center;\">+ Stanislav<\/td>\n<td style=\"text-align: center;\"><\/td>\n<\/tr>\n<tr>\n<td style=\"text-align: center;\">\u0160tvrtok 1.2.<\/td>\n<td style=\"text-align: center;\">17:00<\/td>\n<td style=\"text-align: center;\"><span style=\"color: #808000;\">Za povolania na k\u0148azsk\u00fd stav<\/span><\/td>\n<td style=\"text-align: center;\">+ Juraj, M\u00e1ria a Juraj<\/td>\n<td style=\"text-align: center;\">Prv\u00fd \u0161tvrtok v mesiaci \u2013 de\u0148 modlitieb za duchovn\u00e9 povolania<\/p>\n<p>Ador\u00e1cia do 16:15<\/p>\n<p>vysluhovanie sv. zmierenia od 16:15<\/td>\n<\/tr>\n<tr>\n<td style=\"text-align: center;\">Piatok 2.2.<\/td>\n<td style=\"text-align: center;\"><strong>16:00<\/strong><\/p>\n<p>17:00<\/td>\n<td style=\"text-align: center;\"><span style=\"color: #808000;\">Obetovanie P\u00e1na<\/span><\/p>\n<p><span style=\"color: #808000;\">sviatok<\/span><\/p>\n<p><span style=\"color: #808000;\">Prv\u00fd piatok<\/span><\/td>\n<td style=\"text-align: center;\"><strong>Bodice:<\/strong> na \u00famysel<\/p>\n<p>+ Franti\u0161ka, Ondrej a Miroslav<\/td>\n<td style=\"text-align: center;\">n\u00e1v\u0161teva chor\u00fdch od 8:00<\/p>\n<p><strong>Bodice:<\/strong> sv. zmierenia od 16:15<\/p>\n<p>pri sv. om\u0161iach po\u017eehnanie sviec<\/td>\n<\/tr>\n<tr>\n<td style=\"text-align: center;\">Sobota 3.2.<\/td>\n<td style=\"text-align: center;\">8:00<\/td>\n<td style=\"text-align: center;\"><span style=\"color: #0000ff;\">O Nepo\u0161kvrnenom Srdci Panny M\u00e1rie<\/span><\/td>\n<td style=\"text-align: center;\">+ Daniel a Andrea<\/td>\n<td style=\"text-align: center;\">Fatimsk\u00e1 pobo\u017enos\u0165 o 7:30<\/p>\n<p>v z\u00e1vere sv. om\u0161e sv\u00e4tobla\u017eejsk\u00e9 po\u017eehnanie hrdla<\/td>\n<\/tr>\n<tr>\n<td style=\"text-align: center;\"><strong>Nede\u013ea 4.2.<\/strong><\/td>\n<td style=\"text-align: center;\">7:00<\/p>\n<p><strong>8:15<\/strong><\/p>\n<p>9:45<\/td>\n<td style=\"text-align: center;\"><strong><span style=\"color: #008000;\">5. nede\u013ea v Cezro\u010dnom obdob\u00ed<\/span><\/strong><\/td>\n<td style=\"text-align: center;\">za veriacich<\/p>\n<p><strong>Bodice:<\/strong> na \u00famysel<\/p>\n<p>+ Nely, Magda, Franti\u0161ek a M\u00e1ria<\/td>\n<td style=\"text-align: center;\"><\/td>\n<\/tr>\n<\/tbody>\n<\/table>\n<\/div>\n<ul>\n<li>o upratovanie kostola pros\u00edm rodiny Ku\u010derov\u00fa, Adam\u010diakov\u00fa J., Pec\u00fachov\u00fa a Da\u0148ov\u00fa. Upratovanie bude v sobotu. P\u00e1n Boh zapla\u0165 za slu\u017ebu.<\/li>\n<\/ul>\n","protected":false},"excerpt":{"rendered":"<p>De\u0148 \u010cas Liturgick\u00fd kalend\u00e1r \u00damysel O\u010dak\u00e1vame Nede\u013ea 28.1. 7:00 8:15 9:45 4. nede\u013ea v Cezro\u010dnom obdob\u00ed za veriacich Bodice: na \u00famysel + Ant\u00f3nia Stretnutie s rodi\u010dmi prvoprij\u00edmaj\u00facich det\u00ed po sv. om\u0161i o 9:45 Pondelok 29.1. 17:00 Pondelok 4. t\u00fd\u017ed\u0148a v Cezro\u010dnom obdob\u00ed + krstn\u00ed rodi\u010dia Matej a Anna vysluhovanie sv. zmierenia od 16:30 Utorok 30.1. [&hellip;]<\/p>\n","protected":false},"author":1,"featured_media":0,"comment_status":"closed","ping_status":"closed","sticky":false,"template":"","format":"standard","meta":{"_links_to":"","_links_to_target":""},"categories":[4,19],"tags":[],"_links":{"self":[{"href":"http:\/\/www.paludzka.fara.sk\/index.php?rest_route=\/wp\/v2\/posts\/3942"}],"collection":[{"href":"http:\/\/www.paludzka.fara.sk\/index.php?rest_route=\/wp\/v2\/posts"}],"about":[{"href":"http:\/\/www.paludzka.fara.sk\/index.php?rest_route=\/wp\/v2\/types\/post"}],"author":[{"embeddable":true,"href":"http:\/\/www.paludzka.fara.sk\/index.php?rest_route=\/wp\/v2\/users\/1"}],"replies":[{"embeddable":true,"href":"http:\/\/www.paludzka.fara.sk\/index.php?rest_route=%2Fwp%2Fv2%2Fcomments&post=3942"}],"version-history":[{"count":2,"href":"http:\/\/www.paludzka.fara.sk\/index.php?rest_route=\/wp\/v2\/posts\/3942\/revisions"}],"predecessor-version":[{"id":3945,"href":"http:\/\/www.paludzka.fara.sk\/index.php?rest_route=\/wp\/v2\/posts\/3942\/revisions\/3945"}],"wp:attachment":[{"href":"http:\/\/www.paludzka.fara.sk\/index.php?rest_route=%2Fwp%2Fv2%2Fmedia&parent=3942"}],"wp:term":[{"taxonomy":"category","embeddable":true,"href":"http:\/\/www.paludzka.fara.sk\/index.php?rest_route=%2Fwp%2Fv2%2Fcategories&post=3942"},{"taxonomy":"post_tag","embeddable":true,"href":"http:\/\/www.paludzka.fara.sk\/index.php?rest_route=%2Fwp%2Fv2%2Ftags&post=3942"}],"curies":[{"name":"wp","href":"https:\/\/api.w.org\/{rel}","templated":true}]}}