
{"id":392,"date":"2018-02-25T00:00:10","date_gmt":"2018-02-24T23:00:10","guid":{"rendered":"http:\/\/www.paludzka.fara.sk\/?p=392"},"modified":"2018-02-25T01:09:21","modified_gmt":"2018-02-25T00:09:21","slug":"farske-oznamy-25-2-4-3-2018","status":"publish","type":"post","link":"http:\/\/www.paludzka.fara.sk\/?p=392","title":{"rendered":"Farsk\u00e9 oznamy 25.2.-4.3.2018"},"content":{"rendered":"<h3 style=\"text-align: center;\">Liturgick\u00fd preh\u013ead a program bohoslu\u017eieb na t\u00fd\u017ede\u0148 25.2. &#8211; 4.3. 2018<\/h3>\n<p><strong>Oznamy pre farsk\u00fd kostol:<\/strong><\/p>\n<div class=\"table-responsive\">\n<table class=\"table table-bordered\">\n<thead>\n<tr>\n<th style=\"text-align: center;\">d\u00e1tum<\/th>\n<th style=\"text-align: center;\">sv. om\u0161a<\/th>\n<th style=\"text-align: center;\">liturgick\u00fd de\u0148<\/th>\n<th style=\"text-align: center;\">\u00famysel<\/th>\n<\/tr>\n<\/thead>\n<tbody>\n<tr>\n<td style=\"text-align: center;\"><strong>Nede\u013ea 25.2.<\/strong><\/td>\n<td style=\"text-align: center;\"><strong>9:30<\/strong><\/td>\n<td style=\"text-align: center;\"><strong>2. p\u00f4stna nede\u013ea<\/strong><\/td>\n<td style=\"text-align: center;\"><strong>za farnos\u0165<\/strong><\/td>\n<\/tr>\n<tr>\n<td style=\"text-align: center;\">Pondelok 26.2.<\/td>\n<td style=\"text-align: center;\">18:00<\/td>\n<td style=\"text-align: center;\">Pondelok po 2. p\u00f4stnej nedeli<\/td>\n<td style=\"text-align: center;\">+ Jozef, M\u00e1ria, \u013dudov\u00edt<\/td>\n<\/tr>\n<tr>\n<td style=\"text-align: center;\">Utorok 27.2.<\/td>\n<td style=\"text-align: center;\">18:00<\/td>\n<td style=\"text-align: center;\">Utorok po 2. p\u00f4stnej nedeli<\/td>\n<td style=\"text-align: center;\">+ Jozef, M\u00e1ria<\/td>\n<\/tr>\n<tr>\n<td style=\"text-align: center;\">Streda 28.2.<\/td>\n<td style=\"text-align: center;\">18:00<\/td>\n<td style=\"text-align: center;\">Streda po 2. p\u00f4stnej nedeli<\/td>\n<td style=\"text-align: center;\">+ Jozef, M\u00e1ria<\/td>\n<\/tr>\n<tr>\n<td style=\"text-align: center;\">\u0160tvrtok 1.3.<\/td>\n<td style=\"text-align: center;\">7:00<\/td>\n<td style=\"text-align: center;\">\u0160tvrtok po 2. p\u00f4stnej nedeli<\/td>\n<td style=\"text-align: center;\">+ Jozef, k\u0148az<\/td>\n<\/tr>\n<tr>\n<td style=\"text-align: center;\">Piatok 2.3.<\/td>\n<td style=\"text-align: center;\">18:00<\/td>\n<td style=\"text-align: center;\">Piatok po 2. p\u00f4stnej nedeli<\/td>\n<td style=\"text-align: center;\">na \u00famysel<\/td>\n<\/tr>\n<tr>\n<td style=\"text-align: center;\">Sobota 3.3.<\/td>\n<td style=\"text-align: center;\">8:00<\/td>\n<td style=\"text-align: center;\">Sobota po 2. p\u00f4stnej nedeli<\/td>\n<td style=\"text-align: center;\">na \u00famysel<\/td>\n<\/tr>\n<tr>\n<td style=\"text-align: center;\"><strong>Nede\u013ea 4.3.<\/strong><\/td>\n<td style=\"text-align: center;\"><strong>9:30<\/strong><\/td>\n<td style=\"text-align: center;\"><strong>\u00a03. p\u00f4stna nede\u013ea<\/strong><\/td>\n<td style=\"text-align: center;\"><strong>za farnos\u0165<\/strong><\/td>\n<\/tr>\n<\/tbody>\n<\/table>\n<\/div>\n<p><strong>Oznamy pre fili\u00e1lku Bodice:<\/strong><\/p>\n<div class=\"table-responsive\">\n<table class=\"table table-bordered\">\n<thead>\n<tr>\n<th style=\"text-align: center;\">d\u00e1tum<\/th>\n<th style=\"text-align: center;\">sv. om\u0161a<\/th>\n<th style=\"text-align: center;\">liturgick\u00fd de\u0148<\/th>\n<\/tr>\n<\/thead>\n<tbody>\n<tr>\n<td style=\"text-align: center;\"><strong>Nede\u013ea 25.2.<\/strong><\/td>\n<td style=\"text-align: center;\"><b>8:00<\/b><\/td>\n<td style=\"text-align: center;\"><strong>2. p\u00f4stna nede\u013ea<\/strong><\/td>\n<\/tr>\n<tr>\n<td style=\"text-align: center;\">Piatok 2.3.<\/td>\n<td style=\"text-align: center;\">17:00<\/td>\n<td style=\"text-align: center;\">Piatok po 2. p\u00f4stnej nedeli<\/td>\n<\/tr>\n<tr>\n<td style=\"text-align: center;\"><strong>Nede\u013ea 4.3.<\/strong><\/td>\n<td style=\"text-align: center;\"><strong style=\"font-family: inherit; font-size: inherit;\">8:00<\/strong><\/td>\n<td style=\"text-align: center;\"><strong>3. p\u00f4stna nede\u013ea<\/strong><\/td>\n<\/tr>\n<\/tbody>\n<\/table>\n<\/div>\n<div class=\"table-responsive\"><\/div>\n<ul>\n<li>V\u00a0p\u00f4stnom obdob\u00ed sa budeme stret\u00e1va\u0165 pri pobo\u017enosti Kr\u00ed\u017eovej cesty v\u00a0piatok o\u00a017:30 hod.<\/li>\n<li>Spevokol dospel\u00fdch m\u00e1 n\u00e1cvik v\u00a0pondelok po sv\u00e4tej om\u0161i.<\/li>\n<li>Spevokol det\u00ed m\u00e1 n\u00e1cvik v\u00a0piatok po sv\u00e4tej om\u0161i.<\/li>\n<li>V\u00a0tomto t\u00fd\u017edni je 1. piatok v\u00a0mesiaci marec.<\/li>\n<li>Spovedanie v\u00a0Pal\u00fadzke: v pondelok, v utorok, v stredu 17:30 &#8211; 18:00, v piatok 14:00 &#8211; 16:00.<\/li>\n<li>Spovedanie v\u00a0Bodiciach: v piatok 16:30 &#8211; 17:00<\/li>\n<\/ul>\n","protected":false},"excerpt":{"rendered":"<p>Liturgick\u00fd preh\u013ead a program bohoslu\u017eieb na t\u00fd\u017ede\u0148 25.2. &#8211; 4.3. 2018 Oznamy pre farsk\u00fd kostol: d\u00e1tum sv. om\u0161a liturgick\u00fd de\u0148 \u00famysel Nede\u013ea 25.2. 9:30 2. p\u00f4stna nede\u013ea za farnos\u0165 Pondelok 26.2. 18:00 Pondelok po 2. p\u00f4stnej nedeli + Jozef, M\u00e1ria, \u013dudov\u00edt Utorok 27.2. 18:00 Utorok po 2. p\u00f4stnej nedeli + Jozef, M\u00e1ria Streda 28.2. 18:00 [&hellip;]<\/p>\n","protected":false},"author":1,"featured_media":0,"comment_status":"open","ping_status":"open","sticky":false,"template":"","format":"standard","meta":{"_links_to":"","_links_to_target":""},"categories":[4,19],"tags":[],"_links":{"self":[{"href":"http:\/\/www.paludzka.fara.sk\/index.php?rest_route=\/wp\/v2\/posts\/392"}],"collection":[{"href":"http:\/\/www.paludzka.fara.sk\/index.php?rest_route=\/wp\/v2\/posts"}],"about":[{"href":"http:\/\/www.paludzka.fara.sk\/index.php?rest_route=\/wp\/v2\/types\/post"}],"author":[{"embeddable":true,"href":"http:\/\/www.paludzka.fara.sk\/index.php?rest_route=\/wp\/v2\/users\/1"}],"replies":[{"embeddable":true,"href":"http:\/\/www.paludzka.fara.sk\/index.php?rest_route=%2Fwp%2Fv2%2Fcomments&post=392"}],"version-history":[{"count":4,"href":"http:\/\/www.paludzka.fara.sk\/index.php?rest_route=\/wp\/v2\/posts\/392\/revisions"}],"predecessor-version":[{"id":404,"href":"http:\/\/www.paludzka.fara.sk\/index.php?rest_route=\/wp\/v2\/posts\/392\/revisions\/404"}],"wp:attachment":[{"href":"http:\/\/www.paludzka.fara.sk\/index.php?rest_route=%2Fwp%2Fv2%2Fmedia&parent=392"}],"wp:term":[{"taxonomy":"category","embeddable":true,"href":"http:\/\/www.paludzka.fara.sk\/index.php?rest_route=%2Fwp%2Fv2%2Fcategories&post=392"},{"taxonomy":"post_tag","embeddable":true,"href":"http:\/\/www.paludzka.fara.sk\/index.php?rest_route=%2Fwp%2Fv2%2Ftags&post=392"}],"curies":[{"name":"wp","href":"https:\/\/api.w.org\/{rel}","templated":true}]}}