
{"id":3899,"date":"2024-01-21T00:00:02","date_gmt":"2024-01-20T23:00:02","guid":{"rendered":"http:\/\/www.paludzka.fara.sk\/?p=3899"},"modified":"2024-01-22T11:30:38","modified_gmt":"2024-01-22T10:30:38","slug":"farske-oznamy-21-1-28-1-2024","status":"publish","type":"post","link":"http:\/\/www.paludzka.fara.sk\/?p=3899","title":{"rendered":"Farsk\u00e9 oznamy 21.1.-28.1.2024"},"content":{"rendered":"<div class=\"table-responsive\">\n<table class=\"table table-bordered\">\n<thead>\n<tr>\n<th style=\"text-align: center;\">De\u0148<\/th>\n<th style=\"text-align: center;\">\u010cas<\/th>\n<th style=\"text-align: center;\">Liturgick\u00fd kalend\u00e1r<\/th>\n<th style=\"text-align: center;\">\u00damysel<\/th>\n<th style=\"text-align: center;\">O\u010dak\u00e1vame<\/th>\n<\/tr>\n<\/thead>\n<tbody>\n<tr>\n<td style=\"text-align: center;\"><strong>Nede\u013ea 21.1.<\/strong><\/td>\n<td style=\"text-align: center;\">7:00<\/p>\n<p><strong>8:15<\/strong><\/p>\n<p>9:45<\/td>\n<td style=\"text-align: center;\"><strong><span style=\"color: #008000;\">3. nede\u013ea v Cezro\u010dnom obdob\u00ed<\/span><\/strong><\/p>\n<p>Nede\u013ea Bo\u017eieho slova<\/td>\n<td style=\"text-align: center;\">na \u00famysel ordin\u00e1ra<\/p>\n<p><strong>Bodice:<\/strong> na \u00famysel<\/p>\n<p>za veriacich<\/td>\n<td style=\"text-align: center;\"><\/td>\n<\/tr>\n<tr>\n<td style=\"text-align: center;\">Pondelok 22.1.<\/td>\n<td style=\"text-align: center;\">17:00<\/td>\n<td style=\"text-align: center;\">\n<p style=\"text-align: center;\"><span style=\"color: #008000;\">Pondelok 3. t\u00fd\u017ed\u0148a v Cezro\u010dnom obdob\u00ed<\/span><\/p>\n<\/td>\n<td style=\"text-align: center;\">+ rodi\u010dia J\u00e1n a Em\u00edlia a + star\u00ed rodi\u010dia<\/td>\n<td style=\"text-align: center;\"><\/td>\n<\/tr>\n<tr>\n<td style=\"text-align: center;\">Utorok 23.1.<\/td>\n<td style=\"text-align: center;\"><span style=\"color: #000000;\">17:00<\/span><\/td>\n<td style=\"text-align: center;\">\n<p style=\"text-align: center;\"><span style=\"color: #808000;\"><span style=\"color: #008000;\">Utorok 3. t\u00fd\u017ed\u0148a v Cezro\u010dnom obdob\u00ed<\/span><\/span><\/p>\n<\/td>\n<td style=\"text-align: center;\">za zdravie a Bo\u017eie po\u017eehnanie<br \/>\nrodiny Tom\u010d\u00edkovej<\/td>\n<td style=\"text-align: center;\"><\/td>\n<\/tr>\n<tr>\n<td style=\"text-align: center;\">Streda 24.1.<\/td>\n<td style=\"text-align: center;\">7:00<\/td>\n<td style=\"text-align: center;\"><span style=\"color: #808000;\">Sv\u00e4t\u00e9ho Franti\u0161ka Salesk\u00e9ho,<\/span><br \/>\n<span style=\"color: #808000;\">biskupa a u\u010dite\u013ea Cirkvi<\/span><span style=\"color: #808000;\">spomienka<\/span><\/td>\n<td style=\"text-align: center;\">po\u010fakovanie za 20 rokov man\u017eelstva<br \/>\na\u00a0po\u017eehnanie rodiny<\/td>\n<td style=\"text-align: center;\"><\/td>\n<\/tr>\n<tr>\n<td style=\"text-align: center;\">\u0160tvrtok 25.1.<\/td>\n<td style=\"text-align: center;\">17:00<\/td>\n<td style=\"text-align: center;\"><span style=\"color: #808000;\">Obr\u00e1tenie sv\u00e4t\u00e9ho Pavla, apo\u0161tola<\/span><\/p>\n<p><span style=\"color: #808000;\">sviatok<\/span><\/td>\n<td style=\"text-align: center;\">+ Anna, nedo\u017eit\u00fdch 88 rokov \u017eivota<\/td>\n<td style=\"text-align: center;\">Ador\u00e1cia od 16:30<\/td>\n<\/tr>\n<tr>\n<td style=\"text-align: center;\">Piatok 26.1.<\/td>\n<td style=\"text-align: center;\">17:00<\/td>\n<td style=\"text-align: center;\"><span style=\"color: #808000;\">Sv\u00e4t\u00fdch Timoteja a T\u00edta, biskupov<\/span><\/p>\n<p><span style=\"color: #808000;\">spomienka<\/span><\/td>\n<td style=\"text-align: center;\">za zdravie a Bo\u017eie po\u017eehnanie<br \/>\ndet\u00ed a vn\u00fa\u010dat<\/td>\n<td style=\"text-align: center;\"><\/td>\n<\/tr>\n<tr>\n<td style=\"text-align: center;\">Sobota 27.1.<\/td>\n<td style=\"text-align: center;\">8:00<\/td>\n<td style=\"text-align: center;\"><span style=\"color: #0000ff;\">Preblahoslavenej Panny M\u00e1rie v sobotu<\/span><\/p>\n<p><span style=\"color: #0000ff;\">\u013eubovo\u013en\u00e1 spomienka<\/span><\/td>\n<td style=\"text-align: center;\">+ man\u017eel<\/td>\n<td style=\"text-align: center;\"><\/td>\n<\/tr>\n<tr>\n<td style=\"text-align: center;\"><strong>Nede\u013ea 28.1.<\/strong><\/td>\n<td style=\"text-align: center;\">7:00<\/p>\n<p><strong>8:15<\/strong><\/p>\n<p>9:45<\/td>\n<td style=\"text-align: center;\"><strong><span style=\"color: #008000;\">4. nede\u013ea v Cezro\u010dnom obdob\u00ed<\/span><\/strong><\/td>\n<td style=\"text-align: center;\">za veriacich<\/p>\n<p><strong>Bodice:<\/strong> na \u00famysel<\/p>\n<p>+ Ant\u00f3nia<\/td>\n<td style=\"text-align: center;\"><strong>Stretnutie s rodi\u010dmi prvoprij\u00edmaj\u00facich det\u00ed<\/strong><br \/>\n<strong>po sv. om\u0161i o 9:45<\/strong><\/td>\n<\/tr>\n<\/tbody>\n<\/table>\n<\/div>\n<ul>\n<li>od 18. do 25. janu\u00e1ra je T\u00fd\u017ede\u0148 modlitieb za jednotu kres\u0165anov. Pam\u00e4tajme vo svojich modlitb\u00e1ch a obet\u00e1ch na jednotu medzi kres\u0165anmi. Veriaci, ktor\u00fd sa po\u010das T\u00fd\u017ed\u0148a Modlitieb za kres\u0165anov z\u00fa\u010dastn\u00ed na niektorej z bohoslu\u017eieb a taktie\u017e na zakon\u010den\u00ed tohto t\u00fd\u017ed\u0148a modlitieb, m\u00f4\u017ee z\u00edska\u0165 \u00fapln\u00e9 odpustky.<\/li>\n<li>dne\u0161n\u00e1 nede\u013ea je Nede\u013eou Bo\u017eieho slova. M\u00e1 by\u0165 d\u0148om oslavy, \u0161t\u00fadia a \u0161\u00edrenia Bo\u017eieho slova.<\/li>\n<li>\u00famysly sv. om\u0161\u00ed na mesiac febru\u00e1r budem zapisova\u0165 v pondelok po sv. om\u0161i.<\/li>\n<li>v nede\u013eu 21. janu\u00e1ra 2024, na 3. cezro\u010dn\u00fa nede\u013eu &#8211; Nede\u013eu Bo\u017eieho slova, za\u010d\u00edna 2. etapa diec\u00e9zneho pastora\u010dn\u00e9ho pl\u00e1nu \u201eJe\u017ei\u0161ova cesta do Emauz\u201c. Na webovej str\u00e1nke diec\u00e9zy n\u00e1jdete odpor\u00fa\u010dan\u00e9 aktivity pre t\u00fato etapu. S\u00fa to aktivity Pre\u010d\u00edtajme za rok Sv\u00e4t\u00e9 p\u00edsmo, Introniz\u00e1cia Sv\u00e4t\u00e9ho p\u00edsma v rodine, Biblick\u00e1 ador\u00e1cia, \u017div\u00e9 slovo, \u0160ifra pre pr\u00e1cu so Sv\u00e4t\u00fdm P\u00edsmom. \u010eal\u0161ie aktivity bud\u00fa prid\u00e1van\u00e9 postupne.<\/li>\n<li>o upratovanie kostola pros\u00edm rodiny Hri\u010d\u00e1kov\u00fa, Dia\u010dikov\u00fa, Korman\u00edkov\u00fa a S\u00e1lusov\u00fa. Upratovanie bude v sobotu. P\u00e1n Boh zapla\u0165 za slu\u017ebu.<\/li>\n<\/ul>\n","protected":false},"excerpt":{"rendered":"<p>De\u0148 \u010cas Liturgick\u00fd kalend\u00e1r \u00damysel O\u010dak\u00e1vame Nede\u013ea 21.1. 7:00 8:15 9:45 3. nede\u013ea v Cezro\u010dnom obdob\u00ed Nede\u013ea Bo\u017eieho slova na \u00famysel ordin\u00e1ra Bodice: na \u00famysel za veriacich Pondelok 22.1. 17:00 Pondelok 3. t\u00fd\u017ed\u0148a v Cezro\u010dnom obdob\u00ed + rodi\u010dia J\u00e1n a Em\u00edlia a + star\u00ed rodi\u010dia Utorok 23.1. 17:00 Utorok 3. t\u00fd\u017ed\u0148a v Cezro\u010dnom obdob\u00ed za [&hellip;]<\/p>\n","protected":false},"author":1,"featured_media":0,"comment_status":"closed","ping_status":"closed","sticky":false,"template":"","format":"standard","meta":{"_links_to":"","_links_to_target":""},"categories":[4,19],"tags":[],"_links":{"self":[{"href":"http:\/\/www.paludzka.fara.sk\/index.php?rest_route=\/wp\/v2\/posts\/3899"}],"collection":[{"href":"http:\/\/www.paludzka.fara.sk\/index.php?rest_route=\/wp\/v2\/posts"}],"about":[{"href":"http:\/\/www.paludzka.fara.sk\/index.php?rest_route=\/wp\/v2\/types\/post"}],"author":[{"embeddable":true,"href":"http:\/\/www.paludzka.fara.sk\/index.php?rest_route=\/wp\/v2\/users\/1"}],"replies":[{"embeddable":true,"href":"http:\/\/www.paludzka.fara.sk\/index.php?rest_route=%2Fwp%2Fv2%2Fcomments&post=3899"}],"version-history":[{"count":2,"href":"http:\/\/www.paludzka.fara.sk\/index.php?rest_route=\/wp\/v2\/posts\/3899\/revisions"}],"predecessor-version":[{"id":3943,"href":"http:\/\/www.paludzka.fara.sk\/index.php?rest_route=\/wp\/v2\/posts\/3899\/revisions\/3943"}],"wp:attachment":[{"href":"http:\/\/www.paludzka.fara.sk\/index.php?rest_route=%2Fwp%2Fv2%2Fmedia&parent=3899"}],"wp:term":[{"taxonomy":"category","embeddable":true,"href":"http:\/\/www.paludzka.fara.sk\/index.php?rest_route=%2Fwp%2Fv2%2Fcategories&post=3899"},{"taxonomy":"post_tag","embeddable":true,"href":"http:\/\/www.paludzka.fara.sk\/index.php?rest_route=%2Fwp%2Fv2%2Ftags&post=3899"}],"curies":[{"name":"wp","href":"https:\/\/api.w.org\/{rel}","templated":true}]}}