
{"id":3882,"date":"2024-01-14T00:00:57","date_gmt":"2024-01-13T23:00:57","guid":{"rendered":"http:\/\/www.paludzka.fara.sk\/?p=3882"},"modified":"2024-01-17T12:37:57","modified_gmt":"2024-01-17T11:37:57","slug":"farske-oznamy-14-1-21-1-2024","status":"publish","type":"post","link":"http:\/\/www.paludzka.fara.sk\/?p=3882","title":{"rendered":"Farsk\u00e9 oznamy 14.1.-21.1.2024"},"content":{"rendered":"<div class=\"table-responsive\">\n<table class=\"table table-bordered\">\n<thead>\n<tr>\n<th style=\"text-align: center;\">De\u0148<\/th>\n<th style=\"text-align: center;\">\u010cas<\/th>\n<th style=\"text-align: center;\">Liturgick\u00fd kalend\u00e1r<\/th>\n<th style=\"text-align: center;\">\u00damysel<\/th>\n<th style=\"text-align: center;\">O\u010dak\u00e1vame<\/th>\n<\/tr>\n<\/thead>\n<tbody>\n<tr>\n<td style=\"text-align: center;\"><strong>Nede\u013ea 14.1.<\/strong><\/td>\n<td style=\"text-align: center;\">7:00<\/p>\n<p><strong>8:15<\/strong><\/p>\n<p>9:45<\/td>\n<td style=\"text-align: center;\"><strong><span style=\"color: #008000;\">2. nede\u013ea v Cezro\u010dnom obdob\u00ed<\/span><\/strong><\/td>\n<td style=\"text-align: center;\">na \u00famysel ordin\u00e1ra<\/p>\n<p><strong>Bodice:<\/strong> na \u00famysel<\/p>\n<p>za veriacich<\/td>\n<td style=\"text-align: center;\"><\/td>\n<\/tr>\n<tr>\n<td style=\"text-align: center;\">Pondelok 15.1.<\/td>\n<td style=\"text-align: center;\">17:00<\/td>\n<td style=\"text-align: center;\">\n<p style=\"text-align: center;\"><span style=\"color: #008000;\">Pondelok 2. t\u00fd\u017ed\u0148a v Cezro\u010dnom obdob\u00ed<\/span><\/p>\n<\/td>\n<td style=\"text-align: center;\">+ Peter a Anna<\/td>\n<td style=\"text-align: center;\"><\/td>\n<\/tr>\n<tr>\n<td style=\"text-align: center;\">Utorok 16.1.<\/td>\n<td style=\"text-align: center;\"><span style=\"color: #000000;\">17:00<\/span><\/td>\n<td style=\"text-align: center;\">\n<p style=\"text-align: center;\"><span style=\"color: #808000;\"><span style=\"color: #008000;\">Utorok 2. t\u00fd\u017ed\u0148a v Cezro\u010dnom obdob\u00ed<\/span><\/span><\/p>\n<\/td>\n<td style=\"text-align: center;\">za zdravie a Bo\u017eie po\u017eehnanie<br \/>\npre deti a vn\u00fa\u010dat\u00e1<\/td>\n<td style=\"text-align: center;\"><\/td>\n<\/tr>\n<tr>\n<td style=\"text-align: center;\">Streda 17.1.<\/td>\n<td style=\"text-align: center;\">7:00<\/td>\n<td style=\"text-align: center;\"><span style=\"color: #808000;\">Sv\u00e4t\u00e9ho Antona, op\u00e1ta<\/span><\/p>\n<p><span style=\"color: #808000;\">spomienka<\/span><\/td>\n<td style=\"text-align: center;\">+ Roz\u00e1lia a Ondrej<\/td>\n<td style=\"text-align: center;\"><\/td>\n<\/tr>\n<tr>\n<td style=\"text-align: center;\">\u0160tvrtok 18.1.<\/td>\n<td style=\"text-align: center;\">17:00<\/td>\n<td style=\"text-align: center;\"><span style=\"color: #008000;\">\u0160tvrtok 2. t\u00fd\u017ed\u0148a v Cezro\u010dnom obdob\u00ed<\/span><\/td>\n<td style=\"text-align: center;\">za zdravie a Bo\u017eie po\u017eehnanie pre<br \/>\nman\u017eelov Tom\u010d\u00edkov\u00fdch<\/td>\n<td style=\"text-align: center;\">Ador\u00e1cia od 16:30<\/td>\n<\/tr>\n<tr>\n<td style=\"text-align: center;\">Piatok 19.1.<\/td>\n<td style=\"text-align: center;\">17:00<\/td>\n<td style=\"text-align: center;\"><span style=\"color: #008000;\">Piatok 2. t\u00fd\u017ed\u0148a v Cezro\u010dnom obdob\u00ed<\/span><\/td>\n<td style=\"text-align: center;\">+ Rudolf<\/td>\n<td style=\"text-align: center;\"><\/td>\n<\/tr>\n<tr>\n<td style=\"text-align: center;\">Sobota 20.1.<\/td>\n<td style=\"text-align: center;\">8:00<\/td>\n<td style=\"text-align: center;\"><span style=\"color: #0000ff;\">Preblahoslavenej Panny M\u00e1rie v sobotu<\/span><\/p>\n<p><span style=\"color: #0000ff;\">\u013eubovo\u013en\u00e1 spomienka<\/span><\/td>\n<td style=\"text-align: center;\">za zdravie a Bo\u017eie po\u017eehnanie pre Vierku<\/td>\n<td style=\"text-align: center;\"><\/td>\n<\/tr>\n<tr>\n<td style=\"text-align: center;\"><strong>Nede\u013ea 21.1.<\/strong><\/td>\n<td style=\"text-align: center;\">7:00<\/p>\n<p><strong>8:15<\/strong><\/p>\n<p>9:45<\/td>\n<td style=\"text-align: center;\"><strong><span style=\"color: #008000;\">3. nede\u013ea v Cezro\u010dnom obdob\u00ed<\/span><\/strong><\/p>\n<p>Nede\u013ea Bo\u017eieho slova<\/td>\n<td style=\"text-align: center;\">na \u00famysel ordin\u00e1ra<\/p>\n<p><strong>Bodice:<\/strong> na \u00famysel<\/p>\n<p>za veriacich<\/td>\n<td style=\"text-align: center;\"><\/td>\n<\/tr>\n<\/tbody>\n<\/table>\n<\/div>\n<ul>\n<li>od 18. do 25. janu\u00e1ra je T\u00fd\u017ede\u0148 modlitieb za jednotu kres\u0165anov. Pam\u00e4tajme vo svojich modlitb\u00e1ch a obet\u00e1ch na jednotu medzi kres\u0165anmi. Veriaci, ktor\u00fd sa po\u010das T\u00fd\u017ed\u0148a Modlitieb za kres\u0165anov z\u00fa\u010dastn\u00ed na niektorej z bohoslu\u017eieb a taktie\u017e na zakon\u010den\u00ed tohto t\u00fd\u017ed\u0148a modlitieb, m\u00f4\u017ee z\u00edska\u0165 \u00fapln\u00e9 odpustky.<\/li>\n<li>bud\u00faca nede\u013ea je Nede\u013eou Bo\u017eieho slova. M\u00e1 by\u0165 d\u0148om oslavy, \u0161t\u00fadia a \u0161\u00edrenia Bo\u017eieho slova.<\/li>\n<li>pastora\u010dn\u00fd pl\u00e1n spi\u0161skej diec\u00e9zy &#8222;Je\u017ei\u0161ova cesta do Emauz&#8220; prech\u00e1dza do druhej etapy. Preto v\u00e1s srde\u010dne poz\u00fdvame na celodiec\u00e9znu ador\u00e1ciu, ktor\u00e1 sa v na\u0161om dekan\u00e1te uskuto\u010dn\u00ed v sobotu 20.1.2024 o 17:00 v Sv\u00e4tom Kr\u00ed\u017ei (aj v Liptovsk\u00fdch Matia\u0161ovciach a vo V\u00fdchodnej). Pripojme sa ako diec\u00e9zna rodina k spolo\u010dnej modlitbe.<\/li>\n<li>pros\u00edm deti, ktor\u00e9 p\u00f4jdu ten rok na prv\u00e9 sv\u00e4t\u00e9 prij\u00edmanie, aby si na n\u00e1bo\u017eenstvo priniesli slovn\u00ed\u010dek \u2013 Mal\u00fd mision\u00e1r.<\/li>\n<li>o upratovanie kostola pros\u00edm rodiny Jantol\u00e1kov\u00fa, Kov\u00e1\u010dov\u00fa, Slafkovsk\u00fa a Ko\u0161\u00fatov\u00fa. Upratovanie bude v sobotu. P\u00e1n Boh zapla\u0165 za slu\u017ebu.<\/li>\n<\/ul>\n","protected":false},"excerpt":{"rendered":"<p>De\u0148 \u010cas Liturgick\u00fd kalend\u00e1r \u00damysel O\u010dak\u00e1vame Nede\u013ea 14.1. 7:00 8:15 9:45 2. nede\u013ea v Cezro\u010dnom obdob\u00ed na \u00famysel ordin\u00e1ra Bodice: na \u00famysel za veriacich Pondelok 15.1. 17:00 Pondelok 2. t\u00fd\u017ed\u0148a v Cezro\u010dnom obdob\u00ed + Peter a Anna Utorok 16.1. 17:00 Utorok 2. t\u00fd\u017ed\u0148a v Cezro\u010dnom obdob\u00ed za zdravie a Bo\u017eie po\u017eehnanie pre deti a vn\u00fa\u010dat\u00e1 [&hellip;]<\/p>\n","protected":false},"author":1,"featured_media":0,"comment_status":"closed","ping_status":"closed","sticky":false,"template":"","format":"standard","meta":{"_links_to":"","_links_to_target":""},"categories":[4,19],"tags":[],"_links":{"self":[{"href":"http:\/\/www.paludzka.fara.sk\/index.php?rest_route=\/wp\/v2\/posts\/3882"}],"collection":[{"href":"http:\/\/www.paludzka.fara.sk\/index.php?rest_route=\/wp\/v2\/posts"}],"about":[{"href":"http:\/\/www.paludzka.fara.sk\/index.php?rest_route=\/wp\/v2\/types\/post"}],"author":[{"embeddable":true,"href":"http:\/\/www.paludzka.fara.sk\/index.php?rest_route=\/wp\/v2\/users\/1"}],"replies":[{"embeddable":true,"href":"http:\/\/www.paludzka.fara.sk\/index.php?rest_route=%2Fwp%2Fv2%2Fcomments&post=3882"}],"version-history":[{"count":3,"href":"http:\/\/www.paludzka.fara.sk\/index.php?rest_route=\/wp\/v2\/posts\/3882\/revisions"}],"predecessor-version":[{"id":3885,"href":"http:\/\/www.paludzka.fara.sk\/index.php?rest_route=\/wp\/v2\/posts\/3882\/revisions\/3885"}],"wp:attachment":[{"href":"http:\/\/www.paludzka.fara.sk\/index.php?rest_route=%2Fwp%2Fv2%2Fmedia&parent=3882"}],"wp:term":[{"taxonomy":"category","embeddable":true,"href":"http:\/\/www.paludzka.fara.sk\/index.php?rest_route=%2Fwp%2Fv2%2Fcategories&post=3882"},{"taxonomy":"post_tag","embeddable":true,"href":"http:\/\/www.paludzka.fara.sk\/index.php?rest_route=%2Fwp%2Fv2%2Ftags&post=3882"}],"curies":[{"name":"wp","href":"https:\/\/api.w.org\/{rel}","templated":true}]}}