
{"id":3814,"date":"2024-01-07T00:00:51","date_gmt":"2024-01-06T23:00:51","guid":{"rendered":"http:\/\/www.paludzka.fara.sk\/?p=3814"},"modified":"2024-01-06T23:55:32","modified_gmt":"2024-01-06T22:55:32","slug":"farske-oznamy-7-1-14-1-2024","status":"publish","type":"post","link":"http:\/\/www.paludzka.fara.sk\/?p=3814","title":{"rendered":"Farsk\u00e9 oznamy 7.1.-14.1.2024"},"content":{"rendered":"<div class=\"table-responsive\">\n<table class=\"table table-bordered\">\n<thead>\n<tr>\n<th style=\"text-align: center;\">De\u0148<\/th>\n<th style=\"text-align: center;\">\u010cas<\/th>\n<th style=\"text-align: center;\">Liturgick\u00fd kalend\u00e1r<\/th>\n<th style=\"text-align: center;\">\u00damysel<\/th>\n<th style=\"text-align: center;\">O\u010dak\u00e1vame<\/th>\n<\/tr>\n<\/thead>\n<tbody>\n<tr>\n<td style=\"text-align: center;\"><strong>Nede\u013ea 7.1.<\/strong><\/td>\n<td style=\"text-align: center;\">7:00<\/p>\n<p><strong>8:15<\/strong><\/p>\n<p>9:45<\/td>\n<td style=\"text-align: center;\"><span style=\"color: #808000;\">Druh\u00e1 nede\u013ea po naroden\u00ed P\u00e1na<\/span><\/p>\n<p><span style=\"color: #808000;\"><strong>Krst Krista P\u00e1na<\/strong><\/span><\/p>\n<p><span style=\"color: #808000;\">sviatok<\/span><\/td>\n<td style=\"text-align: center;\">na \u00famysel ordin\u00e1ra<\/p>\n<p><strong>Bodice:<\/strong> na \u00famysel<\/p>\n<p>za veriacich<\/td>\n<td style=\"text-align: center;\">Kon\u010d\u00ed viano\u010dn\u00e9 obdobie<\/td>\n<\/tr>\n<tr>\n<td style=\"text-align: center;\">Pondelok 8.1.<\/td>\n<td style=\"text-align: center;\">17:00<\/td>\n<td style=\"text-align: center;\">\n<p style=\"text-align: center;\"><span style=\"color: #008000;\">Pondelok 1. t\u00fd\u017ed\u0148a v Cezro\u010dnom obdob\u00ed<\/span><\/p>\n<\/td>\n<td style=\"text-align: center;\">+ Kliment, Helena, Irena a Alojz<\/td>\n<td style=\"text-align: center;\"><\/td>\n<\/tr>\n<tr>\n<td style=\"text-align: center;\">Utorok 9.1.<\/td>\n<td style=\"text-align: center;\"><span style=\"color: #000000;\">17:00<\/span><\/td>\n<td style=\"text-align: center;\">\n<p style=\"text-align: center;\"><span style=\"color: #808000;\"><span style=\"color: #008000;\">Utorok 1. t\u00fd\u017ed\u0148a v Cezro\u010dnom obdob\u00ed<\/span><\/span><\/p>\n<\/td>\n<td style=\"text-align: center;\">+ J\u00e1n, Em\u00edlia a rodi\u010dia<\/td>\n<td style=\"text-align: center;\"><\/td>\n<\/tr>\n<tr>\n<td style=\"text-align: center;\">Streda 10.1.<\/td>\n<td style=\"text-align: center;\">7:00<\/td>\n<td style=\"text-align: center;\"><span style=\"color: #008000;\">Streda 1. t\u00fd\u017ed\u0148a v Cezro\u010dnom obdob\u00ed<\/span><\/td>\n<td style=\"text-align: center;\">za zdravie a Bo\u017eie po\u017eehnanie<br \/>\nrodiny Petra a\u00a0Anny \u2013 deti a vn\u00fa\u010dat\u00e1<\/td>\n<td style=\"text-align: center;\"><\/td>\n<\/tr>\n<tr>\n<td style=\"text-align: center;\">\u0160tvrtok 11.1.<\/td>\n<td style=\"text-align: center;\">17:00<\/td>\n<td style=\"text-align: center;\"><span style=\"color: #008000;\">\u0160tvrtok 1. t\u00fd\u017ed\u0148a v Cezro\u010dnom obdob\u00ed<\/span><\/td>\n<td style=\"text-align: center;\">za Bo\u017eie po\u017eehnanie rodiny<\/td>\n<td style=\"text-align: center;\">Ador\u00e1cia od 16:30<\/td>\n<\/tr>\n<tr>\n<td style=\"text-align: center;\">Piatok 12.1.<\/td>\n<td style=\"text-align: center;\">17:00<\/td>\n<td style=\"text-align: center;\"><span style=\"color: #008000;\">Piatok 1. t\u00fd\u017ed\u0148a v Cezro\u010dnom obdob\u00ed<\/span><\/td>\n<td style=\"text-align: center;\">+ Du\u0161an, Hanka a rodi\u010dia<\/td>\n<td style=\"text-align: center;\"><\/td>\n<\/tr>\n<tr>\n<td style=\"text-align: center;\">Sobota 13.1.<\/td>\n<td style=\"text-align: center;\">8:00<\/td>\n<td style=\"text-align: center;\"><span style=\"color: #0000ff;\">Preblahoslavenej Panny M\u00e1rie v sobotu<\/span><\/p>\n<p><span style=\"color: #0000ff;\">\u013eubovo\u013en\u00e1 spomienka<\/span><\/td>\n<td style=\"text-align: center;\">+ rodi\u010dia Petra a Anny<\/td>\n<td style=\"text-align: center;\"><\/td>\n<\/tr>\n<tr>\n<td style=\"text-align: center;\"><strong>Nede\u013ea 14.1.<\/strong><\/td>\n<td style=\"text-align: center;\">7:00<\/p>\n<p><strong>8:15<\/strong><\/p>\n<p>9:45<\/td>\n<td style=\"text-align: center;\"><strong><span style=\"color: #008000;\">2. nede\u013ea v Cezro\u010dnom obdob\u00ed<\/span><\/strong><\/td>\n<td style=\"text-align: center;\">na \u00famysel ordin\u00e1ra<\/p>\n<p><strong>Bodice:<\/strong> na \u00famysel<\/p>\n<p>za veriacich<\/td>\n<td style=\"text-align: center;\"><\/td>\n<\/tr>\n<\/tbody>\n<\/table>\n<\/div>\n<ul>\n<li>Nede\u013eou krstu P\u00e1na kon\u010d\u00ed Viano\u010dn\u00e9 obdobie.<\/li>\n<li>P\u00e1n Boh zapla\u0165 v\u0161etk\u00fdm, ktor\u00ed prispeli k pekn\u00e9mu a d\u00f4stojn\u00e9mu pre\u017eitiu Viano\u010dn\u00fdch sviatkov. Pani organistk\u00e1m, spevokolu, lektorom, mini\u0161trantom a t\u00fdm, ktor\u00ed pomohli pri v\u00fdzdobe na\u0161ich kostolov. Aj v\u0161etk\u00fdm v\u00e1m za pekn\u00e9 spolo\u010denstvo pri P\u00e1novom olt\u00e1ri.<\/li>\n<li>Bohuzn\u00e1mi na kostol v Bodiciach darovali 170 a 20 \u20ac. Na kr\u00ed\u017eov\u00fa cestu Bohuzn\u00e1mi darovali 30, 60, 100 a 50 \u20ac. Bohuzn\u00e1my z Habovky obetoval na potreby farnosti 100 \u20ac. P\u00e1n Boh zapla\u0165 a po\u017eehnaj v\u0161etk\u00fdch darcov.<\/li>\n<li>o upratovanie kostola pros\u00edm rodiny Koh\u00fatov\u00fa, Vdovcov\u00fa, Bebkov\u00fa, Rybovi\u010dov\u00fa, \u0160e\u010fov\u00fa. Upratovanie bude v sobotu. P\u00e1n Boh zapla\u0165 za slu\u017ebu.<\/li>\n<\/ul>\n","protected":false},"excerpt":{"rendered":"<p>De\u0148 \u010cas Liturgick\u00fd kalend\u00e1r \u00damysel O\u010dak\u00e1vame Nede\u013ea 7.1. 7:00 8:15 9:45 Druh\u00e1 nede\u013ea po naroden\u00ed P\u00e1na Krst Krista P\u00e1na sviatok na \u00famysel ordin\u00e1ra Bodice: na \u00famysel za veriacich Kon\u010d\u00ed viano\u010dn\u00e9 obdobie Pondelok 8.1. 17:00 Pondelok 1. t\u00fd\u017ed\u0148a v Cezro\u010dnom obdob\u00ed + Kliment, Helena, Irena a Alojz Utorok 9.1. 17:00 Utorok 1. t\u00fd\u017ed\u0148a v Cezro\u010dnom obdob\u00ed [&hellip;]<\/p>\n","protected":false},"author":1,"featured_media":0,"comment_status":"closed","ping_status":"closed","sticky":false,"template":"","format":"standard","meta":{"_links_to":"","_links_to_target":""},"categories":[4,19],"tags":[],"_links":{"self":[{"href":"http:\/\/www.paludzka.fara.sk\/index.php?rest_route=\/wp\/v2\/posts\/3814"}],"collection":[{"href":"http:\/\/www.paludzka.fara.sk\/index.php?rest_route=\/wp\/v2\/posts"}],"about":[{"href":"http:\/\/www.paludzka.fara.sk\/index.php?rest_route=\/wp\/v2\/types\/post"}],"author":[{"embeddable":true,"href":"http:\/\/www.paludzka.fara.sk\/index.php?rest_route=\/wp\/v2\/users\/1"}],"replies":[{"embeddable":true,"href":"http:\/\/www.paludzka.fara.sk\/index.php?rest_route=%2Fwp%2Fv2%2Fcomments&post=3814"}],"version-history":[{"count":2,"href":"http:\/\/www.paludzka.fara.sk\/index.php?rest_route=\/wp\/v2\/posts\/3814\/revisions"}],"predecessor-version":[{"id":3817,"href":"http:\/\/www.paludzka.fara.sk\/index.php?rest_route=\/wp\/v2\/posts\/3814\/revisions\/3817"}],"wp:attachment":[{"href":"http:\/\/www.paludzka.fara.sk\/index.php?rest_route=%2Fwp%2Fv2%2Fmedia&parent=3814"}],"wp:term":[{"taxonomy":"category","embeddable":true,"href":"http:\/\/www.paludzka.fara.sk\/index.php?rest_route=%2Fwp%2Fv2%2Fcategories&post=3814"},{"taxonomy":"post_tag","embeddable":true,"href":"http:\/\/www.paludzka.fara.sk\/index.php?rest_route=%2Fwp%2Fv2%2Ftags&post=3814"}],"curies":[{"name":"wp","href":"https:\/\/api.w.org\/{rel}","templated":true}]}}