
{"id":3768,"date":"2023-12-31T00:00:01","date_gmt":"2023-12-30T23:00:01","guid":{"rendered":"http:\/\/www.paludzka.fara.sk\/?p=3768"},"modified":"2024-01-06T13:40:52","modified_gmt":"2024-01-06T12:40:52","slug":"farske-oznamy-31-12-2023-7-1-2024","status":"publish","type":"post","link":"http:\/\/www.paludzka.fara.sk\/?p=3768","title":{"rendered":"Farsk\u00e9 oznamy 31.12.2023 &#8211; 7.1.2024"},"content":{"rendered":"<div class=\"table-responsive\">\n<table class=\"table table-bordered\">\n<thead>\n<tr>\n<th style=\"text-align: center;\">De\u0148<\/th>\n<th style=\"text-align: center;\">\u010cas<\/th>\n<th style=\"text-align: center;\">Liturgick\u00fd kalend\u00e1r<\/th>\n<th style=\"text-align: center;\">\u00damysel<\/th>\n<th style=\"text-align: center;\">O\u010dak\u00e1vame<\/th>\n<\/tr>\n<\/thead>\n<tbody>\n<tr>\n<td style=\"text-align: center;\"><strong>Nede\u013ea 31.12.<\/strong><\/td>\n<td style=\"text-align: center;\">7:00<\/p>\n<p><strong>8:15<\/strong><\/p>\n<p>9:45<\/p>\n<p>&nbsp;<\/p>\n<p><strong>15:00<\/strong><\/p>\n<p>16:00<\/td>\n<td style=\"text-align: center;\"><strong><span style=\"color: #808000;\">Sv\u00e4tej rodiny \u2013 Je\u017ei\u0161a, M\u00e1rie a Jozefa<\/span><\/strong><\/p>\n<p><span style=\"color: #808000;\">sviatok<\/span><\/td>\n<td style=\"text-align: center;\">za veriacich<\/p>\n<p><strong>Bodice:<\/strong> na \u00famysel<\/p>\n<p>+ Vincent a Pavl\u00edna<\/p>\n<p>&nbsp;<\/p>\n<p><strong>Bodice:<\/strong> <span style=\"color: #ff0000;\">\u010fakovn\u00e1 pobo\u017enos\u0165<\/span><\/p>\n<p><span style=\"color: #ff0000;\"> \u010fakovn\u00e1 pobo\u017enos\u0165<\/span><\/td>\n<td style=\"text-align: center;\"><strong><span style=\"color: #ff0000;\">Po\u017eehnanie rod\u00edn na sviatok sv. rodiny<\/span><\/strong><\/p>\n<p>&nbsp;<\/p>\n<p>Pri pobo\u017enostiach \u0161tatistiky a hospod\u00e1renie vo farnosti<\/p>\n<p><strong>\u00dapln\u00e9 odpustky &#8211; Teba, Bo\u017ee, chv\u00e1lime<\/strong><\/td>\n<\/tr>\n<tr>\n<td style=\"text-align: center;\">Pondelok 1.1.<\/td>\n<td style=\"text-align: center;\"><strong>8:15<\/strong><\/p>\n<p>9:45<\/td>\n<td style=\"text-align: center;\">\n<p style=\"text-align: center;\"><span style=\"color: #0000ff;\"><strong>Panny M\u00e1rie Bohorodi\u010dky<\/strong><\/span><\/p>\n<p><span style=\"color: #0000ff;\">sl\u00e1vnos\u0165<\/span><\/p>\n<p><span style=\"color: #ff0000;\">Prik\u00e1zan\u00fd sviatok<\/span><\/td>\n<td style=\"text-align: center;\"><strong>Bodice:<\/strong> za veriacich<\/p>\n<p>na \u00famysel ordin\u00e1ra<\/td>\n<td style=\"text-align: center;\">\u00daplne odpustky &#8211; <strong>Pr\u00ed\u010f Duchu Sv\u00e4t\u00fd, tvoriv\u00fd<\/strong> preto, aby vyprosoval Bo\u017eiu pomoc do cel\u00e9ho nadch\u00e1dzaj\u00faceho roka.<\/p>\n<p>Dnes je <strong>SVETOV\u00dd DE\u0147 POKOJA<\/strong><\/td>\n<\/tr>\n<tr>\n<td style=\"text-align: center;\">Utorok 2.1.<\/td>\n<td style=\"text-align: center;\"><span style=\"color: #000000;\">17:00<\/span><\/td>\n<td style=\"text-align: center;\">\n<p style=\"text-align: center;\"><span style=\"color: #808000;\">Sv\u00e4t\u00fdch Bazila Ve\u013ek\u00e9ho a Gregora Nazianzsk\u00e9ho, biskupov a u\u010dite\u013eov Cirkvi<\/span><\/p>\n<p><span style=\"color: #808000;\">spomienka<\/span><\/td>\n<td style=\"text-align: center;\">+ z rodiny Janto\u013e\u00e1k a Mati\u0161t\u00edk<\/td>\n<td style=\"text-align: center;\"><\/td>\n<\/tr>\n<tr>\n<td style=\"text-align: center;\">Streda 3.1.<\/td>\n<td style=\"text-align: center;\">7:00<\/td>\n<td style=\"text-align: center;\"><span style=\"color: #808000;\">Najsv\u00e4tej\u0161ieho mena Je\u017ei\u0161<\/span><\/p>\n<p><span style=\"color: #808000;\">\u013eubovo\u013en\u00e1 spomienka<\/span><\/td>\n<td style=\"text-align: center;\">za zdravie a Bo\u017eie po\u017eehnanie rodiny Janto\u013e\u00e1kovej<\/td>\n<td style=\"text-align: center;\"><\/td>\n<\/tr>\n<tr>\n<td style=\"text-align: center;\">\u0160tvrtok 4.1.<\/td>\n<td style=\"text-align: center;\">17:00<\/td>\n<td style=\"text-align: center;\"><span style=\"color: #808000;\">\u0160tvrtok vo Viano\u010dnom obdob\u00ed<\/span><\/td>\n<td style=\"text-align: center;\">+ Jozef a M\u00e1ria<\/td>\n<td style=\"text-align: center;\">Ador\u00e1cia od 16:30 \u2013 De\u0148 modlitieb za duchovn\u00e9 povolania<\/td>\n<\/tr>\n<tr>\n<td style=\"text-align: center;\">Piatok 5.1.<\/td>\n<td style=\"text-align: center;\">8:00<\/p>\n<p><strong>9:00<\/strong><\/td>\n<td style=\"text-align: center;\"><span style=\"color: #808000;\">Piatok vo Viano\u010dnom obdob\u00ed<\/span><\/p>\n<p><span style=\"color: #ff0000;\">Prv\u00fd piatok v mesiaci<\/span><\/td>\n<td style=\"text-align: center;\">+ Jozef a Al\u017ebeta<\/p>\n<p><strong>Bodice:<\/strong> na \u00famysel<\/td>\n<td style=\"text-align: center;\"><strong>N\u00e1v\u0161teva chor\u00fdch od 10:00<\/strong><\/td>\n<\/tr>\n<tr>\n<td style=\"text-align: center;\">Sobota 6.1.<\/td>\n<td style=\"text-align: center;\">7:00<\/p>\n<p><strong>8:15<\/strong><\/p>\n<p>9:45<\/td>\n<td style=\"text-align: center;\"><span style=\"color: #808000;\"><strong>Zjavenie P\u00e1na<\/strong><\/span><\/p>\n<p><span style=\"color: #808000;\">sl\u00e1vnos\u0165<\/span><\/p>\n<p><span style=\"color: #ff0000;\">Prik\u00e1zan\u00fd sviatok<\/span><\/td>\n<td style=\"text-align: center;\">za veriacich<\/p>\n<p><strong>Bodice:<\/strong> Na \u00famysel<\/p>\n<p>za dobrodincov<\/td>\n<td style=\"text-align: center;\">Po\u017eehnanie vody, soli, kriedy a tymi\u00e1nu pri sv. om\u0161iach<\/p>\n<p>Po sv. om\u0161i 9:45 &#8211; vyst\u00fapenie koledn\u00edkov<\/td>\n<\/tr>\n<tr>\n<td style=\"text-align: center;\"><strong>Nede\u013ea 7.1.<\/strong><\/td>\n<td style=\"text-align: center;\">7:00<\/p>\n<p><strong>8:15<\/strong><\/p>\n<p>9:45<\/td>\n<td style=\"text-align: center;\"><span style=\"color: #808000;\">Druh\u00e1 nede\u013ea po naroden\u00ed P\u00e1na<\/span><\/p>\n<p><span style=\"color: #808000;\"><strong>Krst Krista P\u00e1na<\/strong><\/span><\/p>\n<p><span style=\"color: #808000;\">sviatok<\/span><\/td>\n<td style=\"text-align: center;\">na \u00famysel ordin\u00e1ra<\/p>\n<p><strong>Bodice:<\/strong> na \u00famysel<\/p>\n<p>za veriacich<\/td>\n<td style=\"text-align: center;\"><\/td>\n<\/tr>\n<\/tbody>\n<\/table>\n<\/div>\n<ul>\n<li>Bohuzn\u00e1ma na kostol v Bodiciach darovala 100 \u20ac. Z Krstu Samuela Papr\u010diaka obetovali na kostol v Pal\u00fadzke 100 \u20ac. Bohuzn\u00e1ma rodina zo Zuberca darovala na kostol 100 \u20ac. P\u00e1n Boh zapla\u0165 a po\u017eehnaj v\u0161etk\u00fdch darcov.<\/li>\n<li>poz\u00fdvame v\u00e1s na Novoro\u010dn\u00fd koncert do kostola sv. Juraja v Bobrovci v nede\u013eu 7.1.2024 o 16:00.<\/li>\n<li>po\u017eehnanie rod\u00edn a domov 1.1. 2024 od 14:00 \u2013 Bodice, Dem\u00e4nov\u00e1. Pal\u00fadzka 5.1. 2024 od 13:00. Kto m\u00e1 z\u00e1ujem nech sa zap\u00ed\u0161e na papier vzadu v kostole.<\/li>\n<li>o upratovanie kostola pros\u00edm rodiny Hunanov\u00fa, Adam\u010diakov\u00fa M., Slukov\u00fa a Jurisov\u00fa. Upratovanie bude v sobotu. P\u00e1n Boh zapla\u0165 za ak\u00fako\u013evek slu\u017ebu pre na\u0161u farnos\u0165.<\/li>\n<li>Nede\u013eou krstu P\u00e1na kon\u010d\u00ed Viano\u010dn\u00e9 obdobie.<\/li>\n<\/ul>\n<h1 style=\"text-align: center;\">Prajem v\u00e1m po\u017eehnan\u00fd Nov\u00fd rok<\/h1>\n","protected":false},"excerpt":{"rendered":"<p>De\u0148 \u010cas Liturgick\u00fd kalend\u00e1r \u00damysel O\u010dak\u00e1vame Nede\u013ea 31.12. 7:00 8:15 9:45 &nbsp; 15:00 16:00 Sv\u00e4tej rodiny \u2013 Je\u017ei\u0161a, M\u00e1rie a Jozefa sviatok za veriacich Bodice: na \u00famysel + Vincent a Pavl\u00edna &nbsp; Bodice: \u010fakovn\u00e1 pobo\u017enos\u0165 \u010fakovn\u00e1 pobo\u017enos\u0165 Po\u017eehnanie rod\u00edn na sviatok sv. rodiny &nbsp; Pri pobo\u017enostiach \u0161tatistiky a hospod\u00e1renie vo farnosti \u00dapln\u00e9 odpustky &#8211; Teba, [&hellip;]<\/p>\n","protected":false},"author":1,"featured_media":0,"comment_status":"closed","ping_status":"closed","sticky":false,"template":"","format":"standard","meta":{"_links_to":"","_links_to_target":""},"categories":[4,19],"tags":[],"_links":{"self":[{"href":"http:\/\/www.paludzka.fara.sk\/index.php?rest_route=\/wp\/v2\/posts\/3768"}],"collection":[{"href":"http:\/\/www.paludzka.fara.sk\/index.php?rest_route=\/wp\/v2\/posts"}],"about":[{"href":"http:\/\/www.paludzka.fara.sk\/index.php?rest_route=\/wp\/v2\/types\/post"}],"author":[{"embeddable":true,"href":"http:\/\/www.paludzka.fara.sk\/index.php?rest_route=\/wp\/v2\/users\/1"}],"replies":[{"embeddable":true,"href":"http:\/\/www.paludzka.fara.sk\/index.php?rest_route=%2Fwp%2Fv2%2Fcomments&post=3768"}],"version-history":[{"count":10,"href":"http:\/\/www.paludzka.fara.sk\/index.php?rest_route=\/wp\/v2\/posts\/3768\/revisions"}],"predecessor-version":[{"id":3816,"href":"http:\/\/www.paludzka.fara.sk\/index.php?rest_route=\/wp\/v2\/posts\/3768\/revisions\/3816"}],"wp:attachment":[{"href":"http:\/\/www.paludzka.fara.sk\/index.php?rest_route=%2Fwp%2Fv2%2Fmedia&parent=3768"}],"wp:term":[{"taxonomy":"category","embeddable":true,"href":"http:\/\/www.paludzka.fara.sk\/index.php?rest_route=%2Fwp%2Fv2%2Fcategories&post=3768"},{"taxonomy":"post_tag","embeddable":true,"href":"http:\/\/www.paludzka.fara.sk\/index.php?rest_route=%2Fwp%2Fv2%2Ftags&post=3768"}],"curies":[{"name":"wp","href":"https:\/\/api.w.org\/{rel}","templated":true}]}}