
{"id":3738,"date":"2023-12-24T00:00:06","date_gmt":"2023-12-23T23:00:06","guid":{"rendered":"http:\/\/www.paludzka.fara.sk\/?p=3738"},"modified":"2023-12-23T18:28:48","modified_gmt":"2023-12-23T17:28:48","slug":"farske-oznamy-24-12-31-12-2023","status":"publish","type":"post","link":"http:\/\/www.paludzka.fara.sk\/?p=3738","title":{"rendered":"Farsk\u00e9 oznamy 24.12.-31.12.2023"},"content":{"rendered":"<div class=\"table-responsive\">\n<table class=\"table table-bordered\">\n<thead>\n<tr>\n<th style=\"text-align: center;\">De\u0148<\/th>\n<th style=\"text-align: center;\">\u010cas<\/th>\n<th style=\"text-align: center;\">Liturgick\u00fd kalend\u00e1r<\/th>\n<th style=\"text-align: center;\">\u00damysel<\/th>\n<th style=\"text-align: center;\">O\u010dak\u00e1vame<\/th>\n<\/tr>\n<\/thead>\n<tbody>\n<tr>\n<td style=\"text-align: center;\"><strong>Nede\u013ea 24.12.<\/strong><\/td>\n<td style=\"text-align: center;\">7:00<\/p>\n<p><strong>8:15<\/strong><\/p>\n<p>9:45<\/p>\n<p><strong>22:00<\/strong><\/td>\n<td style=\"text-align: center;\"><span style=\"color: #800080;\"><strong>4. adventn\u00e1 nede\u013ea<\/strong><\/span><\/p>\n<p>&nbsp;<\/p>\n<p>&nbsp;<\/p>\n<p><span style=\"color: #808000;\">Vig\u00edlia narodenia P\u00e1na<\/span><\/td>\n<td style=\"text-align: center;\">za veriacich<\/p>\n<p><strong>Bodice:<\/strong> na \u00famysel<\/p>\n<p>za Romana s rodinou<\/p>\n<p><strong>Bodice:<\/strong> za sp\u00e1su \u017eiv\u00fdch a zomrel\u00fdch pr\u00edbuzn\u00fdch a priate\u013eov<\/td>\n<td style=\"text-align: center;\">Betlehemsk\u00e9 svetlo po sv. om\u0161iach<\/td>\n<\/tr>\n<tr>\n<td style=\"text-align: center;\">Pondelok 25.12.<\/td>\n<td style=\"text-align: center;\">0:00<\/p>\n<p><strong>8:15<\/strong><\/p>\n<p>9:45<\/td>\n<td style=\"text-align: center;\">\n<p style=\"text-align: center;\"><span style=\"color: #808000;\"><strong>Narodenie P\u00e1na<\/strong><\/span><\/p>\n<p><span style=\"color: #808000;\">sl\u00e1vnos\u0165<\/span><\/td>\n<td style=\"text-align: center;\">za rodinu<\/p>\n<p><strong>Bodice:<\/strong> za veriacich<\/p>\n<p>za Bo\u017eiu pomoc<\/td>\n<td style=\"text-align: center;\"><strong>15:00 jasli\u010dkov\u00e1 pobo\u017enos\u0165<\/strong><\/td>\n<\/tr>\n<tr>\n<td style=\"text-align: center;\">Utorok 26.12.<\/td>\n<td style=\"text-align: center;\"><span style=\"color: #000000;\">7:00<\/span><\/p>\n<p><strong>8:15<\/strong><\/p>\n<p>9:45<\/td>\n<td style=\"text-align: center;\">\n<p style=\"text-align: center;\"><span style=\"color: #ff0000;\">Sv\u00e4t\u00e9ho \u0160tefana, prv\u00e9ho mu\u010den\u00edka<\/span><\/p>\n<p><span style=\"color: #ff0000;\">sviatok<\/span><\/td>\n<td style=\"text-align: center;\">za ZBP pre p. Hoferekov\u00fa<\/p>\n<p><strong>Bodice:<\/strong> za Mikul\u00e1\u0161a a Martu<\/p>\n<p>+ Martin a Em\u00edlia<\/td>\n<td style=\"text-align: center;\"><\/td>\n<\/tr>\n<tr>\n<td style=\"text-align: center;\">Streda 27.12.<\/td>\n<td style=\"text-align: center;\"><span style=\"color: #ff0000;\">17:00<\/span><\/td>\n<td style=\"text-align: center;\"><span style=\"color: #808000;\">Sv\u00e4t\u00e9ho J\u00e1na, apo\u0161tola a evanjelistu<\/span><\/p>\n<p><span style=\"color: #808000;\">sviatok<\/span><\/p>\n<p><span style=\"color: #ff0000;\">Patr\u00f3na kostola a farnosti<\/span><\/td>\n<td style=\"text-align: center;\">za dobrodincov kostola a farnosti<\/td>\n<td style=\"text-align: center;\"><span style=\"color: #ff0000;\">Odpustov\u00e1 sl\u00e1vnos\u0165 ku cti sv. J\u00e1na apo\u0161tola<\/span><\/td>\n<\/tr>\n<tr>\n<td style=\"text-align: center;\">\u0160tvrtok 28.12.<\/td>\n<td style=\"text-align: center;\"><span style=\"color: #ff0000;\">7:00<\/span><\/td>\n<td style=\"text-align: center;\"><span style=\"color: #ff0000;\">Sv\u00e4t\u00fdch Neviniatok, mu\u010den\u00edkov<\/span><\/p>\n<p><span style=\"color: #ff0000;\">sviatok<\/span><\/td>\n<td style=\"text-align: center;\">za Bo\u017eiu pomoc pre man\u017eela<\/td>\n<td style=\"text-align: center;\"><\/td>\n<\/tr>\n<tr>\n<td style=\"text-align: center;\">Piatok 29.12.<\/td>\n<td style=\"text-align: center;\"><span style=\"color: #000000;\">17:00<\/span><\/td>\n<td style=\"text-align: center;\"><span style=\"color: #808000;\">Piaty de\u0148 v okt\u00e1ve narodenia P\u00e1na<\/span><\/td>\n<td style=\"text-align: center;\">za dc\u00e9ru a vnu\u010dku<\/td>\n<td style=\"text-align: center;\"><\/td>\n<\/tr>\n<tr>\n<td style=\"text-align: center;\">Sobota 30.12.<\/td>\n<td style=\"text-align: center;\">8:00<\/td>\n<td style=\"text-align: center;\"><span style=\"color: #808000;\">\u0160iesty de\u0148 v okt\u00e1ve narodenia P\u00e1na<\/span><\/td>\n<td style=\"text-align: center;\">+ Anna Gavl\u00e1nekov\u00e1<\/td>\n<td style=\"text-align: center;\"><\/td>\n<\/tr>\n<tr>\n<td style=\"text-align: center;\"><strong>Nede\u013ea 31.12.<\/strong><\/td>\n<td style=\"text-align: center;\">7:00<\/p>\n<p><strong>8:15<\/strong><\/p>\n<p>9:45<\/p>\n<p>&nbsp;<\/p>\n<p><strong>15:00<\/strong><\/p>\n<p>16:00<\/td>\n<td style=\"text-align: center;\"><strong><span style=\"color: #808000;\">Sv\u00e4tej rodiny \u2013 Je\u017ei\u0161a, M\u00e1rie a Jozefa<\/span><\/strong><\/p>\n<p><span style=\"color: #808000;\">sviatok<\/span><\/p>\n<p>&nbsp;<\/p>\n<p>&nbsp;<\/td>\n<td style=\"text-align: center;\">+ Vincent a Pavl\u00edna<\/p>\n<p><strong>Bodice:<\/strong> na \u00famysel<\/p>\n<p>za veriacich<\/p>\n<p>&nbsp;<\/p>\n<p><strong>Bodice:<\/strong> <span style=\"color: #ff0000;\">\u010fakovn\u00e1 pobo\u017enos\u0165<\/span><\/p>\n<p><span style=\"color: #ff0000;\"> \u010fakovn\u00e1 pobo\u017enos\u0165<\/span><\/td>\n<td style=\"text-align: center;\"><strong><span style=\"color: #ff0000;\">Po\u017eehnanie rod\u00edn na sviatok sv. rodiny<\/span><\/strong><\/p>\n<p>Pri pobo\u017enostiach \u0161tatistiky a hospod\u00e1renie vo farnosti<\/p>\n<p><strong>\u00dapln\u00e9 odpustky &#8211; Teba, Bo\u017ee, chv\u00e1lime<\/strong><\/td>\n<\/tr>\n<\/tbody>\n<\/table>\n<\/div>\n<ul>\n<li>na kr\u00ed\u017eov\u00fa cestu obetovali 50, 50, 100 a 400 \u20ac. P\u00e1n Boh zapla\u0165 a po\u017eehnaj v\u0161etk\u00fdch darcov.<\/li>\n<li>\u010fakujem VPS mesta Liptovsk\u00fd Mikul\u00e1\u0161 za viano\u010dn\u00fd strom\u010dek do kostola.<\/li>\n<li><a href=\"https:\/\/kapitula.sk\/rodinna-liturgia-pred-stedrou-vecerou\/\"><strong>rodinn\u00fa liturgiu pred \u0161tedrou ve\u010derou<\/strong><\/a> si m\u00f4\u017eete stiahnu\u0165 z farskej str\u00e1nky.<\/li>\n<li>o upratovanie kostola pros\u00edm rodiny Badl\u00edkov\u00fa, Kuskov\u00fa, Plevov\u00fa, Tur\u010dinov\u00fa a Je\u017eov\u00fa. Upratovanie bude v sobotu.<\/li>\n<li>P\u00e1n Boh zapla\u0165 za ak\u00fako\u013evek slu\u017ebu pre na\u0161u farnos\u0165.<\/li>\n<\/ul>\n<h1 style=\"text-align: center;\"><strong>Prajem v\u00e1m po\u017eehnan\u00e9 Viano\u010dne sviatky<\/strong><\/h1>\n","protected":false},"excerpt":{"rendered":"<p>De\u0148 \u010cas Liturgick\u00fd kalend\u00e1r \u00damysel O\u010dak\u00e1vame Nede\u013ea 24.12. 7:00 8:15 9:45 22:00 4. adventn\u00e1 nede\u013ea &nbsp; &nbsp; Vig\u00edlia narodenia P\u00e1na za veriacich Bodice: na \u00famysel za Romana s rodinou Bodice: za sp\u00e1su \u017eiv\u00fdch a zomrel\u00fdch pr\u00edbuzn\u00fdch a priate\u013eov Betlehemsk\u00e9 svetlo po sv. om\u0161iach Pondelok 25.12. 0:00 8:15 9:45 Narodenie P\u00e1na sl\u00e1vnos\u0165 za rodinu Bodice: za [&hellip;]<\/p>\n","protected":false},"author":1,"featured_media":0,"comment_status":"closed","ping_status":"closed","sticky":false,"template":"","format":"standard","meta":{"_links_to":"","_links_to_target":""},"categories":[4,19],"tags":[],"_links":{"self":[{"href":"http:\/\/www.paludzka.fara.sk\/index.php?rest_route=\/wp\/v2\/posts\/3738"}],"collection":[{"href":"http:\/\/www.paludzka.fara.sk\/index.php?rest_route=\/wp\/v2\/posts"}],"about":[{"href":"http:\/\/www.paludzka.fara.sk\/index.php?rest_route=\/wp\/v2\/types\/post"}],"author":[{"embeddable":true,"href":"http:\/\/www.paludzka.fara.sk\/index.php?rest_route=\/wp\/v2\/users\/1"}],"replies":[{"embeddable":true,"href":"http:\/\/www.paludzka.fara.sk\/index.php?rest_route=%2Fwp%2Fv2%2Fcomments&post=3738"}],"version-history":[{"count":4,"href":"http:\/\/www.paludzka.fara.sk\/index.php?rest_route=\/wp\/v2\/posts\/3738\/revisions"}],"predecessor-version":[{"id":3742,"href":"http:\/\/www.paludzka.fara.sk\/index.php?rest_route=\/wp\/v2\/posts\/3738\/revisions\/3742"}],"wp:attachment":[{"href":"http:\/\/www.paludzka.fara.sk\/index.php?rest_route=%2Fwp%2Fv2%2Fmedia&parent=3738"}],"wp:term":[{"taxonomy":"category","embeddable":true,"href":"http:\/\/www.paludzka.fara.sk\/index.php?rest_route=%2Fwp%2Fv2%2Fcategories&post=3738"},{"taxonomy":"post_tag","embeddable":true,"href":"http:\/\/www.paludzka.fara.sk\/index.php?rest_route=%2Fwp%2Fv2%2Ftags&post=3738"}],"curies":[{"name":"wp","href":"https:\/\/api.w.org\/{rel}","templated":true}]}}