
{"id":3668,"date":"2023-12-17T00:00:15","date_gmt":"2023-12-16T23:00:15","guid":{"rendered":"http:\/\/www.paludzka.fara.sk\/?p=3668"},"modified":"2023-12-20T16:03:11","modified_gmt":"2023-12-20T15:03:11","slug":"farske-oznamy-17-12-24-12-2023","status":"publish","type":"post","link":"http:\/\/www.paludzka.fara.sk\/?p=3668","title":{"rendered":"Farsk\u00e9 oznamy 17.12.-24.12.2023"},"content":{"rendered":"<div class=\"table-responsive\">\n<table class=\"table table-bordered\" style=\"width: 984px;\">\n<thead>\n<tr>\n<th style=\"text-align: center; width: 106px;\">De\u0148<\/th>\n<th style=\"text-align: center; width: 43px;\">\u010cas<\/th>\n<th style=\"text-align: center; width: 202px;\">Liturgick\u00fd kalend\u00e1r<\/th>\n<th style=\"text-align: center; width: 328px;\">\u00damysel<\/th>\n<th style=\"text-align: center; width: 305px;\">O\u010dak\u00e1vame<\/th>\n<\/tr>\n<\/thead>\n<tbody>\n<tr>\n<td style=\"text-align: center; width: 106px;\"><strong>Nede\u013ea 17.12.<\/strong><\/td>\n<td style=\"text-align: center; width: 43px;\">7:00<\/p>\n<p><strong>8:15<\/strong><\/p>\n<p>9:45<\/td>\n<td style=\"text-align: center; width: 202px;\"><span style=\"color: #ff00ff;\"><strong>3. adventn\u00e1 nede\u013ea<\/strong><\/span><\/p>\n<p><span style=\"color: #ff00ff;\">Nede\u013ea Gaudete<\/span><\/td>\n<td style=\"text-align: center; width: 328px;\">za veriacich<\/p>\n<p><strong>Bodice:<\/strong> na \u00famysel<\/p>\n<p>za zdravie a Bo\u017eie po\u017eehnanie pre rodinu \u0160imi\u010d\u00e1kov\u00fa<\/td>\n<td style=\"text-align: center; width: 305px;\">Sviatos\u0165 zmierenia:<br \/>\nLiptovsk\u00fd Mikul\u00e1\u0161 15:00 \u2013 18:00<\/td>\n<\/tr>\n<tr>\n<td style=\"text-align: center; width: 106px;\">Pondelok 18.12.<\/td>\n<td style=\"text-align: center; width: 43px;\">17:00<\/td>\n<td style=\"text-align: center; width: 202px;\">\n<p style=\"text-align: center;\"><span style=\"color: #800080;\">Pondelok po 3. adventnej nedeli<\/span><\/p>\n<\/td>\n<td style=\"text-align: center; width: 328px;\">za zdravie a Bo\u017eie po\u017eehnanie pre rodinu Kumanekov\u00fa<\/td>\n<td style=\"text-align: center; width: 305px;\">Po sv. om\u0161i budem zapisova\u0165 \u00famysly sv. om\u0161\u00ed na janu\u00e1r<\/td>\n<\/tr>\n<tr>\n<td style=\"text-align: center; width: 106px;\">Utorok 19.12.<\/td>\n<td style=\"text-align: center; width: 43px;\"><span style=\"color: #000000;\">17:00<\/span><\/td>\n<td style=\"text-align: center; width: 202px;\">\n<p style=\"text-align: center;\"><span style=\"color: #800080;\">Utorok po 3. adventnej nedeli<\/span><\/p>\n<\/td>\n<td style=\"text-align: center; width: 328px;\">+ Daniel, Marta a Anton<\/td>\n<td style=\"text-align: center; width: 305px;\"><\/td>\n<\/tr>\n<tr>\n<td style=\"text-align: center; width: 106px;\">Streda 20.12.<\/td>\n<td style=\"text-align: center; width: 43px;\"><span style=\"color: #ff0000;\">6:30<\/span><\/td>\n<td style=\"text-align: center; width: 202px;\"><span style=\"color: #800080;\">Streda po 3. adventnej nedeli<\/span><\/td>\n<td style=\"text-align: center; width: 328px;\">za zdravie a Bo\u017eie po\u017eehnanie pre rodi\u010dov<\/td>\n<td style=\"text-align: center; width: 305px;\"><span style=\"color: #800080;\">N\u00e1v\u0161teva chor\u00fdch pred sviatkami<\/span> &#8211; okrem<br \/>\nt\u00fdch, ku ktor\u00fdm chod\u00edm na prv\u00e9 piatky<\/p>\n<p><span style=\"color: #ff0000;\">Sviatos\u0165 zmierenia:<\/span><br \/>\n<span style=\"color: #ff0000;\">Pal\u00fadzka: 15:30 \u2013 17:00<\/span><br \/>\n<span style=\"color: #ff0000;\">Bodice: 16:00 \u2013 16:30<\/span><\/td>\n<\/tr>\n<tr>\n<td style=\"text-align: center; width: 106px;\">\u0160tvrtok 21.12.<\/td>\n<td style=\"text-align: center; width: 43px;\"><span style=\"color: #ff0000;\">6:30<\/span><\/td>\n<td style=\"text-align: center; width: 202px;\"><span style=\"color: #808000;\"><span style=\"color: #800080;\">\u0160tvrtok po 3. adventnej nedeli<\/span><\/span><\/td>\n<td style=\"text-align: center; width: 328px;\">za uzdravenie Petra<\/td>\n<td style=\"text-align: center; width: 305px;\"><\/td>\n<\/tr>\n<tr>\n<td style=\"text-align: center; width: 106px;\">Piatok 22.12.<\/td>\n<td style=\"text-align: center; width: 43px;\"><span style=\"color: #000000;\">17:00<\/span><\/td>\n<td style=\"text-align: center; width: 202px;\"><span style=\"color: #800080;\">Piatok po 3. adventnej nedeli<\/span><\/td>\n<td style=\"text-align: center; width: 328px;\">+ Emil, Mirka a rodi\u010dia<\/td>\n<td style=\"text-align: center; width: 305px;\"><strong>Sv. om\u0161a za \u00fa\u010dasti det\u00ed<\/strong><\/p>\n<p><strong>Po sv. om\u0161i n\u00e1cvik na jasli\u010dkov\u00fa pobo\u017enos\u0165<\/strong><\/td>\n<\/tr>\n<tr>\n<td style=\"text-align: center; width: 106px;\">Sobota 23.12.<\/td>\n<td style=\"text-align: center; width: 43px;\">8:00<\/td>\n<td style=\"text-align: center; width: 202px;\"><span style=\"color: #0000ff;\"><span style=\"color: #800080;\">Sobota po 3. adventnej nedeli<\/span><\/span><\/td>\n<td style=\"text-align: center; width: 328px;\">za zdravie a Bo\u017eie po\u017eehnanie pre rodinu<\/td>\n<td style=\"text-align: center; width: 305px;\">upratovanie a v\u00fdzdoba po sv. om\u0161i<\/td>\n<\/tr>\n<tr>\n<td style=\"text-align: center; width: 106px;\"><strong>Nede\u013ea 24.12.<\/strong><\/td>\n<td style=\"text-align: center; width: 43px;\">7:00<\/p>\n<p><strong>8:15<\/strong><\/p>\n<p>9:45<\/p>\n<p><strong>22:00<\/strong><\/p>\n<p>24:00<\/td>\n<td style=\"text-align: center; width: 202px;\">&nbsp;<\/p>\n<p><span style=\"color: #800080;\"><strong>4. adventn\u00e1 nede\u013ea<\/strong><\/span><\/p>\n<p>&nbsp;<\/p>\n<p><span style=\"color: #808000;\">Vig\u00edlia narodenia P\u00e1na<\/span><\/p>\n<p>&nbsp;<\/td>\n<td style=\"text-align: center; width: 328px;\">za veriacich<\/p>\n<p><strong>Bodice:<\/strong> na \u00famysel<\/p>\n<p>za Romana s rodinou<\/p>\n<p><strong>Bodice:<\/strong> za sp\u00e1su \u017eiv\u00fdch a zomrel\u00fdch pr\u00edbuzn\u00fdch a priate\u013eov<\/p>\n<p>za rodinu<\/td>\n<td style=\"text-align: center; width: 305px;\"><\/td>\n<\/tr>\n<\/tbody>\n<\/table>\n<\/div>\n<ul>\n<li>sviatos\u0165 zmierenia budem vysluhova\u0165 pol hodiny pre sv. om\u0161ami. V stredu budeme spoveda\u0165 viacer\u00ed k\u0148azi od 15:30 do 17:00.<\/li>\n<li>na kr\u00ed\u017eov\u00fa cestu obetovali 100 a 50 \u20ac. Bohuzn\u00e1ma na kostol v Bodiciach 20 \u20ac. P\u00e1n Boh zapla\u0165 a po\u017eehnaj v\u0161etk\u00fdch darcov.<\/li>\n<li>o upratovanie kostola pros\u00edm rodiny Ra\u010dkov\u00fa, Mra\u010dnov\u00fa, Tk\u00e1\u010dov\u00fa a Gub\u00e1\u0161ov\u00fa. Upratovanie bude v sobotu. P\u00e1n Boh zapla\u0165 za slu\u017ebu.<\/li>\n<\/ul>\n","protected":false},"excerpt":{"rendered":"<p>De\u0148 \u010cas Liturgick\u00fd kalend\u00e1r \u00damysel O\u010dak\u00e1vame Nede\u013ea 17.12. 7:00 8:15 9:45 3. adventn\u00e1 nede\u013ea Nede\u013ea Gaudete za veriacich Bodice: na \u00famysel za zdravie a Bo\u017eie po\u017eehnanie pre rodinu \u0160imi\u010d\u00e1kov\u00fa Sviatos\u0165 zmierenia: Liptovsk\u00fd Mikul\u00e1\u0161 15:00 \u2013 18:00 Pondelok 18.12. 17:00 Pondelok po 3. adventnej nedeli za zdravie a Bo\u017eie po\u017eehnanie pre rodinu Kumanekov\u00fa Po sv. om\u0161i [&hellip;]<\/p>\n","protected":false},"author":1,"featured_media":0,"comment_status":"closed","ping_status":"closed","sticky":false,"template":"","format":"standard","meta":{"_links_to":"","_links_to_target":""},"categories":[4,19],"tags":[],"_links":{"self":[{"href":"http:\/\/www.paludzka.fara.sk\/index.php?rest_route=\/wp\/v2\/posts\/3668"}],"collection":[{"href":"http:\/\/www.paludzka.fara.sk\/index.php?rest_route=\/wp\/v2\/posts"}],"about":[{"href":"http:\/\/www.paludzka.fara.sk\/index.php?rest_route=\/wp\/v2\/types\/post"}],"author":[{"embeddable":true,"href":"http:\/\/www.paludzka.fara.sk\/index.php?rest_route=\/wp\/v2\/users\/1"}],"replies":[{"embeddable":true,"href":"http:\/\/www.paludzka.fara.sk\/index.php?rest_route=%2Fwp%2Fv2%2Fcomments&post=3668"}],"version-history":[{"count":3,"href":"http:\/\/www.paludzka.fara.sk\/index.php?rest_route=\/wp\/v2\/posts\/3668\/revisions"}],"predecessor-version":[{"id":3695,"href":"http:\/\/www.paludzka.fara.sk\/index.php?rest_route=\/wp\/v2\/posts\/3668\/revisions\/3695"}],"wp:attachment":[{"href":"http:\/\/www.paludzka.fara.sk\/index.php?rest_route=%2Fwp%2Fv2%2Fmedia&parent=3668"}],"wp:term":[{"taxonomy":"category","embeddable":true,"href":"http:\/\/www.paludzka.fara.sk\/index.php?rest_route=%2Fwp%2Fv2%2Fcategories&post=3668"},{"taxonomy":"post_tag","embeddable":true,"href":"http:\/\/www.paludzka.fara.sk\/index.php?rest_route=%2Fwp%2Fv2%2Ftags&post=3668"}],"curies":[{"name":"wp","href":"https:\/\/api.w.org\/{rel}","templated":true}]}}