
{"id":3662,"date":"2023-12-10T00:00:53","date_gmt":"2023-12-09T23:00:53","guid":{"rendered":"http:\/\/www.paludzka.fara.sk\/?p=3662"},"modified":"2023-12-09T14:14:02","modified_gmt":"2023-12-09T13:14:02","slug":"farske-oznamy-10-12-17-12-2023","status":"publish","type":"post","link":"http:\/\/www.paludzka.fara.sk\/?p=3662","title":{"rendered":"Farsk\u00e9 oznamy 10.12.-17.12.2023"},"content":{"rendered":"<div class=\"table-responsive\">\n<table class=\"table table-bordered\">\n<thead>\n<tr>\n<th style=\"text-align: center;\">De\u0148<\/th>\n<th style=\"text-align: center;\">\u010cas<\/th>\n<th style=\"text-align: center;\">Liturgick\u00fd kalend\u00e1r<\/th>\n<th style=\"text-align: center;\">\u00damysel<\/th>\n<th style=\"text-align: center;\">O\u010dak\u00e1vame<\/th>\n<\/tr>\n<\/thead>\n<tbody>\n<tr>\n<td style=\"text-align: center;\"><strong>Nede\u013ea 10.12.<\/strong><\/td>\n<td style=\"text-align: center;\">7:00<\/p>\n<p><strong>8:15<\/strong><\/p>\n<p>9:45<\/td>\n<td style=\"text-align: center;\"><strong><span style=\"color: #800080;\">2. adventn\u00e1 nede\u013ea<\/span><\/strong><\/td>\n<td style=\"text-align: center;\">za veriacich<\/p>\n<p><strong>Bodice:<\/strong> na \u00famysel<\/p>\n<p>za zdravie a Bo\u017eie po\u017eehnanie pre rodinu Kopeck\u00fa<\/td>\n<td style=\"text-align: center;\"><\/td>\n<\/tr>\n<tr>\n<td style=\"text-align: center;\">Pondelok 11.12.<\/td>\n<td style=\"text-align: center;\">17:00<\/td>\n<td style=\"text-align: center;\">\n<p style=\"text-align: center;\"><span style=\"color: #800080;\">Pondelok po 1. adventnej nedeli<\/span><\/p>\n<\/td>\n<td style=\"text-align: center;\">+ Adolf a Kamil<\/td>\n<td style=\"text-align: center;\"><\/td>\n<\/tr>\n<tr>\n<td style=\"text-align: center;\">Utorok 12.12.<\/td>\n<td style=\"text-align: center;\"><span style=\"color: #000000;\">17:00<\/span><\/td>\n<td style=\"text-align: center;\">\n<p style=\"text-align: center;\"><span style=\"color: #800080;\">Utorok po 1. adventnej nedeli<\/span><\/p>\n<\/td>\n<td style=\"text-align: center;\">+ Jozefovia a Ladislav<\/td>\n<td style=\"text-align: center;\"><\/td>\n<\/tr>\n<tr>\n<td style=\"text-align: center;\">Streda 13.12.<\/td>\n<td style=\"text-align: center;\"><span style=\"color: #ff0000;\">6:30<\/span><\/td>\n<td style=\"text-align: center;\"><span style=\"color: #ff0000;\">Sv\u00e4tej Lucie, panny a mu\u010denice<\/span><\/p>\n<p><span style=\"color: #ff0000;\">spomienka<\/span><\/p>\n<p><span style=\"color: #ff0000;\">Pri svetle sviec<\/span><\/td>\n<td style=\"text-align: center;\">+ rodi\u010dia<\/td>\n<td style=\"text-align: center;\"><\/td>\n<\/tr>\n<tr>\n<td style=\"text-align: center;\">\u0160tvrtok 14.12.<\/td>\n<td style=\"text-align: center;\"><strong>6:30<\/strong><\/p>\n<p><span style=\"color: #000000;\">17:00<\/span><\/td>\n<td style=\"text-align: center;\"><span style=\"color: #808000;\">Sv\u00e4t\u00e9ho J\u00e1na od Kr\u00ed\u017ea, k\u0148aza a u\u010dite\u013ea Cirkvi<\/span><\/p>\n<p><span style=\"color: #808000;\">spomienka<\/span><\/td>\n<td style=\"text-align: center;\"><strong>Bodice:<\/strong> na \u00famysel \u2013 <span style=\"color: #ff0000;\">pri svetle sviec<\/span><\/p>\n<p>+ rodi\u010dia Franti\u0161ek a Helena<\/td>\n<td style=\"text-align: center;\">Ador\u00e1cia od 16:30<\/td>\n<\/tr>\n<tr>\n<td style=\"text-align: center;\">Piatok 15.12.<\/td>\n<td style=\"text-align: center;\"><span style=\"color: #000000;\">17:00<\/span><\/td>\n<td style=\"text-align: center;\"><span style=\"color: #800080;\">Piatok po 2. adventnej nedeli<\/span><\/td>\n<td style=\"text-align: center;\">za zdravie a Bo\u017eie po\u017eehnanie pre za\u0165a Petra s rodinou<\/td>\n<td style=\"text-align: center;\"><strong>Sv. om\u0161a za \u00fa\u010dasti det\u00ed<\/strong><\/p>\n<p><strong>Po sv. om\u0161i n\u00e1cvik na jasli\u010dkov\u00fa pobo\u017enos\u0165<\/strong><\/td>\n<\/tr>\n<tr>\n<td style=\"text-align: center;\">Sobota 16.12.<\/td>\n<td style=\"text-align: center;\"><span style=\"color: #ff0000;\">6:30<\/span><\/td>\n<td style=\"text-align: center;\"><span style=\"color: #0000ff;\">Ror\u00e1tna sv\u00e4t\u00e1 om\u0161a<\/span><\/p>\n<p><span style=\"color: #ff0000;\">Pri svetle sviec<\/span><\/td>\n<td style=\"text-align: center;\">+ Anna<\/td>\n<td style=\"text-align: center;\"><\/td>\n<\/tr>\n<tr>\n<td style=\"text-align: center;\"><strong>Nede\u013ea 17.12.<\/strong><\/td>\n<td style=\"text-align: center;\">7:00<\/p>\n<p><strong>8:15<\/strong><\/p>\n<p>9:45<\/td>\n<td style=\"text-align: center;\"><span style=\"color: #ff00ff;\"><strong>3. adventn\u00e1 nede\u013ea<\/strong><\/span><\/p>\n<p><span style=\"color: #ff00ff;\">Nede\u013ea Gaudete<\/span><\/td>\n<td style=\"text-align: center;\">za veriacich<\/p>\n<p><strong>Bodice:<\/strong> na \u00famysel<\/p>\n<p>za zdravie a Bo\u017eie po\u017eehnanie pre rodinu \u0160imi\u010d\u00e1kov\u00fa<\/td>\n<td style=\"text-align: center;\"><\/td>\n<\/tr>\n<\/tbody>\n<\/table>\n<\/div>\n<ul>\n<li>Zimn\u00e9 k\u00e1ntrov\u00e9 dni s\u00fa na bud\u00faci t\u00fd\u017ede\u0148 v stredu, piatok a sobotu. Obsah zimn\u00fdch k\u00e1ntrov\u00fdch dn\u00ed: pr\u00edchod Kristovho kr\u00e1\u013eovstva do rod\u00edn, duchovn\u00e1 obnova rod\u00edn, pokoj a spravodlivos\u0165 vo svete.<\/li>\n<li>Bohuzn\u00e1ma na kr\u00ed\u017eov\u00fa cestu obetovala 200 \u20ac. P\u00e1n Boh zapla\u0165.<\/li>\n<li>zbierka na charitu \u010dinila 365 \u20ac. Z toho 50 \u20ac darovalo ru\u017eencov\u00e9 spolo\u010denstvo. P\u00e1n Boh zapla\u0165 a po\u017eehnaj v\u0161etk\u00fdch darcov.<\/li>\n<li>o upratovanie kostola pros\u00edm rodiny Ku\u010derov\u00fa, J\u00e1no\u0161\u00edkov\u00fa, Adam\u010diakov\u00fa J., Pec\u00fachov\u00fa a Da\u0148ov\u00fa. Upratovanie bude v sobotu. P\u00e1n Boh zapla\u0165 za slu\u017ebu.<\/li>\n<\/ul>\n<p>Drah\u00ed bratia a sestry,<\/p>\n<p>v duchu o\u010dak\u00e1vania sviatkov Bo\u017eieho narodenia, teda v \u010dase Adventu, chcem spolu s Vami objavova\u0165 a ukazova\u0165 na prav\u00fa podstatu Vianoc. Rob\u00edme tak aj v duchu 800. v\u00fdro\u010dia od prv\u00fdch jasli\u010diek, ktor\u00e9 sv. Franti\u0161ek postavil, aby pre\u017eil tajomstvo vtelenia Bo\u017eieho Syna.<\/p>\n<p>P\u00e1pe\u017e Franti\u0161ek v apo\u0161tolskom liste *Admirabile Signum*, o v\u00fdzname a d\u00f4le\u017eitosti Betlehemsk\u00fdch jasl\u00ed, p\u00ed\u0161e: *\u201eNez\u00e1le\u017e\u00ed na tom, ako je sc\u00e9na Narodenia naaran\u017eovan\u00e1: m\u00f4\u017ee by\u0165 v\u017edy t\u00e1 ist\u00e1 alebo sa m\u00f4\u017ee ka\u017ed\u00fd rok aj meni\u0165. Z\u00e1le\u017e\u00ed na tom, aby prehovorila do na\u0161ich \u017eivotov. Nech s\u00fa kdeko\u013evek, nech maj\u00fa ak\u00fako\u013evek formu, viano\u010dn\u00e9 jasli\u010dky n\u00e1m hovoria o l\u00e1ske Boha; toho Boha, ktor\u00fd sa stal \u010dlovekom, aby n\u00e1m dal vedie\u0165, ak\u00fd je bl\u00edzky ka\u017ed\u00e9mu mu\u017eovi, \u017eene a die\u0165a\u0165u, bez oh\u013eadu na ich situ\u00e1ciu.\u201c*<\/p>\n<p>Uk\u00e1\u017eme vo svojich pr\u00edbytkoch, ale aj v susedstve, \u017ee pre n\u00e1s zmyslom Vianoc je &#8211; Die\u0165a v jasliach. Postavme si Betlehem, mo\u017eno aj pred na\u0161\u00edm domom. Ak z r\u00f4znych d\u00f4vodov to nebude mo\u017en\u00e9, tak umiestnime do svojich okien n\u00e1lepku Betlehema. Aj takto budeme svedkami Je\u017ei\u0161a Krista, ktor\u00fd prich\u00e1dza v tichu noci. N\u00e1lepka m\u00f4\u017ee by\u0165 aj ako vhodn\u00fd dar\u010dek pre na\u0161ich bl\u00edzkych. Vr\u00e1\u0165me Betlehemu miesto v na\u0161ich rodin\u00e1ch, ktor\u00e9 mu patr\u00ed.<\/p>\n<p>N\u00e1lepku vo ve\u013ekosti A4 si m\u00f4\u017eete objedna\u0165 vzadu na stol\u00edku. Cena 1 ks n\u00e1lepky je 2 eur\u00e1.<\/p>\n<p>V\u00e1\u0161 biskup Franti\u0161ek<\/p>\n","protected":false},"excerpt":{"rendered":"<p>De\u0148 \u010cas Liturgick\u00fd kalend\u00e1r \u00damysel O\u010dak\u00e1vame Nede\u013ea 10.12. 7:00 8:15 9:45 2. adventn\u00e1 nede\u013ea za veriacich Bodice: na \u00famysel za zdravie a Bo\u017eie po\u017eehnanie pre rodinu Kopeck\u00fa Pondelok 11.12. 17:00 Pondelok po 1. adventnej nedeli + Adolf a Kamil Utorok 12.12. 17:00 Utorok po 1. adventnej nedeli + Jozefovia a Ladislav Streda 13.12. 6:30 Sv\u00e4tej [&hellip;]<\/p>\n","protected":false},"author":1,"featured_media":0,"comment_status":"closed","ping_status":"closed","sticky":false,"template":"","format":"standard","meta":{"_links_to":"","_links_to_target":""},"categories":[4,19],"tags":[],"_links":{"self":[{"href":"http:\/\/www.paludzka.fara.sk\/index.php?rest_route=\/wp\/v2\/posts\/3662"}],"collection":[{"href":"http:\/\/www.paludzka.fara.sk\/index.php?rest_route=\/wp\/v2\/posts"}],"about":[{"href":"http:\/\/www.paludzka.fara.sk\/index.php?rest_route=\/wp\/v2\/types\/post"}],"author":[{"embeddable":true,"href":"http:\/\/www.paludzka.fara.sk\/index.php?rest_route=\/wp\/v2\/users\/1"}],"replies":[{"embeddable":true,"href":"http:\/\/www.paludzka.fara.sk\/index.php?rest_route=%2Fwp%2Fv2%2Fcomments&post=3662"}],"version-history":[{"count":3,"href":"http:\/\/www.paludzka.fara.sk\/index.php?rest_route=\/wp\/v2\/posts\/3662\/revisions"}],"predecessor-version":[{"id":3669,"href":"http:\/\/www.paludzka.fara.sk\/index.php?rest_route=\/wp\/v2\/posts\/3662\/revisions\/3669"}],"wp:attachment":[{"href":"http:\/\/www.paludzka.fara.sk\/index.php?rest_route=%2Fwp%2Fv2%2Fmedia&parent=3662"}],"wp:term":[{"taxonomy":"category","embeddable":true,"href":"http:\/\/www.paludzka.fara.sk\/index.php?rest_route=%2Fwp%2Fv2%2Fcategories&post=3662"},{"taxonomy":"post_tag","embeddable":true,"href":"http:\/\/www.paludzka.fara.sk\/index.php?rest_route=%2Fwp%2Fv2%2Ftags&post=3662"}],"curies":[{"name":"wp","href":"https:\/\/api.w.org\/{rel}","templated":true}]}}