
{"id":3644,"date":"2023-12-03T00:00:55","date_gmt":"2023-12-02T23:00:55","guid":{"rendered":"http:\/\/www.paludzka.fara.sk\/?p=3644"},"modified":"2023-12-04T00:19:44","modified_gmt":"2023-12-03T23:19:44","slug":"farske-oznamy-3-12-10-12-2023","status":"publish","type":"post","link":"http:\/\/www.paludzka.fara.sk\/?p=3644","title":{"rendered":"Farsk\u00e9 oznamy 3.12.-10.12.2023"},"content":{"rendered":"<div class=\"table-responsive\">\n<table class=\"table table-bordered\">\n<thead>\n<tr>\n<th style=\"text-align: center;\">De\u0148<\/th>\n<th style=\"text-align: center;\">\u010cas<\/th>\n<th style=\"text-align: center;\">Liturgick\u00fd kalend\u00e1r<\/th>\n<th style=\"text-align: center;\">\u00damysel<\/th>\n<th style=\"text-align: center;\">O\u010dak\u00e1vame<\/th>\n<\/tr>\n<\/thead>\n<tbody>\n<tr>\n<td style=\"text-align: center;\"><strong>Nede\u013ea 3.12.<\/strong><\/td>\n<td style=\"text-align: center;\">7:00<\/p>\n<p><strong>8:15<\/strong><\/p>\n<p>9:45<\/td>\n<td style=\"text-align: center;\"><strong><span style=\"color: #800080;\">1. adventn\u00e1 nede\u013ea<\/span><\/strong><\/td>\n<td style=\"text-align: center;\">za veriacich<\/p>\n<p><strong>Bodice:<\/strong> na \u00famysel<\/p>\n<p>za zdravie a Bo\u017eie po\u017eehnanie pre rodinu Lieskovsk\u00fa<\/td>\n<td style=\"text-align: center;\"><strong>Zbierka na charitu<\/strong><\/p>\n<p><span style=\"color: #ff0000;\">Pri sv. om\u0161iach po\u017eehnanie adventn\u00fdch vencov<\/span><\/td>\n<\/tr>\n<tr>\n<td style=\"text-align: center;\">Pondelok 4.12.<\/td>\n<td style=\"text-align: center;\">17:00<\/td>\n<td style=\"text-align: center;\">\n<p style=\"text-align: center;\"><span style=\"color: #800080;\">Pondelok po 1. adventnej nedeli<\/span><\/p>\n<\/td>\n<td style=\"text-align: center;\">za zdravie a Bo\u017eie po\u017eehnanie pre deti s rodinami<\/td>\n<td style=\"text-align: center;\"><\/td>\n<\/tr>\n<tr>\n<td style=\"text-align: center;\">Utorok 5.12.<\/td>\n<td style=\"text-align: center;\"><span style=\"color: #000000;\">17:00<\/span><\/td>\n<td style=\"text-align: center;\">\n<p style=\"text-align: center;\"><span style=\"color: #800080;\">Utorok po 1. adventnej nedeli<\/span><\/p>\n<\/td>\n<td style=\"text-align: center;\">za rodiny syna a dc\u00e9ry<\/td>\n<td style=\"text-align: center;\"><\/td>\n<\/tr>\n<tr>\n<td style=\"text-align: center;\">Streda 6.12.<\/td>\n<td style=\"text-align: center;\"><span style=\"color: #ff0000;\">6:30<\/span><\/td>\n<td style=\"text-align: center;\"><span style=\"color: #0000ff;\">Ror\u00e1tna sv\u00e4t\u00e1 om\u0161a<\/span><\/p>\n<p><span style=\"color: #ff0000;\">Pri svetle sviec<\/span><\/td>\n<td style=\"text-align: center;\">+ Rudolf, Matej a Eva<\/td>\n<td style=\"text-align: center;\"><\/td>\n<\/tr>\n<tr>\n<td style=\"text-align: center;\">\u0160tvrtok 7.12.<\/td>\n<td style=\"text-align: center;\"><span style=\"color: #000000;\">17:00<\/span><\/td>\n<td style=\"text-align: center;\"><span style=\"color: #808000;\">Sv\u00e4t\u00e9ho Ambr\u00f3za, biskupa a u\u010dite\u013ea Cirkvi<\/span><\/p>\n<p><span style=\"color: #808000;\">spomienka<\/span><\/p>\n<p><span style=\"color: #0000ff;\">Ve\u010dern\u00e1 sv. om\u0161a je z nasleduj\u00facej <\/span><span style=\"color: #0000ff;\">sl\u00e1vnosti<\/span><\/td>\n<td style=\"text-align: center;\">+ Jozef, \u0160tefan, Ivan a Vladim\u00edr<\/td>\n<td style=\"text-align: center;\">Ador\u00e1cia od 16:30<\/td>\n<\/tr>\n<tr>\n<td style=\"text-align: center;\">Piatok 8.12.<\/td>\n<td style=\"text-align: center;\"><strong>16:00<\/strong><\/p>\n<p><span style=\"color: #000000;\">17:00<\/span><\/td>\n<td style=\"text-align: center;\"><span style=\"color: #0000ff;\"><strong>Nepo\u0161kvrnen\u00e9 po\u010datie preblahoslavenej Panny M\u00e1rie<\/strong><\/span><\/p>\n<p><span style=\"color: #0000ff;\">sl\u00e1vnos\u0165<\/span><\/p>\n<p><span style=\"color: #ff0000;\">Prik\u00e1zan\u00fd sviatok<\/span><\/td>\n<td style=\"text-align: center;\">Bodice: na \u00famysel<\/p>\n<p>za veriacich<\/td>\n<td style=\"text-align: center;\"><strong>Po sv. om\u0161i n\u00e1cvik na jasli\u010dkov\u00fa pobo\u017enos\u0165<\/strong><\/td>\n<\/tr>\n<tr>\n<td style=\"text-align: center;\">Sobota 9.12.<\/td>\n<td style=\"text-align: center;\"><span style=\"color: #ff0000;\">6:30<\/span><\/td>\n<td style=\"text-align: center;\"><span style=\"color: #0000ff;\">Ror\u00e1tna sv\u00e4t\u00e1 om\u0161a<\/span><\/p>\n<p><span style=\"color: #ff0000;\">Pri svetle sviec<\/span><\/td>\n<td style=\"text-align: center;\">za zdravie a Bo\u017eie po\u017eehnanie rod\u00edn Juraja a\u00a0Eduarda Bors\u00edka<\/td>\n<td style=\"text-align: center;\"><\/td>\n<\/tr>\n<tr>\n<td style=\"text-align: center;\"><strong>Nede\u013ea 10.12.<\/strong><\/td>\n<td style=\"text-align: center;\">7:00<\/p>\n<p><strong>8:15<\/strong><\/p>\n<p>9:45<\/td>\n<td style=\"text-align: center;\"><strong><span style=\"color: #800080;\">2. adventn\u00e1 nede\u013ea<\/span><\/strong><\/td>\n<td style=\"text-align: center;\">za veriacich<\/p>\n<p><strong>Bodice:<\/strong> na \u00famysel<\/p>\n<p>za zdravie a Bo\u017eie po\u017eehnanie pre rodinu Kopeck\u00fa<\/td>\n<td style=\"text-align: center;\"><\/td>\n<\/tr>\n<\/tbody>\n<\/table>\n<\/div>\n<ul>\n<li>Bohuzn\u00e1mi obetovali na kostol 40 a 60 \u20ac. Bohuzn\u00e1my zo Zuberca daroval na kostol 300 \u20ac. P\u00e1n Boh zapla\u0165.<\/li>\n<li>na kostol v Bodiaciach Bohuzn\u00e1ma darovala 50 \u20ac. P\u00e1n Boh zapla\u0165.<\/li>\n<li>dnes je zbierka na charitu. V\u0161etk\u00fdm darcom ve\u013ek\u00e1 v\u010faka.<\/li>\n<li>vzadu na stol\u00edku si m\u00f4\u017eete zobra\u0165 &#8211; list od n\u00e1\u0161ho biskupa, obraz Emauzsk\u00fdch u\u010den\u00edkov, adventn\u00fa aktivitu pre deti.<\/li>\n<li>na str\u00e1nke farnosti si m\u00f4\u017eete stiahnu\u0165 <strong>Liturgiu dom\u00e1cej cirkvi<\/strong> ku jednotliv\u00fdm sviecam adventn\u00e9ho venca zakon\u010den\u00e1 piatou sviecou, zap\u00e1lenou na sviatok Sv\u00e4tej rodiny.<\/li>\n<li>o upratovanie kostola pros\u00edm rodiny Hri\u010d\u00e1kov\u00fa, Dia\u010dikov\u00fa, Korman\u00edkov\u00fa a S\u00e1lusov\u00fa. Upratovanie bude v sobotu. P\u00e1n Boh zapla\u0165 za slu\u017ebu.<\/li>\n<\/ul>\n","protected":false},"excerpt":{"rendered":"<p>De\u0148 \u010cas Liturgick\u00fd kalend\u00e1r \u00damysel O\u010dak\u00e1vame Nede\u013ea 3.12. 7:00 8:15 9:45 1. adventn\u00e1 nede\u013ea za veriacich Bodice: na \u00famysel za zdravie a Bo\u017eie po\u017eehnanie pre rodinu Lieskovsk\u00fa Zbierka na charitu Pri sv. om\u0161iach po\u017eehnanie adventn\u00fdch vencov Pondelok 4.12. 17:00 Pondelok po 1. adventnej nedeli za zdravie a Bo\u017eie po\u017eehnanie pre deti s rodinami Utorok 5.12. [&hellip;]<\/p>\n","protected":false},"author":1,"featured_media":0,"comment_status":"closed","ping_status":"closed","sticky":false,"template":"","format":"standard","meta":{"_links_to":"","_links_to_target":""},"categories":[4,19],"tags":[],"_links":{"self":[{"href":"http:\/\/www.paludzka.fara.sk\/index.php?rest_route=\/wp\/v2\/posts\/3644"}],"collection":[{"href":"http:\/\/www.paludzka.fara.sk\/index.php?rest_route=\/wp\/v2\/posts"}],"about":[{"href":"http:\/\/www.paludzka.fara.sk\/index.php?rest_route=\/wp\/v2\/types\/post"}],"author":[{"embeddable":true,"href":"http:\/\/www.paludzka.fara.sk\/index.php?rest_route=\/wp\/v2\/users\/1"}],"replies":[{"embeddable":true,"href":"http:\/\/www.paludzka.fara.sk\/index.php?rest_route=%2Fwp%2Fv2%2Fcomments&post=3644"}],"version-history":[{"count":2,"href":"http:\/\/www.paludzka.fara.sk\/index.php?rest_route=\/wp\/v2\/posts\/3644\/revisions"}],"predecessor-version":[{"id":3646,"href":"http:\/\/www.paludzka.fara.sk\/index.php?rest_route=\/wp\/v2\/posts\/3644\/revisions\/3646"}],"wp:attachment":[{"href":"http:\/\/www.paludzka.fara.sk\/index.php?rest_route=%2Fwp%2Fv2%2Fmedia&parent=3644"}],"wp:term":[{"taxonomy":"category","embeddable":true,"href":"http:\/\/www.paludzka.fara.sk\/index.php?rest_route=%2Fwp%2Fv2%2Fcategories&post=3644"},{"taxonomy":"post_tag","embeddable":true,"href":"http:\/\/www.paludzka.fara.sk\/index.php?rest_route=%2Fwp%2Fv2%2Ftags&post=3644"}],"curies":[{"name":"wp","href":"https:\/\/api.w.org\/{rel}","templated":true}]}}