
{"id":3595,"date":"2023-11-26T00:00:43","date_gmt":"2023-11-25T23:00:43","guid":{"rendered":"http:\/\/www.paludzka.fara.sk\/?p=3595"},"modified":"2023-11-25T20:49:49","modified_gmt":"2023-11-25T19:49:49","slug":"farske-oznamy-26-11-3-12-2023","status":"publish","type":"post","link":"http:\/\/www.paludzka.fara.sk\/?p=3595","title":{"rendered":"Farsk\u00e9 oznamy 26.11.-3.12.2023"},"content":{"rendered":"<div class=\"table-responsive\">\n<table class=\"table table-bordered\">\n<thead>\n<tr>\n<th style=\"text-align: center;\">De\u0148<\/th>\n<th style=\"text-align: center;\">\u010cas<\/th>\n<th style=\"text-align: center;\">Liturgick\u00fd kalend\u00e1r<\/th>\n<th style=\"text-align: center;\">\u00damysel<\/th>\n<th style=\"text-align: center;\">O\u010dak\u00e1vame<\/th>\n<\/tr>\n<\/thead>\n<tbody>\n<tr>\n<td style=\"text-align: center;\"><strong>Nede\u013ea 26.11.<\/strong><\/td>\n<td style=\"text-align: center;\">7:00<\/p>\n<p><strong>8:15<\/strong><\/p>\n<p>9:45<\/td>\n<td style=\"text-align: center;\"><span style=\"color: #808000;\"><strong>N\u00e1\u0161ho P\u00e1na Je\u017ei\u0161a Krista, Kr\u00e1\u013ea neba i zeme<\/strong><\/span><\/td>\n<td style=\"text-align: center;\">za veriacich<\/p>\n<p><strong>Bodice:<\/strong> na \u00famysel<\/p>\n<p>za zdravie a Bo\u017eie po\u017eehnanie pre dc\u00e9ru<\/td>\n<td style=\"text-align: center;\"><strong>Zasv\u00e4tenie Najsv\u00e4tej\u0161iemu Srdcu Je\u017ei\u0161ovmu<\/strong><\/td>\n<\/tr>\n<tr>\n<td style=\"text-align: center;\">Pondelok 27.11.<\/td>\n<td style=\"text-align: center;\">17:00<\/td>\n<td style=\"text-align: center;\">\n<p style=\"text-align: center;\"><span style=\"color: #008000;\">Pondelok 34. t\u00fd\u017ed\u0148a v Cezro\u010dnom obdob\u00ed<\/span><\/p>\n<\/td>\n<td style=\"text-align: center;\">za zdravie a Bo\u017eie po\u017eehnanie pre Mari\u00e1na Povalu<\/td>\n<td style=\"text-align: center;\">vysluhovanie sv. zmierenia od 16:30<\/td>\n<\/tr>\n<tr>\n<td style=\"text-align: center;\">Utorok 28.11.<\/td>\n<td style=\"text-align: center;\"><span style=\"color: #000000;\">17:00<\/span><\/td>\n<td style=\"text-align: center;\">\n<p style=\"text-align: center;\"><span style=\"color: #008000;\">Utorok 34. t\u00fd\u017ed\u0148a v Cezro\u010dnom obdob\u00ed<\/span><\/p>\n<\/td>\n<td style=\"text-align: center;\">+ Johana, J\u00e1n a Pavol<\/td>\n<td style=\"text-align: center;\">vysluhovanie sv. zmierenia od 16:30<\/td>\n<\/tr>\n<tr>\n<td style=\"text-align: center;\">Streda 29.11.<\/td>\n<td style=\"text-align: center;\">7:00<\/td>\n<td style=\"text-align: center;\"><span style=\"color: #008000;\">Streda 34. t\u00fd\u017ed\u0148a v Cezro\u010dnom obdob\u00ed<\/span><\/td>\n<td style=\"text-align: center;\">za zdravie a Bo\u017eie po\u017eehnanie pre rodinu Bistarov\u00fa<\/td>\n<td style=\"text-align: center;\"><\/td>\n<\/tr>\n<tr>\n<td style=\"text-align: center;\">\u0160tvrtok 30.11.<\/td>\n<td style=\"text-align: center;\"><span style=\"color: #000000;\">17:00<\/span><\/td>\n<td style=\"text-align: center;\"><span style=\"color: #ff0000;\">Sv\u00e4t\u00e9ho Ondreja, apo\u0161tola<\/span><\/p>\n<p><span style=\"color: #ff0000;\">sviatok<\/span><\/td>\n<td style=\"text-align: center;\">+ J\u00e1n a Eva Kub\u00edk<\/td>\n<td style=\"text-align: center;\">Ador\u00e1cia od 16:30<\/p>\n<p>Vysluhovanie sv. zmierenia od 16:00<\/td>\n<\/tr>\n<tr>\n<td style=\"text-align: center;\">Piatok 1.12.<\/td>\n<td style=\"text-align: center;\"><strong>16:00<\/strong><\/p>\n<p><span style=\"color: #000000;\">17:00<\/span><\/td>\n<td style=\"text-align: center;\"><span style=\"color: #808000;\">O Najsv\u00e4tej\u0161om Srdci Je\u017ei\u0161ovom<\/span><\/p>\n<p><span style=\"color: #ff0000;\">Prv\u00fd piatok<\/span><\/td>\n<td style=\"text-align: center;\"><strong>Bodice:<\/strong> na \u00famysel<\/p>\n<p>+ Andrea, Daniel a Marek<\/td>\n<td style=\"text-align: center;\">N\u00e1v\u0161teva chor\u00fdch od 08:00<\/p>\n<p><strong>Bodice<\/strong>: sv. zmierenia od 15:15<\/p>\n<p><strong>Sv. om\u0161a za \u00fa\u010dasti det\u00ed. Poz\u00fdvame deti a rodi\u010dov. Po sv. om\u0161i n\u00e1cvik na jasli\u010dkov\u00fa pobo\u017enos\u0165<\/strong><\/td>\n<\/tr>\n<tr>\n<td style=\"text-align: center;\">Sobota 2.12.<\/td>\n<td style=\"text-align: center;\">8:00<\/td>\n<td style=\"text-align: center;\"><span style=\"color: #0000ff;\">O preblahoslavenej Panne M\u00e1rii<\/span><\/td>\n<td style=\"text-align: center;\">za Bo\u017eiu pomoc pre Martina<\/td>\n<td style=\"text-align: center;\">Fatimsk\u00e1 pobo\u017enos\u0165 o 7:30<\/td>\n<\/tr>\n<tr>\n<td style=\"text-align: center;\"><strong>Nede\u013ea 3.12.<\/strong><\/td>\n<td style=\"text-align: center;\">7:00<\/p>\n<p><strong>8:15<\/strong><\/p>\n<p>9:45<\/td>\n<td style=\"text-align: center;\"><strong><span style=\"color: #800080;\">1. adventn\u00e1 nede\u013ea<\/span><\/strong><\/td>\n<td style=\"text-align: center;\">za veriacich<\/p>\n<p><strong>Bodice:<\/strong> na \u00famysel<\/p>\n<p>za zdravie a Bo\u017eie po\u017eehnanie pre rodinu Lieskovsk\u00fa<\/td>\n<td style=\"text-align: center;\"><strong>Zbierka na charitu<\/strong><\/p>\n<p><span style=\"color: #ff0000;\">Pri sv. om\u0161iach po\u017eehnanie adventn\u00fdch vencov<\/span><\/td>\n<\/tr>\n<\/tbody>\n<\/table>\n<\/div>\n<ul>\n<li>teraz na konci sv. om\u0161e bude pred vylo\u017eenou Olt\u00e1rnou sviatos\u0165ou obnova zasv\u00e4tenia \u013eudsk\u00e9ho pokolenia Najsv\u00e4tej\u0161iemu Srdcu Je\u017ei\u0161ovmu. Pri verejnom recitovan\u00ed modlitby Je\u017ei\u0161u, Vykupite\u013e \u013eudsk\u00e9ho pokolenia ur\u010denej na sl\u00e1vnos\u0165 Krista Kr\u00e1\u013ea, m\u00f4\u017eeme z\u00edska\u0165 za obvykl\u00fdch podmienok \u00fapln\u00e9 odpustky.<\/li>\n<li>na kr\u00ed\u017eov\u00fa cestu v Pal\u00fadzke Bohuzn\u00e1ma darovala 70 \u20ac. P\u00e1n Boh zapla\u0165.<\/li>\n<li>na kostol v \u00a0Bodiciach Bohuzn\u00e1ma darovala 100 \u20ac. P\u00e1n Boh zapla\u0165 a po\u017eehnaj v\u0161etk\u00fdch darcov.<\/li>\n<li>o upratovanie kostola pros\u00edm rodiny Jantol\u00e1kov\u00fa, Kov\u00e1\u010dov\u00fa, Slafkovsk\u00fa a Ko\u0161\u00fatov\u00fa. Upratovanie bude v sobotu. P\u00e1n Boh zapla\u0165 za slu\u017ebu.<\/li>\n<\/ul>\n<p>&nbsp;<\/p>\n<p>Drah\u00ed bratia a sestry,<\/p>\n<p>v na\u0161ej diec\u00e9ze <strong>za\u010dneme nov\u00fd pastora\u010dn\u00fd projekt<\/strong>. Je in\u0161pirovan\u00fd Je\u017ei\u0161ovou cestou do Emauz a bude ma\u0165 <strong>tri etapy<\/strong>. <strong>Prv\u00e1 za\u010dne spolo\u010dnou ador\u00e1ciou v sobotu 2.12.2023 o 17:00 hod. vo vybran\u00fdch mest\u00e1ch na\u0161ej diec\u00e9zy<\/strong>. Budeme sa s\u00fastredi\u0165 na po\u010d\u00favanie a prijatie \u013eud\u00ed okolo n\u00e1s. <strong>Symbolom tejto cesty bude svieca<\/strong>. Po Vianociach sa v druhej etape zameriame na<strong> d\u00f4le\u017eitos\u0165 Bo\u017eieho slova<\/strong>. <strong>Jej symbolom bude Sv\u00e4t\u00e9 p\u00edsmo<\/strong>. V poslednej etape po Ve\u013ekej noci <strong>upriamime poh\u013ead na Eucharistiu<\/strong>, preto\u017ee emauzsk\u00ed u\u010den\u00edci spoznali Je\u017ei\u0161a pr\u00e1ve pri l\u00e1man\u00ed chleba. <strong>Symbolom tejto etapy bude kr\u00ed\u017e<\/strong>. Vytvorili sme <strong>sprievodn\u00e9 materi\u00e1ly a aktivity pre deti, mlad\u00fdch, dospel\u00fdch aj rodiny<\/strong>, ktor\u00e9 od 1. adventnej nedele bud\u00fa postupne prib\u00fada\u0165 na na\u0161om webe \u2013\u00a0<strong><a href=\"http:\/\/www.kapitula.sk\">www.kapitula.sk<\/a>\u00a0a vo farnostiach<\/strong>.<\/p>\n<p>Obnovme spolo\u010dne na\u0161u vieru.<br \/>\nV\u00e1\u0161 biskup Franti\u0161ek<\/p>\n","protected":false},"excerpt":{"rendered":"<p>De\u0148 \u010cas Liturgick\u00fd kalend\u00e1r \u00damysel O\u010dak\u00e1vame Nede\u013ea 26.11. 7:00 8:15 9:45 N\u00e1\u0161ho P\u00e1na Je\u017ei\u0161a Krista, Kr\u00e1\u013ea neba i zeme za veriacich Bodice: na \u00famysel za zdravie a Bo\u017eie po\u017eehnanie pre dc\u00e9ru Zasv\u00e4tenie Najsv\u00e4tej\u0161iemu Srdcu Je\u017ei\u0161ovmu Pondelok 27.11. 17:00 Pondelok 34. t\u00fd\u017ed\u0148a v Cezro\u010dnom obdob\u00ed za zdravie a Bo\u017eie po\u017eehnanie pre Mari\u00e1na Povalu vysluhovanie sv. zmierenia [&hellip;]<\/p>\n","protected":false},"author":1,"featured_media":0,"comment_status":"closed","ping_status":"closed","sticky":false,"template":"","format":"standard","meta":{"_links_to":"","_links_to_target":""},"categories":[4,19],"tags":[],"_links":{"self":[{"href":"http:\/\/www.paludzka.fara.sk\/index.php?rest_route=\/wp\/v2\/posts\/3595"}],"collection":[{"href":"http:\/\/www.paludzka.fara.sk\/index.php?rest_route=\/wp\/v2\/posts"}],"about":[{"href":"http:\/\/www.paludzka.fara.sk\/index.php?rest_route=\/wp\/v2\/types\/post"}],"author":[{"embeddable":true,"href":"http:\/\/www.paludzka.fara.sk\/index.php?rest_route=\/wp\/v2\/users\/1"}],"replies":[{"embeddable":true,"href":"http:\/\/www.paludzka.fara.sk\/index.php?rest_route=%2Fwp%2Fv2%2Fcomments&post=3595"}],"version-history":[{"count":3,"href":"http:\/\/www.paludzka.fara.sk\/index.php?rest_route=\/wp\/v2\/posts\/3595\/revisions"}],"predecessor-version":[{"id":3598,"href":"http:\/\/www.paludzka.fara.sk\/index.php?rest_route=\/wp\/v2\/posts\/3595\/revisions\/3598"}],"wp:attachment":[{"href":"http:\/\/www.paludzka.fara.sk\/index.php?rest_route=%2Fwp%2Fv2%2Fmedia&parent=3595"}],"wp:term":[{"taxonomy":"category","embeddable":true,"href":"http:\/\/www.paludzka.fara.sk\/index.php?rest_route=%2Fwp%2Fv2%2Fcategories&post=3595"},{"taxonomy":"post_tag","embeddable":true,"href":"http:\/\/www.paludzka.fara.sk\/index.php?rest_route=%2Fwp%2Fv2%2Ftags&post=3595"}],"curies":[{"name":"wp","href":"https:\/\/api.w.org\/{rel}","templated":true}]}}