
{"id":3536,"date":"2023-11-19T00:00:44","date_gmt":"2023-11-18T23:00:44","guid":{"rendered":"http:\/\/www.paludzka.fara.sk\/?p=3536"},"modified":"2023-11-25T20:50:16","modified_gmt":"2023-11-25T19:50:16","slug":"farske-oznamy-19-11-26-11-2023","status":"publish","type":"post","link":"http:\/\/www.paludzka.fara.sk\/?p=3536","title":{"rendered":"Farsk\u00e9 oznamy 19.11.-26.11.2023"},"content":{"rendered":"<div class=\"table-responsive\">\n<table class=\"table table-bordered\">\n<thead>\n<tr>\n<th style=\"text-align: center;\">De\u0148<\/th>\n<th style=\"text-align: center;\">\u010cas<\/th>\n<th style=\"text-align: center;\">Liturgick\u00fd kalend\u00e1r<\/th>\n<th style=\"text-align: center;\">\u00damysel<\/th>\n<th style=\"text-align: center;\">O\u010dak\u00e1vame<\/th>\n<\/tr>\n<\/thead>\n<tbody>\n<tr>\n<td style=\"text-align: center;\"><strong>Nede\u013ea 19.11.<\/strong><\/td>\n<td style=\"text-align: center;\">7:00<\/p>\n<p><strong>8:15<\/strong><\/p>\n<p>9:45<\/td>\n<td style=\"text-align: center;\"><span style=\"color: #008000;\"><strong>33. nede\u013ea v Cezro\u010dnom obdob\u00ed<\/strong><\/span><\/td>\n<td style=\"text-align: center;\">za veriacich<\/p>\n<p><strong>Bodice:<\/strong> na \u00famysel<\/p>\n<p>+ Irenka a J\u00e1n<\/td>\n<td style=\"text-align: center;\"><\/td>\n<\/tr>\n<tr>\n<td style=\"text-align: center;\">Pondelok 20.11.<\/td>\n<td style=\"text-align: center;\"><span style=\"color: #ff0000;\">7:00<\/span><\/td>\n<td style=\"text-align: center;\">\n<p style=\"text-align: center;\"><span style=\"color: #008000;\">Pondelok 33. t\u00fd\u017ed\u0148a v Cezro\u010dnom obdob\u00ed<\/span><\/p>\n<\/td>\n<td style=\"text-align: center;\">+ z rodiny \u0160kapcovej a Kru\u017eel\u00e1kovej<\/td>\n<td style=\"text-align: center;\"><\/td>\n<\/tr>\n<tr>\n<td style=\"text-align: center;\">Utorok 21.11.<\/td>\n<td style=\"text-align: center;\"><span style=\"color: #000000;\">17:00<\/span><\/td>\n<td style=\"text-align: center;\">\n<p style=\"text-align: center;\"><span style=\"color: #808000;\">Obetovanie preblahoslavenej Panny M\u00e1rie<\/span><\/p>\n<p><span style=\"color: #808000;\">spomienka<\/span><\/td>\n<td style=\"text-align: center;\">+ Anast\u00e1zia Kub\u00edkov\u00e1 a Elena a Viliam<\/td>\n<td style=\"text-align: center;\"><\/td>\n<\/tr>\n<tr>\n<td style=\"text-align: center;\">Streda 22.11.<\/td>\n<td style=\"text-align: center;\">7:00<\/td>\n<td style=\"text-align: center;\"><span style=\"color: #ff0000;\">Sv\u00e4tej Cec\u00edlie, panny a mu\u010denice<\/span><\/p>\n<p><span style=\"color: #ff0000;\">spomienka<\/span><\/td>\n<td style=\"text-align: center;\">+ Anna, Alojz a ich rodi\u010dia<\/td>\n<td style=\"text-align: center;\"><\/td>\n<\/tr>\n<tr>\n<td style=\"text-align: center;\">\u0160tvrtok 23.11.<\/td>\n<td style=\"text-align: center;\"><span style=\"color: #000000;\">17:00<\/span><\/td>\n<td style=\"text-align: center;\"><span style=\"color: #008000;\">\u0160tvrtok 33. t\u00fd\u017ed\u0148a v Cezro\u010dnom obdob\u00ed<\/span><\/td>\n<td style=\"text-align: center;\">+ Jozef \u0160ti\u0165\u00e1k<\/td>\n<td style=\"text-align: center;\">Ador\u00e1cia od 16:30<\/td>\n<\/tr>\n<tr>\n<td style=\"text-align: center;\">Piatok 24.11.<\/td>\n<td style=\"text-align: center;\"><span style=\"color: #000000;\">17:00<\/span><\/td>\n<td style=\"text-align: center;\"><span style=\"color: #ff0000;\">Sv\u00e4t\u00fdch Ondreja Dung-Laka, k\u0148aza, a spolo\u010dn\u00edkov, mu\u010den\u00edkov<\/span><\/p>\n<p><span style=\"color: #ff0000;\">spomienka<\/span><\/td>\n<td style=\"text-align: center;\">+ Katar\u00edna<\/td>\n<td style=\"text-align: center;\"><strong>Sv. om\u0161a za \u00fa\u010dasti det\u00ed. Poz\u00fdvame deti a rodi\u010dov. Po sv. om\u0161i n\u00e1cvik na jasli\u010dkov\u00fa pobo\u017enos\u0165<\/strong><\/td>\n<\/tr>\n<tr>\n<td style=\"text-align: center;\">Sobota 25.11.<\/td>\n<td style=\"text-align: center;\">8:00<\/td>\n<td style=\"text-align: center;\"><span style=\"color: #ff0000;\">Sv\u00e4tej Katar\u00edny Alexandrijskej, panny a mu\u010denice<\/span><\/p>\n<p><span style=\"color: #ff0000;\">\u013eubovo\u013en\u00e1 spomienka<\/span><\/td>\n<td style=\"text-align: center;\">za uzdravenie vnu\u010dky Katky s rodinou<\/td>\n<td style=\"text-align: center;\"><\/td>\n<\/tr>\n<tr>\n<td style=\"text-align: center;\"><strong>Nede\u013ea 26.11.<\/strong><\/td>\n<td style=\"text-align: center;\">7:00<\/p>\n<p><strong>8:15<\/strong><\/p>\n<p>9:45<\/td>\n<td style=\"text-align: center;\"><span style=\"color: #808000;\"><strong>N\u00e1\u0161ho P\u00e1na Je\u017ei\u0161a Krista, Kr\u00e1\u013ea neba i zeme<\/strong><\/span><\/td>\n<td style=\"text-align: center;\">za veriacich<\/p>\n<p><strong>Bodice:<\/strong> na \u00famysel<\/p>\n<p>za zdravie a Bo\u017eie po\u017eehnanie pre dc\u00e9ru<\/td>\n<td style=\"text-align: center;\"><strong>Zasv\u00e4tenie Najsv\u00e4tej\u0161iemu Srdcu Je\u017ei\u0161ovmu<\/strong><\/td>\n<\/tr>\n<\/tbody>\n<\/table>\n<\/div>\n<ul>\n<li>tento rok sa <strong>\u010cerven\u00e1 streda<\/strong> uskuto\u010dn\u00ed na bud\u00faci t\u00fd\u017ede\u0148 v stredu <strong>22. novembra 2023<\/strong> a v modlitbe a manifeste solidarity za prenasledovan\u00fdch kres\u0165anov sa op\u00e4\u0165 spoja st\u00e1tis\u00edce \u013eud\u00ed na celom svete.<\/li>\n<li>na bud\u00facu nede\u013eu bude pred vylo\u017eenou Olt\u00e1rnou sviatos\u0165ou obnova zasv\u00e4tenia \u013eudsk\u00e9ho pokolenia Najsv\u00e4tej\u0161iemu Srdcu Je\u017ei\u0161ovmu. Pri verejnom recitovan\u00ed modlitby <em>Je\u017ei\u0161u, Vykupite\u013e \u013eudsk\u00e9ho pokolenia<\/em> ur\u010denej na sl\u00e1vnos\u0165 Krista Kr\u00e1\u013ea, m\u00f4\u017eeme z\u00edska\u0165 za obvykl\u00fdch podmienok \u00fapln\u00e9 odpustky.<\/li>\n<li>na kr\u00ed\u017eov\u00fa cestu v Pal\u00fadzke darovali 100, 100, 20, 255 a ru\u017eencov\u00e9 spolo\u010denstvo 200 \u20ac. V zbierke na kr\u00ed\u017eov\u00fa cestu sa vyzbieralo 415 \u20ac. P\u00e1n Boh zapla\u0165 za va\u0161e \u0161tedr\u00e9 srdcia.<\/li>\n<li>v zbierke na kostol v Bodiciach ste prispeli 285 \u20ac. P\u00e1n Boh zapla\u0165 a po\u017eehnaj v\u0161etk\u00fdch darcov.<\/li>\n<li>o upratovanie kostola pros\u00edm rodiny Koh\u00fatov\u00fa, Vdovcov\u00fa, Bebkov\u00fa, Rybovi\u010dov\u00fa a \u0160e\u010fov\u00fa. Upratovanie bude v sobotu. P\u00e1n Boh zapla\u0165 za slu\u017ebu.<\/li>\n<\/ul>\n","protected":false},"excerpt":{"rendered":"<p>De\u0148 \u010cas Liturgick\u00fd kalend\u00e1r \u00damysel O\u010dak\u00e1vame Nede\u013ea 19.11. 7:00 8:15 9:45 33. nede\u013ea v Cezro\u010dnom obdob\u00ed za veriacich Bodice: na \u00famysel + Irenka a J\u00e1n Pondelok 20.11. 7:00 Pondelok 33. t\u00fd\u017ed\u0148a v Cezro\u010dnom obdob\u00ed + z rodiny \u0160kapcovej a Kru\u017eel\u00e1kovej Utorok 21.11. 17:00 Obetovanie preblahoslavenej Panny M\u00e1rie spomienka + Anast\u00e1zia Kub\u00edkov\u00e1 a Elena a Viliam [&hellip;]<\/p>\n","protected":false},"author":1,"featured_media":0,"comment_status":"closed","ping_status":"closed","sticky":false,"template":"","format":"standard","meta":{"_links_to":"","_links_to_target":""},"categories":[4,19],"tags":[],"_links":{"self":[{"href":"http:\/\/www.paludzka.fara.sk\/index.php?rest_route=\/wp\/v2\/posts\/3536"}],"collection":[{"href":"http:\/\/www.paludzka.fara.sk\/index.php?rest_route=\/wp\/v2\/posts"}],"about":[{"href":"http:\/\/www.paludzka.fara.sk\/index.php?rest_route=\/wp\/v2\/types\/post"}],"author":[{"embeddable":true,"href":"http:\/\/www.paludzka.fara.sk\/index.php?rest_route=\/wp\/v2\/users\/1"}],"replies":[{"embeddable":true,"href":"http:\/\/www.paludzka.fara.sk\/index.php?rest_route=%2Fwp%2Fv2%2Fcomments&post=3536"}],"version-history":[{"count":3,"href":"http:\/\/www.paludzka.fara.sk\/index.php?rest_route=\/wp\/v2\/posts\/3536\/revisions"}],"predecessor-version":[{"id":3599,"href":"http:\/\/www.paludzka.fara.sk\/index.php?rest_route=\/wp\/v2\/posts\/3536\/revisions\/3599"}],"wp:attachment":[{"href":"http:\/\/www.paludzka.fara.sk\/index.php?rest_route=%2Fwp%2Fv2%2Fmedia&parent=3536"}],"wp:term":[{"taxonomy":"category","embeddable":true,"href":"http:\/\/www.paludzka.fara.sk\/index.php?rest_route=%2Fwp%2Fv2%2Fcategories&post=3536"},{"taxonomy":"post_tag","embeddable":true,"href":"http:\/\/www.paludzka.fara.sk\/index.php?rest_route=%2Fwp%2Fv2%2Ftags&post=3536"}],"curies":[{"name":"wp","href":"https:\/\/api.w.org\/{rel}","templated":true}]}}