
{"id":3502,"date":"2023-11-12T00:00:52","date_gmt":"2023-11-11T23:00:52","guid":{"rendered":"http:\/\/www.paludzka.fara.sk\/?p=3502"},"modified":"2023-11-11T19:12:59","modified_gmt":"2023-11-11T18:12:59","slug":"farske-oznamy-12-11-19-11-2023","status":"publish","type":"post","link":"http:\/\/www.paludzka.fara.sk\/?p=3502","title":{"rendered":"Farsk\u00e9 oznamy 12.11.-19.11.2023"},"content":{"rendered":"<div class=\"table-responsive\">\n<table class=\"table table-bordered\">\n<thead>\n<tr>\n<th style=\"text-align: center;\">De\u0148<\/th>\n<th style=\"text-align: center;\">\u010cas<\/th>\n<th style=\"text-align: center;\">Liturgick\u00fd kalend\u00e1r<\/th>\n<th style=\"text-align: center;\">\u00damysel<\/th>\n<th style=\"text-align: center;\">O\u010dak\u00e1vame<\/th>\n<\/tr>\n<\/thead>\n<tbody>\n<tr>\n<td style=\"text-align: center;\"><strong>Nede\u013ea 12.11.<\/strong><\/td>\n<td style=\"text-align: center;\">7:00<\/p>\n<p><strong>8:15<\/strong><\/p>\n<p>9:45<\/td>\n<td style=\"text-align: center;\"><span style=\"color: #008000;\"><strong>32. nede\u013ea v Cezro\u010dnom obdob\u00ed<\/strong><\/span><\/td>\n<td style=\"text-align: center;\">za veriacich<\/p>\n<p><strong>Bodice:<\/strong> na \u00famysel<\/p>\n<p>po\u010fakovanie za 91 ro\u010dn\u00fa Martu<\/td>\n<td style=\"text-align: center;\"><strong>Zbierka na kostol<\/strong><\/td>\n<\/tr>\n<tr>\n<td style=\"text-align: center;\">Pondelok 13.11.<\/td>\n<td style=\"text-align: center;\"><span style=\"color: #000000;\">17:00<\/span><\/td>\n<td style=\"text-align: center;\">\n<p style=\"text-align: center;\"><span style=\"color: #008000;\">Pondelok 32. t\u00fd\u017ed\u0148a v Cezro\u010dnom obdob\u00ed<\/span><\/p>\n<\/td>\n<td style=\"text-align: center;\">po\u010fakovanie za 30 rokov man\u017eelstva Jozefa a Danky<\/td>\n<td style=\"text-align: center;\"><\/td>\n<\/tr>\n<tr>\n<td style=\"text-align: center;\">Utorok 14.11.<\/td>\n<td style=\"text-align: center;\"><span style=\"color: #000000;\">17:00<\/span><\/td>\n<td style=\"text-align: center;\">\n<p style=\"text-align: center;\"><span style=\"color: #008000;\">Utorok 32. t\u00fd\u017ed\u0148a v Cezro\u010dnom obdob\u00ed<\/span><\/p>\n<\/td>\n<td style=\"text-align: center;\">Ivan, Luk\u00e1\u0161, Igor a Martin<\/td>\n<td style=\"text-align: center;\"><\/td>\n<\/tr>\n<tr>\n<td style=\"text-align: center;\">Streda 15.11.<\/td>\n<td style=\"text-align: center;\">7:00<\/td>\n<td style=\"text-align: center;\"><span style=\"color: #008000;\">Streda 32. t\u00fd\u017ed\u0148a v Cezro\u010dnom obdob\u00ed<\/span><\/td>\n<td style=\"text-align: center;\">za zdravie a Bo\u017eie po\u017eehnanie pre Michala a\u00a0jeho rodinu<\/td>\n<td style=\"text-align: center;\"><\/td>\n<\/tr>\n<tr>\n<td style=\"text-align: center;\">\u0160tvrtok 16.11.<\/td>\n<td style=\"text-align: center;\"><span style=\"color: #000000;\">17:00<\/span><\/td>\n<td style=\"text-align: center;\"><span style=\"color: #008000;\">\u0160tvrtok 32. t\u00fd\u017ed\u0148a v Cezro\u010dnom obdob\u00ed<\/span><\/td>\n<td style=\"text-align: center;\">+ J\u00e1n<\/td>\n<td style=\"text-align: center;\">Ador\u00e1cia od 16:30<\/td>\n<\/tr>\n<tr>\n<td style=\"text-align: center;\">Piatok 17.11.<\/td>\n<td style=\"text-align: center;\"><span style=\"color: #ff0000;\">7:00<\/span><\/td>\n<td style=\"text-align: center;\"><span style=\"color: #808000;\">Sv\u00e4tej Al\u017ebety Uhorskej, reho\u013en\u00ed\u010dky<\/span><\/p>\n<p><span style=\"color: #808000;\">spomienka<\/span><\/td>\n<td style=\"text-align: center;\">+ Karol a rodi\u010dia<\/td>\n<td style=\"text-align: center;\">&nbsp;<\/td>\n<\/tr>\n<tr>\n<td style=\"text-align: center;\">Sobota 18.11.<\/td>\n<td style=\"text-align: center;\">8:00<\/td>\n<td style=\"text-align: center;\"><span style=\"color: #0000ff;\">Preblahoslavenej Panny M\u00e1rie v sobotu<\/span><\/p>\n<p><span style=\"color: #0000ff;\">\u013eubovo\u013en\u00e1 spomienka<\/span><\/td>\n<td style=\"text-align: center;\">+ Jaroslav N\u00edzky<\/td>\n<td style=\"text-align: center;\"><\/td>\n<\/tr>\n<tr>\n<td style=\"text-align: center;\"><strong>Nede\u013ea 19.11.<\/strong><\/td>\n<td style=\"text-align: center;\">7:00<\/p>\n<p><strong>8:15<\/strong><\/p>\n<p>9:45<\/td>\n<td style=\"text-align: center;\"><span style=\"color: #008000;\"><strong>33. nede\u013ea v Cezro\u010dnom obdob\u00ed<\/strong><\/span><\/td>\n<td style=\"text-align: center;\">za veriacich<\/p>\n<p><strong>Bodice:<\/strong> na \u00famysel<\/p>\n<p>+ Irenka a J\u00e1n<\/td>\n<td style=\"text-align: center;\"><\/td>\n<\/tr>\n<\/tbody>\n<\/table>\n<\/div>\n<ul>\n<li>na kostol v Pal\u00fadzke obetovali 50, 10 \u20ac. Z krstu Nely Dani\u0161ovej darovali na kostol 50 \u20ac. Za va\u0161e milodary srde\u010dn\u00e9 P\u00e1n Boh zapla\u0165.<\/li>\n<li>na kostol v Bodiciach darovali 100 \u20ac. P\u00e1n Boh zapla\u0165.<\/li>\n<li>dnes je zbierka na kostol. V Pal\u00fadzke na kr\u00ed\u017eov\u00fa cestu. Je mo\u017en\u00e9 si adoptova\u0165 zastavenie kr\u00ed\u017eovej cesty. N\u00e1vrh kr\u00ed\u017eovej cesty je na str\u00e1nke farnosti. V\u0161etk\u00fdm darcom vopred P\u00e1n Boh zapla\u0165.<\/li>\n<li>o upratovanie kostola pros\u00edm rodiny Hunanov\u00fa, Adam\u010diakov\u00fa M., Slukov\u00fa a Jurisov\u00fa. Upratovanie bude v sobotu. P\u00e1n Boh zapla\u0165 za slu\u017ebu.<\/li>\n<\/ul>\n","protected":false},"excerpt":{"rendered":"<p>De\u0148 \u010cas Liturgick\u00fd kalend\u00e1r \u00damysel O\u010dak\u00e1vame Nede\u013ea 12.11. 7:00 8:15 9:45 32. nede\u013ea v Cezro\u010dnom obdob\u00ed za veriacich Bodice: na \u00famysel po\u010fakovanie za 91 ro\u010dn\u00fa Martu Zbierka na kostol Pondelok 13.11. 17:00 Pondelok 32. t\u00fd\u017ed\u0148a v Cezro\u010dnom obdob\u00ed po\u010fakovanie za 30 rokov man\u017eelstva Jozefa a Danky Utorok 14.11. 17:00 Utorok 32. t\u00fd\u017ed\u0148a v Cezro\u010dnom obdob\u00ed [&hellip;]<\/p>\n","protected":false},"author":1,"featured_media":0,"comment_status":"closed","ping_status":"closed","sticky":false,"template":"","format":"standard","meta":{"_links_to":"","_links_to_target":""},"categories":[4,19],"tags":[],"_links":{"self":[{"href":"http:\/\/www.paludzka.fara.sk\/index.php?rest_route=\/wp\/v2\/posts\/3502"}],"collection":[{"href":"http:\/\/www.paludzka.fara.sk\/index.php?rest_route=\/wp\/v2\/posts"}],"about":[{"href":"http:\/\/www.paludzka.fara.sk\/index.php?rest_route=\/wp\/v2\/types\/post"}],"author":[{"embeddable":true,"href":"http:\/\/www.paludzka.fara.sk\/index.php?rest_route=\/wp\/v2\/users\/1"}],"replies":[{"embeddable":true,"href":"http:\/\/www.paludzka.fara.sk\/index.php?rest_route=%2Fwp%2Fv2%2Fcomments&post=3502"}],"version-history":[{"count":1,"href":"http:\/\/www.paludzka.fara.sk\/index.php?rest_route=\/wp\/v2\/posts\/3502\/revisions"}],"predecessor-version":[{"id":3503,"href":"http:\/\/www.paludzka.fara.sk\/index.php?rest_route=\/wp\/v2\/posts\/3502\/revisions\/3503"}],"wp:attachment":[{"href":"http:\/\/www.paludzka.fara.sk\/index.php?rest_route=%2Fwp%2Fv2%2Fmedia&parent=3502"}],"wp:term":[{"taxonomy":"category","embeddable":true,"href":"http:\/\/www.paludzka.fara.sk\/index.php?rest_route=%2Fwp%2Fv2%2Fcategories&post=3502"},{"taxonomy":"post_tag","embeddable":true,"href":"http:\/\/www.paludzka.fara.sk\/index.php?rest_route=%2Fwp%2Fv2%2Ftags&post=3502"}],"curies":[{"name":"wp","href":"https:\/\/api.w.org\/{rel}","templated":true}]}}