
{"id":346,"date":"2017-12-31T10:00:08","date_gmt":"2017-12-31T09:00:08","guid":{"rendered":"http:\/\/www.paludzka.fara.sk\/?p=346"},"modified":"2018-01-06T15:48:50","modified_gmt":"2018-01-06T14:48:50","slug":"farske-oznamy-31-12-2017-7-1-2018","status":"publish","type":"post","link":"http:\/\/www.paludzka.fara.sk\/?p=346","title":{"rendered":"Farsk\u00e9 oznamy 31.12.2017-7.1.2018"},"content":{"rendered":"<h3 style=\"text-align: center;\">Liturgick\u00fd preh\u013ead a program bohoslu\u017eieb na t\u00fd\u017ede\u0148 31.12. &#8211; 7.1. 2018<\/h3>\n<p><strong>Oznamy pre farsk\u00fd kostol:<\/strong><\/p>\n<div class=\"table-responsive\">\n<table class=\"table table-bordered\">\n<thead>\n<tr>\n<th style=\"text-align: center;\">d\u00e1tum<\/th>\n<th style=\"text-align: center;\">sv. om\u0161a<\/th>\n<th style=\"text-align: center;\">liturgick\u00fd de\u0148<\/th>\n<th style=\"text-align: center;\">\u00famysel<\/th>\n<\/tr>\n<\/thead>\n<tbody>\n<tr>\n<td style=\"text-align: center;\"><strong>Nede\u013ea 31.12.<\/strong><\/td>\n<td style=\"text-align: center;\"><strong>9:30<\/strong><\/td>\n<td style=\"text-align: center;\"><strong>Sv\u00e4tej rodiny Je\u017ei\u0161a,<\/strong><\/p>\n<p><strong>M\u00e1rie a Jozefa<\/strong><\/td>\n<td style=\"text-align: center;\"><strong>za farnos\u0165<\/strong><\/td>\n<\/tr>\n<tr>\n<td style=\"text-align: center;\"><strong>Pondelok 1.1.<\/strong><\/td>\n<td style=\"text-align: center;\"><strong>9:30<\/strong><\/td>\n<td style=\"text-align: center;\"><strong>Panny M\u00e1rie Bohorodi\u010dky<\/strong><\/td>\n<td style=\"text-align: center;\"><strong>+<\/strong><\/td>\n<\/tr>\n<tr>\n<td style=\"text-align: center;\">Utorok 2.1.<\/td>\n<td style=\"text-align: center;\">18:00<\/td>\n<td style=\"text-align: center;\">\u00a0Sv\u00e4t\u00fdch Bazila Ve\u013ek\u00e9ho a Gregora Naziansk\u00e9ho,<\/p>\n<p>biskupov a u\u010dite\u013eov Cirkvi<\/td>\n<td style=\"text-align: center;\"><strong>+<\/strong><\/td>\n<\/tr>\n<tr>\n<td style=\"text-align: center;\">Streda 3.1.<\/td>\n<td style=\"text-align: center;\">18:00<\/td>\n<td style=\"text-align: center;\">Streda vo Viano\u010dnom obdob\u00ed<\/td>\n<td style=\"text-align: center;\">+<\/td>\n<\/tr>\n<tr>\n<td style=\"text-align: center;\">\u0160tvrtok 4.1.<\/td>\n<td style=\"text-align: center;\">7:00<\/td>\n<td style=\"text-align: center;\">\u0160tvrtok vo Viano\u010dnom obdob\u00ed<\/td>\n<td style=\"text-align: center;\">+<\/td>\n<\/tr>\n<tr>\n<td style=\"text-align: center;\">Piatok 5.1.<\/td>\n<td style=\"text-align: center;\">18:00<\/td>\n<td style=\"text-align: center;\">Piatok vo Viano\u010dnom obdob\u00ed<\/td>\n<td style=\"text-align: center;\">+<\/td>\n<\/tr>\n<tr>\n<td style=\"text-align: center;\"><strong>Sobota 6.1.<\/strong><\/td>\n<td style=\"text-align: center;\"><strong>9:30<\/strong><\/td>\n<td style=\"text-align: center;\"><strong>\u00a0Zjavenie P\u00e1na<\/strong><\/td>\n<td style=\"text-align: center;\"><strong>+<\/strong><\/td>\n<\/tr>\n<tr>\n<td style=\"text-align: center;\"><strong>Nede\u013ea 7.1.<\/strong><\/td>\n<td style=\"text-align: center;\"><strong>9:30<\/strong><\/td>\n<td style=\"text-align: center;\"><strong>\u00a0Krst Krista P\u00e1na<\/strong><\/td>\n<td style=\"text-align: center;\"><strong>za farnos\u0165<\/strong><\/td>\n<\/tr>\n<\/tbody>\n<\/table>\n<\/div>\n<p><strong>Oznamy pre fili\u00e1lku Bodice:<\/strong><\/p>\n<div class=\"table-responsive\">\n<table class=\"table table-bordered\">\n<thead>\n<tr>\n<th style=\"text-align: center;\">d\u00e1tum<\/th>\n<th style=\"text-align: center;\">sv. om\u0161a<\/th>\n<th style=\"text-align: center;\">liturgick\u00fd de\u0148<\/th>\n<\/tr>\n<\/thead>\n<tbody>\n<tr>\n<td style=\"text-align: center;\"><strong>Nede\u013ea 31.12.<\/strong><\/td>\n<td style=\"text-align: center;\"><b>8:00<\/b><\/td>\n<td style=\"text-align: center;\"><strong>Sv\u00e4tej rodiny Je\u017ei\u0161a,<\/strong><\/p>\n<p><strong>M\u00e1rie a Jozefa<\/strong><\/td>\n<\/tr>\n<tr>\n<td style=\"text-align: center;\"><strong>Pondelok 1.1.<\/strong><\/td>\n<td style=\"text-align: center;\"><b>8:00<\/b><\/td>\n<td style=\"text-align: center;\"><strong>Panny M\u00e1rie Bohorodi\u010dky<\/strong><\/td>\n<\/tr>\n<tr>\n<td style=\"text-align: center;\"><strong>Sobota 6.1.<\/strong><\/td>\n<td style=\"text-align: center;\"><b>8:00<\/b><\/td>\n<td style=\"text-align: center;\"><strong>Zjavenie P\u00e1na<\/strong><\/td>\n<\/tr>\n<tr>\n<td style=\"text-align: center;\"><strong>Nede\u013ea 7.1.<\/strong><\/td>\n<td style=\"text-align: center;\"><strong style=\"font-family: inherit; font-size: inherit;\">8:00<\/strong><\/td>\n<td style=\"text-align: center;\"><strong>Krst Krista P\u00e1na<\/strong><\/td>\n<\/tr>\n<\/tbody>\n<\/table>\n<\/div>\n<p><strong>Oznamy pre kaplnku v nemocnici:<\/strong><\/p>\n<div class=\"table-responsive\">\n<table class=\"table table-bordered\">\n<thead>\n<tr>\n<th style=\"text-align: center;\">d\u00e1tum<\/th>\n<th style=\"text-align: center;\">sv. om\u0161a<\/th>\n<th style=\"text-align: center;\">liturgick\u00fd de\u0148<\/th>\n<\/tr>\n<\/thead>\n<tbody>\n<tr>\n<td style=\"text-align: center;\"><strong>Nede\u013ea 31.12.<\/strong><\/td>\n<td style=\"text-align: center;\"><strong>nebude<\/strong><\/td>\n<td style=\"text-align: center;\"><strong>Sv\u00e4tej rodiny Je\u017ei\u0161a,<\/strong><\/p>\n<p><strong>M\u00e1rie a Jozefa<\/strong><\/td>\n<\/tr>\n<tr>\n<td style=\"text-align: center;\"><strong>Nede\u013ea 7.1.<\/strong><\/td>\n<td style=\"text-align: center;\"><b>11:00<\/b><\/td>\n<td style=\"text-align: center;\"><strong>Krst Krista P\u00e1na<\/strong><\/td>\n<\/tr>\n<\/tbody>\n<\/table>\n<\/div>\n<ul>\n<li>v sobotu 6.1. sa po\u010das sv. om\u0161e bude po\u017eehn\u00e1va\u0165 Trojkr\u00e1\u013eov\u00e1 voda. Po skon\u010den\u00ed sv. om\u0161e si ju budete m\u00f4c\u0165 zobra\u0165 domov.<\/li>\n<\/ul>\n","protected":false},"excerpt":{"rendered":"<p>Liturgick\u00fd preh\u013ead a program bohoslu\u017eieb na t\u00fd\u017ede\u0148 31.12. &#8211; 7.1. 2018 Oznamy pre farsk\u00fd kostol: d\u00e1tum sv. om\u0161a liturgick\u00fd de\u0148 \u00famysel Nede\u013ea 31.12. 9:30 Sv\u00e4tej rodiny Je\u017ei\u0161a, M\u00e1rie a Jozefa za farnos\u0165 Pondelok 1.1. 9:30 Panny M\u00e1rie Bohorodi\u010dky + Utorok 2.1. 18:00 \u00a0Sv\u00e4t\u00fdch Bazila Ve\u013ek\u00e9ho a Gregora Naziansk\u00e9ho, biskupov a u\u010dite\u013eov Cirkvi + Streda 3.1. [&hellip;]<\/p>\n","protected":false},"author":1,"featured_media":0,"comment_status":"open","ping_status":"open","sticky":false,"template":"","format":"standard","meta":{"_links_to":"","_links_to_target":""},"categories":[4,19],"tags":[],"_links":{"self":[{"href":"http:\/\/www.paludzka.fara.sk\/index.php?rest_route=\/wp\/v2\/posts\/346"}],"collection":[{"href":"http:\/\/www.paludzka.fara.sk\/index.php?rest_route=\/wp\/v2\/posts"}],"about":[{"href":"http:\/\/www.paludzka.fara.sk\/index.php?rest_route=\/wp\/v2\/types\/post"}],"author":[{"embeddable":true,"href":"http:\/\/www.paludzka.fara.sk\/index.php?rest_route=\/wp\/v2\/users\/1"}],"replies":[{"embeddable":true,"href":"http:\/\/www.paludzka.fara.sk\/index.php?rest_route=%2Fwp%2Fv2%2Fcomments&post=346"}],"version-history":[{"count":4,"href":"http:\/\/www.paludzka.fara.sk\/index.php?rest_route=\/wp\/v2\/posts\/346\/revisions"}],"predecessor-version":[{"id":361,"href":"http:\/\/www.paludzka.fara.sk\/index.php?rest_route=\/wp\/v2\/posts\/346\/revisions\/361"}],"wp:attachment":[{"href":"http:\/\/www.paludzka.fara.sk\/index.php?rest_route=%2Fwp%2Fv2%2Fmedia&parent=346"}],"wp:term":[{"taxonomy":"category","embeddable":true,"href":"http:\/\/www.paludzka.fara.sk\/index.php?rest_route=%2Fwp%2Fv2%2Fcategories&post=346"},{"taxonomy":"post_tag","embeddable":true,"href":"http:\/\/www.paludzka.fara.sk\/index.php?rest_route=%2Fwp%2Fv2%2Ftags&post=346"}],"curies":[{"name":"wp","href":"https:\/\/api.w.org\/{rel}","templated":true}]}}