
{"id":3452,"date":"2023-11-05T00:00:22","date_gmt":"2023-11-04T23:00:22","guid":{"rendered":"http:\/\/www.paludzka.fara.sk\/?p=3452"},"modified":"2023-11-25T20:50:31","modified_gmt":"2023-11-25T19:50:31","slug":"farske-oznamy-5-11-12-11-2023","status":"publish","type":"post","link":"http:\/\/www.paludzka.fara.sk\/?p=3452","title":{"rendered":"Farsk\u00e9 oznamy 5.11.-12.11.2023"},"content":{"rendered":"<div class=\"table-responsive\">\n<table class=\"table table-bordered\">\n<thead>\n<tr>\n<th style=\"text-align: center;\">De\u0148<\/th>\n<th style=\"text-align: center;\">\u010cas<\/th>\n<th style=\"text-align: center;\">Liturgick\u00fd kalend\u00e1r<\/th>\n<th style=\"text-align: center;\">\u00damysel<\/th>\n<th style=\"text-align: center;\">O\u010dak\u00e1vame<\/th>\n<\/tr>\n<\/thead>\n<tbody>\n<tr>\n<td style=\"text-align: center;\"><strong>Nede\u013ea 5.11.<\/strong><\/td>\n<td style=\"text-align: center;\">7:00<\/p>\n<p><strong>8:15<\/strong><\/p>\n<p>9:45<\/td>\n<td style=\"text-align: center;\"><strong>V\u00fdro\u010die posviacky kostolov<\/strong><\/p>\n<p><strong>Bodice (r.1850)<\/strong><\/p>\n<p><strong>Pal\u00fadzka (r.1854) \u2013 169 rokov od posviacky<\/strong><\/td>\n<td style=\"text-align: center;\">za veriacich<\/p>\n<p><strong>Bodice:<\/strong> na \u00famysel<\/p>\n<p>za zdravie a Bo\u017eie po\u017eehnanie pre Anitu a\u00a0dc\u00e9ru Lenku<\/td>\n<td style=\"text-align: center;\"><strong>Po sv. om\u0161i o 9:45 stretnutie s rodi\u010dmi prvoprij\u00edmaj\u00facich det\u00ed<\/strong><\/td>\n<\/tr>\n<tr>\n<td style=\"text-align: center;\">Pondelok 6.11.<\/td>\n<td style=\"text-align: center;\">13:30<\/p>\n<p><span style=\"color: #ff0000;\">17:00<\/span><\/td>\n<td style=\"text-align: center;\">\n<p style=\"text-align: center;\"><span style=\"color: #008000;\">Pondelok 31. t\u00fd\u017ed\u0148a v Cezro\u010dnom obdob\u00ed<\/span><\/p>\n<\/td>\n<td style=\"text-align: center;\">Pal\u00fadzka: pohreb + J\u00falius Kan\u00f3c<\/p>\n<p>+ J\u00e1n a Marcela<\/td>\n<td style=\"text-align: center;\"><\/td>\n<\/tr>\n<tr>\n<td style=\"text-align: center;\">Utorok 7.11.<\/td>\n<td style=\"text-align: center;\"><span style=\"color: #ff0000;\">17:00<\/span><\/td>\n<td style=\"text-align: center;\">\n<p style=\"text-align: center;\"><span style=\"color: #008000;\">Utorok 31. t\u00fd\u017ed\u0148a v Cezro\u010dnom obdob\u00ed<\/span><\/p>\n<\/td>\n<td style=\"text-align: center;\">Em\u00edlia, Emil, Margita a J\u00e1n<\/td>\n<td style=\"text-align: center;\"><\/td>\n<\/tr>\n<tr>\n<td style=\"text-align: center;\">Streda 8.11.<\/td>\n<td style=\"text-align: center;\">7:00<\/td>\n<td style=\"text-align: center;\"><span style=\"color: #008000;\">Streda 31. t\u00fd\u017ed\u0148a v Cezro\u010dnom obdob\u00ed<\/span><\/td>\n<td style=\"text-align: center;\">Em\u00edlia, J\u00e1n, Helena, Jozef\u00edna<\/td>\n<td style=\"text-align: center;\"><\/td>\n<\/tr>\n<tr>\n<td style=\"text-align: center;\">\u0160tvrtok 9.11.<\/td>\n<td style=\"text-align: center;\"><span style=\"color: #ff0000;\">17:00<\/span><\/td>\n<td style=\"text-align: center;\"><span style=\"color: #808000;\">V\u00fdro\u010die posviacky Later\u00e1nskej baziliky<\/span><\/p>\n<p><span style=\"color: #808000;\">sviatok<\/span><\/td>\n<td style=\"text-align: center;\">po\u010fakovanie za 55 rokov man\u017eelstva Jozefa a M\u00e1rie<\/td>\n<td style=\"text-align: center;\">Ador\u00e1cia od 16:30<\/td>\n<\/tr>\n<tr>\n<td style=\"text-align: center;\">Piatok 10.11.<\/td>\n<td style=\"text-align: center;\"><span style=\"color: #ff0000;\">17:00<\/span><\/td>\n<td style=\"text-align: center;\"><span style=\"color: #808000;\">Sv\u00e4t\u00e9ho Leva Ve\u013ek\u00e9ho, p\u00e1pe\u017ea a u\u010dite\u013ea Cirkvi<\/span><\/p>\n<p><span style=\"color: #808000;\">spomienka<\/span><\/td>\n<td style=\"text-align: center;\">+ rodi\u010dia Jozef a Monika, J\u00e1na a Zuzana<\/td>\n<td style=\"text-align: center;\"><strong>Sv. om\u0161a za \u00fa\u010dasti det\u00ed. Poz\u00fdvame deti a rodi\u010dov.<\/strong><\/p>\n<p><strong>Po sv. om\u0161i n\u00e1cvik na jasli\u010dkov\u00fa pobo\u017enos\u0165<\/strong><\/td>\n<\/tr>\n<tr>\n<td style=\"text-align: center;\">Sobota 11.11.<\/td>\n<td style=\"text-align: center;\">8:00<\/td>\n<td style=\"text-align: center;\">\n<p style=\"text-align: center;\"><span style=\"color: #808000;\">Sv\u00e4t\u00e9ho Martina z Tours, biskupa<\/span><\/p>\n<p><span style=\"color: #808000;\">spomienka<\/span><\/td>\n<td style=\"text-align: center;\">+ M\u00e1ria Sady<\/td>\n<td style=\"text-align: center;\"><\/td>\n<\/tr>\n<tr>\n<td style=\"text-align: center;\"><strong>Nede\u013ea 12.11.<\/strong><\/td>\n<td style=\"text-align: center;\">7:00<\/p>\n<p><strong>8:15<\/strong><\/p>\n<p>9:45<\/td>\n<td style=\"text-align: center;\"><span style=\"color: #008000;\"><strong>32. nede\u013ea v Cezro\u010dnom obdob\u00ed<\/strong><\/span><\/td>\n<td style=\"text-align: center;\">za veriacich<\/p>\n<p><strong>Bodice:<\/strong> na \u00famysel<\/p>\n<p>po\u010fakovanie za 91 ro\u010dn\u00fa Martu<\/td>\n<td style=\"text-align: center;\">Zbierka na kostol<\/td>\n<\/tr>\n<\/tbody>\n<\/table>\n<\/div>\n<ul>\n<li>veriaci, ktor\u00fd n\u00e1bo\u017ene nav\u0161t\u00edvi cintor\u00edn a pomodl\u00ed sa za zosnul\u00fdch, m\u00f4\u017ee z\u00edska\u0165 odpustky, ktor\u00e9 sa m\u00f4\u017eu privlastni\u0165 iba du\u0161iam v o\u010distci, raz denne <strong>od 1. novembra do 8. novembra<\/strong>. Treba splni\u0165 aj obvykl\u00e9 podmienky. Jedna sv\u00e4t\u00e1 spove\u010f v\u0161ak sta\u010d\u00ed na v\u0161etky odpustky.<\/li>\n<li>na kostol v Pal\u00fadzke obetovali 50, 200, 30, 40, 50 \u20ac. Bohuzn\u00e1ma rodina zo Zuberca darovala na kr\u00ed\u017eov\u00fa cestu 100 \u20ac. Bohuzn\u00e1ma na kr\u00ed\u017eov\u00fa cestu obetovala 200 \u20ac.<\/li>\n<li>za va\u0161e milodary srde\u010dn\u00e9 P\u00e1n Boh zapla\u0165. Na kostol v Bodiciach darovali 30 \u20ac, z pohrebu + Anny Markovej obetovali 50 \u20ac. P\u00e1n Boh zapla\u0165.<\/li>\n<li>pros\u00edm, kto by mal \u010das a ochotu pom\u00f4c\u0165 pri upratovan\u00ed kostola, nech sa prihl\u00e1si v sakristii.<\/li>\n<li>na bud\u00facu nede\u013eu bude zbierka na kostol (v Pal\u00fadzke na kr\u00ed\u017eov\u00fa cestu. Je mo\u017en\u00e9 si adoptova\u0165 zastavenie kr\u00ed\u017eovej cesty). <a href=\"http:\/\/www.paludzka.fara.sk\/?p=3455\">N\u00e1vrh kr\u00ed\u017eovej cesty je na str\u00e1nke farnosti<\/a>.<\/li>\n<li>o upratovanie kostola pros\u00edm rodiny Badl\u00edkov\u00fa, Kuskov\u00fa, Plevov\u00fa, Tur\u010dinov\u00fa a Je\u017eov\u00fa. Upratovanie bude v sobotu. P\u00e1n Boh zapla\u0165 za slu\u017ebu.<\/li>\n<\/ul>\n","protected":false},"excerpt":{"rendered":"<p>De\u0148 \u010cas Liturgick\u00fd kalend\u00e1r \u00damysel O\u010dak\u00e1vame Nede\u013ea 5.11. 7:00 8:15 9:45 V\u00fdro\u010die posviacky kostolov Bodice (r.1850) Pal\u00fadzka (r.1854) \u2013 169 rokov od posviacky za veriacich Bodice: na \u00famysel za zdravie a Bo\u017eie po\u017eehnanie pre Anitu a\u00a0dc\u00e9ru Lenku Po sv. om\u0161i o 9:45 stretnutie s rodi\u010dmi prvoprij\u00edmaj\u00facich det\u00ed Pondelok 6.11. 13:30 17:00 Pondelok 31. t\u00fd\u017ed\u0148a v [&hellip;]<\/p>\n","protected":false},"author":1,"featured_media":0,"comment_status":"closed","ping_status":"closed","sticky":false,"template":"","format":"standard","meta":{"_links_to":"","_links_to_target":""},"categories":[4,19],"tags":[],"_links":{"self":[{"href":"http:\/\/www.paludzka.fara.sk\/index.php?rest_route=\/wp\/v2\/posts\/3452"}],"collection":[{"href":"http:\/\/www.paludzka.fara.sk\/index.php?rest_route=\/wp\/v2\/posts"}],"about":[{"href":"http:\/\/www.paludzka.fara.sk\/index.php?rest_route=\/wp\/v2\/types\/post"}],"author":[{"embeddable":true,"href":"http:\/\/www.paludzka.fara.sk\/index.php?rest_route=\/wp\/v2\/users\/1"}],"replies":[{"embeddable":true,"href":"http:\/\/www.paludzka.fara.sk\/index.php?rest_route=%2Fwp%2Fv2%2Fcomments&post=3452"}],"version-history":[{"count":4,"href":"http:\/\/www.paludzka.fara.sk\/index.php?rest_route=\/wp\/v2\/posts\/3452\/revisions"}],"predecessor-version":[{"id":3600,"href":"http:\/\/www.paludzka.fara.sk\/index.php?rest_route=\/wp\/v2\/posts\/3452\/revisions\/3600"}],"wp:attachment":[{"href":"http:\/\/www.paludzka.fara.sk\/index.php?rest_route=%2Fwp%2Fv2%2Fmedia&parent=3452"}],"wp:term":[{"taxonomy":"category","embeddable":true,"href":"http:\/\/www.paludzka.fara.sk\/index.php?rest_route=%2Fwp%2Fv2%2Fcategories&post=3452"},{"taxonomy":"post_tag","embeddable":true,"href":"http:\/\/www.paludzka.fara.sk\/index.php?rest_route=%2Fwp%2Fv2%2Ftags&post=3452"}],"curies":[{"name":"wp","href":"https:\/\/api.w.org\/{rel}","templated":true}]}}