
{"id":344,"date":"2017-12-24T10:00:10","date_gmt":"2017-12-24T09:00:10","guid":{"rendered":"http:\/\/www.paludzka.fara.sk\/?p=344"},"modified":"2018-01-06T15:41:50","modified_gmt":"2018-01-06T14:41:50","slug":"farske-oznamy-24-12-31-12-2017","status":"publish","type":"post","link":"http:\/\/www.paludzka.fara.sk\/?p=344","title":{"rendered":"Farsk\u00e9 oznamy 24.12.-31.12.2017"},"content":{"rendered":"<h3 style=\"text-align: center;\">Liturgick\u00fd preh\u013ead a program bohoslu\u017eieb na t\u00fd\u017ede\u0148 24.12. &#8211; 31.12. 2017<\/h3>\n<p><strong>Oznamy pre farsk\u00fd kostol:<\/strong><\/p>\n<div class=\"table-responsive\">\n<table class=\"table table-bordered\"\">\n<thead>\n<tr>\n<th style=\"text-align: center;\">d\u00e1tum<\/th>\n<th style=\"text-align: center;\">sv. om\u0161a<\/th>\n<th style=\"text-align: center;\">liturgick\u00fd de\u0148<\/th>\n<th style=\"text-align: center;\">\u00famysel<\/th>\n<\/tr>\n<\/thead>\n<tbody>\n<tr>\n<td style=\"text-align: center;\"><strong>Nede\u013ea 24.12.<\/strong><\/td>\n<td style=\"text-align: center;\"><strong>8:00<\/strong><\/td>\n<td style=\"text-align: center;\"><strong>4. adventn\u00e1 nede\u013ea<\/strong><\/td>\n<td style=\"text-align: center;\"><strong>za farnos\u0165<\/strong><\/td>\n<\/tr>\n<tr>\n<td style=\"text-align: center;\"><strong>Pondelok 25.12.<\/strong><\/td>\n<td style=\"text-align: center;\"><strong>0:00<\/strong><\/p>\n<p><strong>9:30<\/strong><\/td>\n<td style=\"text-align: center;\"><strong>Narodenie P\u00e1na &#8211; vig\u00edlia<\/strong><\/p>\n<p><strong>Narodenie P\u00e1na<\/strong><\/td>\n<td style=\"text-align: center;\"><strong>+<\/strong><\/p>\n<p><strong>+ Martin, Anna<\/strong><\/td>\n<\/tr>\n<tr>\n<td style=\"text-align: center;\"><strong>Utorok 26.12.<\/strong><\/td>\n<td style=\"text-align: center;\"><b>10:30<\/b><\/td>\n<td style=\"text-align: center;\"><strong>Sv\u00e4t\u00e9ho \u0160tefana, prv\u00e9ho mu\u010den\u00edka<\/strong><\/p>\n<p><strong>odpustov\u00e1 sl\u00e1vnos\u0165<\/strong><\/td>\n<td style=\"text-align: center;\"><strong>+ Du\u0161an<\/strong><\/td>\n<\/tr>\n<tr>\n<td style=\"text-align: center;\">Streda 27.12.<\/td>\n<td style=\"text-align: center;\">18:00<\/td>\n<td style=\"text-align: center;\"><em>Sv\u00e4t\u00e9ho J\u00e1na,<\/em><\/p>\n<p><em>apo\u0161tola a evanjelistu<\/em><\/td>\n<td style=\"text-align: center;\">na \u00famysel<\/td>\n<\/tr>\n<tr>\n<td style=\"text-align: center;\">\u0160tvrtok 28.12.<\/td>\n<td style=\"text-align: center;\">6:00<\/td>\n<td style=\"text-align: center;\"><em>Sv\u00e4t\u00fdch Neviniatok, mu\u010den\u00edkov<\/em><\/td>\n<td style=\"text-align: center;\">+ J\u00e1n, Anna,<\/p>\n<p>J\u00e1n, Paul\u00edna<\/td>\n<\/tr>\n<tr>\n<td style=\"text-align: center;\">Piatok 29.12.<\/td>\n<td style=\"text-align: center;\">18:00<\/td>\n<td style=\"text-align: center;\">Piaty de\u0148 v okt\u00e1ve<\/p>\n<p>narodenia P\u00e1na<\/td>\n<td style=\"text-align: center;\">+ Jozef, k\u0148az<\/td>\n<\/tr>\n<tr>\n<td style=\"text-align: center;\">Sobota 30.12.<\/td>\n<td style=\"text-align: center;\">8:00<\/td>\n<td style=\"text-align: center;\">\u0160iesty de\u0148 v okt\u00e1ve<\/p>\n<p>narodenia P\u00e1na<\/td>\n<td style=\"text-align: center;\">+ Koloman, M\u00e1ria<\/td>\n<\/tr>\n<tr>\n<td style=\"text-align: center;\"><strong>Nede\u013ea 31.12.<\/strong><\/td>\n<td style=\"text-align: center;\"><strong>9:30<\/strong><\/td>\n<td style=\"text-align: center;\"><strong>Sv\u00e4tej rodiny Je\u017ei\u0161a,<\/strong><\/p>\n<p><strong>M\u00e1rie a Jozefa<\/strong><\/td>\n<td style=\"text-align: center;\"><strong>za farnos\u0165<\/strong><\/td>\n<\/tr>\n<\/tbody>\n<\/table>\n<\/div>\n<p><strong>Oznamy pre fili\u00e1lku Bodice:<\/strong><\/p>\n<div class=\"table-responsive\">\n<table class=\"table table-bordered\">\n<thead>\n<tr\">\n<th style=\"text-align: center;\">d\u00e1tum<\/th>\n<th style=\"text-align: center;\">sv. om\u0161a<\/th>\n<th style=\"text-align: center;\">liturgick\u00fd de\u0148<\/th>\n<\/tr>\n<\/thead>\n<tbody>\n<tr>\n<td style=\"text-align: center;\"><strong>Nede\u013ea 24.12.<\/strong><\/td>\n<td style=\"text-align: center;\"><strong style=\"font-family: inherit; font-size: inherit;\">nebude<\/strong><\/p>\n<p><strong style=\"font-family: inherit; font-size: inherit;\">22:30<\/strong><\/td>\n<td style=\"text-align: center;\"><strong>4. adventn\u00e1 nede\u013ea\u00a0<\/strong><\/p>\n<p><strong>Narodenie P\u00e1na &#8211; vig\u00edlia<\/strong><\/td>\n<\/tr>\n<tr>\n<td style=\"text-align: center;\"><strong>Nede\u013ea 31.12.<\/strong><\/td>\n<td style=\"text-align: center;\"><strong style=\"font-family: inherit; font-size: inherit;\">8:00<\/strong><\/td>\n<td style=\"text-align: center;\"><strong>Sv\u00e4tej rodiny Je\u017ei\u0161a,<\/strong><\/p>\n<p><strong>M\u00e1rie a Jozefa<\/strong><\/td>\n<\/tr>\n<\/tbody>\n<\/table>\n<\/div>\n<p><strong>Oznamy pre kaplnku v nemocnici:<\/strong><\/p>\n<div class=\"table-responsive\">\n<table class=\"table table-bordered\">\n<thead>\n<tr>\n<th style=\"text-align: center;\">d\u00e1tum<\/th>\n<th style=\"text-align: center;\">sv. om\u0161a<\/th>\n<th style=\"text-align: center;\">liturgick\u00fd de\u0148<\/th>\n<\/tr>\n<\/thead>\n<tbody>\n<tr>\n<td style=\"text-align: center;\"><strong>Nede\u013ea 24.12.<\/strong><\/td>\n<td style=\"text-align: center;\"><strong>nebude<\/strong><\/td>\n<td style=\"text-align: center;\"><strong>4. adventn\u00e1 nede\u013ea<\/strong><\/td>\n<\/tr>\n<tr>\n<td style=\"text-align: center;\"><strong>Nede\u013ea 31.12.<\/strong><\/td>\n<td style=\"text-align: center;\"><b>nebude<\/b><\/td>\n<td style=\"text-align: center;\"><strong>Sv\u00e4tej rodiny Je\u017ei\u0161a,<\/strong><\/p>\n<p><strong>M\u00e1rie a Jozefa<\/strong><\/td>\n<\/tr>\n<\/tbody>\n<\/table>\n<\/div>\n<ul>\n<li>z\u00e1ujemcovia o viano\u010dn\u00fa posviacku domov, koledu (bude 30.12.), nahl\u00e1ste adresy do 24.12. v sakristii. Koleda bude v Bodiciach v sobotu 30.12. od 9:00, v Pal\u00fadzke 30.12. od 13:00<\/li>\n<li>v utorok 26.12. bude v na\u0161ej farnosti o 10:30 odpustov\u00e1 sl\u00e1vnos\u0165. Celebrova\u0165 ju bude vdp. Ondrej Bors\u00edk, dekan z Popradu<\/li>\n<li>v nede\u013eu 31.12. (na Silvestra) bude podve\u010der o 17:00 \u010fakovn\u00e1 pobo\u017enos\u0165 na z\u00e1ver roka<\/li>\n<\/ul>\n","protected":false},"excerpt":{"rendered":"<p>Liturgick\u00fd preh\u013ead a program bohoslu\u017eieb na t\u00fd\u017ede\u0148 24.12. &#8211; 31.12. 2017 Oznamy pre farsk\u00fd kostol: d\u00e1tum sv. om\u0161a liturgick\u00fd de\u0148 Nede\u013ea 24.12. nebude 22:30 4. adventn\u00e1 nede\u013ea\u00a0 Narodenie P\u00e1na &#8211; vig\u00edlia Nede\u013ea 31.12. 8:00 Sv\u00e4tej rodiny Je\u017ei\u0161a, M\u00e1rie a Jozefa Oznamy pre kaplnku v nemocnici: d\u00e1tum sv. om\u0161a liturgick\u00fd de\u0148 Nede\u013ea 24.12. nebude 4. adventn\u00e1 [&hellip;]<\/p>\n","protected":false},"author":1,"featured_media":0,"comment_status":"open","ping_status":"open","sticky":false,"template":"","format":"standard","meta":{"_links_to":"","_links_to_target":""},"categories":[4,19],"tags":[],"_links":{"self":[{"href":"http:\/\/www.paludzka.fara.sk\/index.php?rest_route=\/wp\/v2\/posts\/344"}],"collection":[{"href":"http:\/\/www.paludzka.fara.sk\/index.php?rest_route=\/wp\/v2\/posts"}],"about":[{"href":"http:\/\/www.paludzka.fara.sk\/index.php?rest_route=\/wp\/v2\/types\/post"}],"author":[{"embeddable":true,"href":"http:\/\/www.paludzka.fara.sk\/index.php?rest_route=\/wp\/v2\/users\/1"}],"replies":[{"embeddable":true,"href":"http:\/\/www.paludzka.fara.sk\/index.php?rest_route=%2Fwp%2Fv2%2Fcomments&post=344"}],"version-history":[{"count":4,"href":"http:\/\/www.paludzka.fara.sk\/index.php?rest_route=\/wp\/v2\/posts\/344\/revisions"}],"predecessor-version":[{"id":358,"href":"http:\/\/www.paludzka.fara.sk\/index.php?rest_route=\/wp\/v2\/posts\/344\/revisions\/358"}],"wp:attachment":[{"href":"http:\/\/www.paludzka.fara.sk\/index.php?rest_route=%2Fwp%2Fv2%2Fmedia&parent=344"}],"wp:term":[{"taxonomy":"category","embeddable":true,"href":"http:\/\/www.paludzka.fara.sk\/index.php?rest_route=%2Fwp%2Fv2%2Fcategories&post=344"},{"taxonomy":"post_tag","embeddable":true,"href":"http:\/\/www.paludzka.fara.sk\/index.php?rest_route=%2Fwp%2Fv2%2Ftags&post=344"}],"curies":[{"name":"wp","href":"https:\/\/api.w.org\/{rel}","templated":true}]}}