
{"id":3404,"date":"2023-10-29T00:00:10","date_gmt":"2023-10-28T22:00:10","guid":{"rendered":"http:\/\/www.paludzka.fara.sk\/?p=3404"},"modified":"2023-10-28T22:33:28","modified_gmt":"2023-10-28T20:33:28","slug":"farske-oznamy-29-10-5-11-2023","status":"publish","type":"post","link":"http:\/\/www.paludzka.fara.sk\/?p=3404","title":{"rendered":"Farsk\u00e9 oznamy 29.10.-5.11.2023"},"content":{"rendered":"<div class=\"table-responsive\">\n<table class=\"table table-bordered\">\n<thead>\n<tr>\n<th style=\"text-align: center;\">De\u0148<\/th>\n<th style=\"text-align: center;\">\u010cas<\/th>\n<th style=\"text-align: center;\">Liturgick\u00fd kalend\u00e1r<\/th>\n<th style=\"text-align: center;\">\u00damysel<\/th>\n<th style=\"text-align: center;\">O\u010dak\u00e1vame<\/th>\n<\/tr>\n<\/thead>\n<tbody>\n<tr>\n<td style=\"text-align: center;\"><strong>Nede\u013ea 29.10.<\/strong><\/td>\n<td style=\"text-align: center;\">7:00<\/p>\n<p><strong>8:15<\/strong><\/p>\n<p>9:45<\/td>\n<td style=\"text-align: center;\"><span style=\"color: #008000;\"><strong>30. nede\u013ea v Cezro\u010dnom obdob\u00ed<\/strong><\/span><\/td>\n<td style=\"text-align: center;\">za veriacich<\/p>\n<p><strong>Bodice:<\/strong> na \u00famysel<\/p>\n<p>za zdravie a Bo\u017eie po\u017eehnanie pre Janu<\/td>\n<td style=\"text-align: center;\">Ru\u017eencov\u00e1 pobo\u017enos\u0165 o 14:00<\/td>\n<\/tr>\n<tr>\n<td style=\"text-align: center;\">Pondelok 30.10.<\/td>\n<td style=\"text-align: center;\">17:30<\/td>\n<td style=\"text-align: center;\">\n<p style=\"text-align: center;\"><span style=\"color: #008000;\">Pondelok 30. t\u00fd\u017ed\u0148a v Cezro\u010dnom obdob\u00ed<\/span><\/p>\n<\/td>\n<td style=\"text-align: center;\">za jubilantku Mark\u00e9tu<\/td>\n<td style=\"text-align: center;\">vysluhovanie sviatosti zmierenia od 16:00<\/td>\n<\/tr>\n<tr>\n<td style=\"text-align: center;\">Utorok 31.10.<\/td>\n<td style=\"text-align: center;\"><strong>13:30<\/strong><\/p>\n<p>17:30<\/td>\n<td style=\"text-align: center;\">\n<p style=\"text-align: center;\"><span style=\"color: #808000;\">Sv\u00e4t\u00e1 om\u0161a z nasleduj\u00facej sl\u00e1vnosti<\/span><\/p>\n<\/td>\n<td style=\"text-align: center;\"><strong>Bodice:<\/strong> pohreb + Anna Markov\u00e1<\/p>\n<p>+ J\u00e1n a Elena<\/td>\n<td style=\"text-align: center;\">vysluhovanie sviatosti zmierenia:<\/p>\n<p><strong>Bodice: <\/strong>od 13:00 a po pohrebe od 14:30<\/p>\n<p>Pal\u00fadzka: od 16:00<\/td>\n<\/tr>\n<tr>\n<td style=\"text-align: center;\">Streda 1.11.<\/td>\n<td style=\"text-align: center;\">7:00<\/p>\n<p><strong>8:15<\/strong><\/p>\n<p>9:45<\/td>\n<td style=\"text-align: center;\"><strong><span style=\"color: #808000;\">V\u0161etk\u00fdch sv\u00e4t\u00fdch<\/span><\/strong><\/p>\n<p><strong><span style=\"color: #808000;\">sl\u00e1vnos\u0165<\/span><\/strong><\/p>\n<p><span style=\"color: #ff0000;\">Prik\u00e1zan\u00fd sviatok<\/span><\/td>\n<td style=\"text-align: center;\">za veriacich<\/p>\n<p><strong>Bodice:<\/strong> na \u00famysel<\/p>\n<p>za sp\u00e1su du\u0161e \u017eiv\u00fdch a zomrel\u00fdch pr\u00edbuzn\u00fdch a priate\u013eov<\/td>\n<td style=\"text-align: center;\">Pobo\u017enos\u0165 na cintor\u00edne:<\/p>\n<p><strong>Bodice:<\/strong> po sv. om\u0161i<\/p>\n<p>Pal\u00fadzka: o 14:00 &#8211; cintor\u00edn pri Z\u0160<\/td>\n<\/tr>\n<tr>\n<td style=\"text-align: center;\">\u0160tvrtok 2.11.<\/td>\n<td style=\"text-align: center;\"><strong>16:00<\/strong><\/p>\n<p>17:30<\/td>\n<td style=\"text-align: center;\"><span style=\"color: #800080;\">Spomienka na v\u0161etk\u00fdch vern\u00fdch zosnul\u00fdch<\/span><\/p>\n<p><span style=\"color: #800080;\">spomienka<\/span><\/td>\n<td style=\"text-align: center;\"><strong>Bodice:<\/strong> za v\u0161etk\u00fdch zosnul\u00fdch<\/p>\n<p>na \u00famysel Sv\u00e4t\u00e9ho Otca<\/td>\n<td style=\"text-align: center;\">Osobitn\u00e1 pobo\u017enos\u0165 v\u00a0z\u00e1vere sv. om\u0161\u00ed<\/td>\n<\/tr>\n<tr>\n<td style=\"text-align: center;\">Piatok 3.11.<\/td>\n<td style=\"text-align: center;\"><strong>16:00<\/strong><\/p>\n<p>17:30<\/td>\n<td style=\"text-align: center;\"><span style=\"color: #808000;\">O Najsv\u00e4tej\u0161om Srdci Je\u017ei\u0161ovom<\/span><\/p>\n<p><span style=\"color: #ff0000;\">Prv\u00fd piatok<\/span><\/td>\n<td style=\"text-align: center;\"><strong>Bodice:<\/strong> na \u00famysel<\/p>\n<p>+ J\u00e1n a Eva<\/td>\n<td style=\"text-align: center;\"><strong>N\u00e1v\u0161teva chor\u00fdch od 8:00<\/strong><\/td>\n<\/tr>\n<tr>\n<td style=\"text-align: center;\">Sobota 4.11.<\/td>\n<td style=\"text-align: center;\">8:00<\/td>\n<td style=\"text-align: center;\">\n<p style=\"text-align: center;\"><span style=\"color: #0000ff;\">O preblahoslavenej Panne M\u00e1rii<\/span><\/p>\n<\/td>\n<td style=\"text-align: center;\">+ Jozef<\/td>\n<td style=\"text-align: center;\">Prv\u00e1 sobota v mesiaci<\/p>\n<p>Fatimsk\u00e1 pobo\u017enos\u0165 o 7:30<\/td>\n<\/tr>\n<tr>\n<td style=\"text-align: center;\"><strong>Nede\u013ea 5.11.<\/strong><\/td>\n<td style=\"text-align: center;\">7:00<\/p>\n<p><strong>8:15<\/strong><\/p>\n<p>9:45<\/td>\n<td style=\"text-align: center;\"><strong>V\u00fdro\u010die posviacky kostolov<\/strong><\/p>\n<p><strong>Bodice (r.1850)<\/strong><\/p>\n<p><strong>Pal\u00fadzka (r.1854) \u2013 169 rokov od posviacky<\/strong><\/td>\n<td style=\"text-align: center;\">za veriacich<\/p>\n<p><strong>Bodice:<\/strong> na \u00famysel<\/p>\n<p>za zdravie a Bo\u017eie po\u017eehnanie pre Anitu a\u00a0dc\u00e9ru Lenku<\/td>\n<td style=\"text-align: center;\"><strong>Po sv. om\u0161i o 9:45 stretnutie s rodi\u010dmi prvoprij\u00edmaj\u00facich det\u00ed\u00a0<\/strong><\/td>\n<\/tr>\n<\/tbody>\n<\/table>\n<\/div>\n<ul>\n<li>\u00famysly sv\u00e4t\u00fdch om\u0161\u00ed na mesiace november a december budem zapisova\u0165 v pondelok po sv. om\u0161i.<\/li>\n<li>veriaci, ktor\u00fd v de\u0148 Spomienky na v\u0161etk\u00fdch vern\u00fdch zosnul\u00fdch n\u00e1bo\u017ene nav\u0161t\u00edvi kostol alebo kaplnku a pomodl\u00ed sa Ot\u010den\u00e1\u0161 a urob\u00ed vyznanie viery (Ver\u00edm v Boha), m\u00f4\u017ee z\u00edska\u0165 \u00fapln\u00e9 odpustky, ktor\u00e9 sa m\u00f4\u017eu privlastni\u0165 iba du\u0161iam v o\u010distci. Okrem toho sa \u017eiada splni\u0165 obvykl\u00e9 podmienky: spove\u010f, sv. prij\u00edmanie, modlitba na \u00famysel Sv. Otca (Ot\u010den\u00e1\u0161, Zdravas, Sl\u00e1va) a tie\u017e sa \u017eiada vyl\u00fa\u010di\u0165 ak\u00fako\u013evek prip\u00fatanos\u0165 ku hriechu, aj k \u013eahk\u00e9mu. Mo\u017eno ich z\u00edska\u0165 <strong>od poludnia 1. novembra do polnoci 2. novembra<\/strong>.<\/li>\n<li>veriaci, ktor\u00fd n\u00e1bo\u017ene nav\u0161t\u00edvi cintor\u00edn a pomodl\u00ed sa za zosnul\u00fdch, m\u00f4\u017ee z\u00edska\u0165 odpustky, ktor\u00e9 sa m\u00f4\u017eu privlastni\u0165 iba du\u0161iam v o\u010distci, raz denne<strong> od 1. novembra do 8. novembra<\/strong>. Treba splni\u0165 aj obvykl\u00e9 podmienky. Jedna sv\u00e4t\u00e1 spove\u010f v\u0161ak sta\u010d\u00ed na v\u0161etky odpustky.<\/li>\n<li>na kostol v Pal\u00fadzke Bohuzn\u00e1me obetovali 10, 20 \u20ac. Bohuzn\u00e1me zo Zuberca darovali na kostol 200 \u20ac. V zbierke na misie sme prispeli 470 \u20ac. Za va\u0161e milodary srde\u010dn\u00e9 P\u00e1n Boh zapla\u0165.<\/li>\n<li>pros\u00edm, kto by mal \u010das a ochotu pom\u00f4c\u0165 pri upratovan\u00ed kostola, nech sa prihl\u00e1si v sakristii.<\/li>\n<li>F\u00f3rum \u017eivota po 21. kr\u00e1t organizuje Svie\u010dku za nenaroden\u00e9 deti. Poz\u00fdvame v\u00e1s v \u010dase okolo 2. novembra k modlitbe a k zap\u00e1leniu svie\u010dky za nenaroden\u00e9 deti na cintor\u00ednoch alebo pri pam\u00e4tn\u00edkoch nenaroden\u00fdm de\u0165om. Kampa\u0148 m\u00f4\u017eete podpori\u0165 k\u00fapou svie\u010dky, ktor\u00fa n\u00e1jdete pred kostolom alebo v zadnej \u010dasti kostola. Cena malej plastovej s\u00fa 2 eur\u00e1 a sklenenej 5 eur. Aj tento kr\u00e1t je mo\u017en\u00e9 svie\u010dku podpori\u0165 online na str\u00e1nke <a href=\"http:\/\/www.sviecka.forumzivota.sk\">www.sviecka.forumzivota.sk<\/a> alebo zaslan\u00edm darcovskej SMS. K\u00fapou svie\u010dky podpor\u00edte \u010dinnos\u0165 a projekty F\u00f3ra \u017eivota. Viac inform\u00e1ci\u00ed n\u00e1jdete na spom\u00ednanej str\u00e1nke <a href=\"http:\/\/www.sviecka.forumzivota.sk\">www.sviecka.forumzivota.sk<\/a>. F\u00f3rum \u017eivota vyslovuje \u00faprimn\u00e9 P\u00e1n Boh zapla\u0165 v\u0161etk\u00fdm podporovate\u013eom.<\/li>\n<li>o upratovanie kostola pros\u00edm rodiny Ra\u010dkov\u00fa, Mra\u010dnov\u00fa, Tk\u00e1\u010dov\u00fa a Gub\u00e1\u0161ov\u00fa. Upratovanie bude v sobotu. P\u00e1n Boh zapla\u0165 za slu\u017ebu.<\/li>\n<\/ul>\n","protected":false},"excerpt":{"rendered":"<p>De\u0148 \u010cas Liturgick\u00fd kalend\u00e1r \u00damysel O\u010dak\u00e1vame Nede\u013ea 29.10. 7:00 8:15 9:45 30. nede\u013ea v Cezro\u010dnom obdob\u00ed za veriacich Bodice: na \u00famysel za zdravie a Bo\u017eie po\u017eehnanie pre Janu Ru\u017eencov\u00e1 pobo\u017enos\u0165 o 14:00 Pondelok 30.10. 17:30 Pondelok 30. t\u00fd\u017ed\u0148a v Cezro\u010dnom obdob\u00ed za jubilantku Mark\u00e9tu vysluhovanie sviatosti zmierenia od 16:00 Utorok 31.10. 13:30 17:30 Sv\u00e4t\u00e1 om\u0161a [&hellip;]<\/p>\n","protected":false},"author":1,"featured_media":0,"comment_status":"closed","ping_status":"closed","sticky":false,"template":"","format":"standard","meta":{"_links_to":"","_links_to_target":""},"categories":[4,19],"tags":[],"_links":{"self":[{"href":"http:\/\/www.paludzka.fara.sk\/index.php?rest_route=\/wp\/v2\/posts\/3404"}],"collection":[{"href":"http:\/\/www.paludzka.fara.sk\/index.php?rest_route=\/wp\/v2\/posts"}],"about":[{"href":"http:\/\/www.paludzka.fara.sk\/index.php?rest_route=\/wp\/v2\/types\/post"}],"author":[{"embeddable":true,"href":"http:\/\/www.paludzka.fara.sk\/index.php?rest_route=\/wp\/v2\/users\/1"}],"replies":[{"embeddable":true,"href":"http:\/\/www.paludzka.fara.sk\/index.php?rest_route=%2Fwp%2Fv2%2Fcomments&post=3404"}],"version-history":[{"count":1,"href":"http:\/\/www.paludzka.fara.sk\/index.php?rest_route=\/wp\/v2\/posts\/3404\/revisions"}],"predecessor-version":[{"id":3405,"href":"http:\/\/www.paludzka.fara.sk\/index.php?rest_route=\/wp\/v2\/posts\/3404\/revisions\/3405"}],"wp:attachment":[{"href":"http:\/\/www.paludzka.fara.sk\/index.php?rest_route=%2Fwp%2Fv2%2Fmedia&parent=3404"}],"wp:term":[{"taxonomy":"category","embeddable":true,"href":"http:\/\/www.paludzka.fara.sk\/index.php?rest_route=%2Fwp%2Fv2%2Fcategories&post=3404"},{"taxonomy":"post_tag","embeddable":true,"href":"http:\/\/www.paludzka.fara.sk\/index.php?rest_route=%2Fwp%2Fv2%2Ftags&post=3404"}],"curies":[{"name":"wp","href":"https:\/\/api.w.org\/{rel}","templated":true}]}}