
{"id":3377,"date":"2023-10-22T00:00:02","date_gmt":"2023-10-21T22:00:02","guid":{"rendered":"http:\/\/www.paludzka.fara.sk\/?p=3377"},"modified":"2023-10-21T21:03:10","modified_gmt":"2023-10-21T19:03:10","slug":"farske-oznamy-15-10-22-10-2023-2","status":"publish","type":"post","link":"http:\/\/www.paludzka.fara.sk\/?p=3377","title":{"rendered":"Farsk\u00e9 oznamy 22.10.-29.10.2023"},"content":{"rendered":"<div class=\"table-responsive\">\n<table class=\"table table-bordered\">\n<thead>\n<tr>\n<th style=\"text-align: center;\">De\u0148<\/th>\n<th style=\"text-align: center;\">\u010cas<\/th>\n<th style=\"text-align: center;\">Liturgick\u00fd kalend\u00e1r<\/th>\n<th style=\"text-align: center;\">\u00damysel<\/th>\n<th style=\"text-align: center;\">O\u010dak\u00e1vame<\/th>\n<\/tr>\n<\/thead>\n<tbody>\n<tr>\n<td style=\"text-align: center;\"><strong>Nede\u013ea 22.10.<\/strong><\/td>\n<td style=\"text-align: center;\">7:00<\/p>\n<p><strong>8:15<\/strong><\/p>\n<p>9:45<\/td>\n<td style=\"text-align: center;\"><span style=\"color: #008000;\"><strong>29. nede\u013ea v Cezro\u010dnom obdob\u00ed<\/strong><\/span><\/p>\n<p><span style=\"color: #808000;\">Misijn\u00e1 nede\u013ea<\/span><\/td>\n<td style=\"text-align: center;\">za zdravie a Bo\u017eie po\u017eehnanie pre Dominika<\/p>\n<p><strong>Bodice:<\/strong> na \u00famysel<\/p>\n<p>za veriacich<\/td>\n<td style=\"text-align: center;\"><strong>Zbierka na misie<\/strong><\/p>\n<p>Ru\u017eencov\u00e1 pobo\u017enos\u0165 o 14:00 za misijn\u00e9 dielo Cirkvi<\/td>\n<\/tr>\n<tr>\n<td style=\"text-align: center;\">Pondelok 23.10.<\/td>\n<td style=\"text-align: center;\">17:30<\/td>\n<td style=\"text-align: center;\">\n<p style=\"text-align: center;\"><span style=\"color: #008000;\">Pondelok 29. t\u00fd\u017ed\u0148a v Cezro\u010dnom obdob\u00ed<\/span><\/p>\n<\/td>\n<td style=\"text-align: center;\">+ Ivan a rodi\u010dia<\/td>\n<td style=\"text-align: center;\"><\/td>\n<\/tr>\n<tr>\n<td style=\"text-align: center;\">Utorok 24.10.<\/td>\n<td style=\"text-align: center;\">17:30<\/td>\n<td style=\"text-align: center;\">\n<p style=\"text-align: center;\"><span style=\"color: #008000;\">Utorok 29. t\u00fd\u017ed\u0148a v Cezro\u010dnom obdob\u00ed<\/span><\/p>\n<\/td>\n<td style=\"text-align: center;\">+ \u0160tefan, Vlasta, Anna a Edita<\/td>\n<td style=\"text-align: center;\"><\/td>\n<\/tr>\n<tr>\n<td style=\"text-align: center;\">Streda 25.10.<\/td>\n<td style=\"text-align: center;\">7:00<\/td>\n<td style=\"text-align: center;\"><span style=\"color: #808000;\">V\u00fdro\u010die posviacky katedr\u00e1lneho chr\u00e1mu sv\u00e4t\u00e9ho Martina z Tours<\/span><\/p>\n<p><span style=\"color: #808000;\">sviatok<\/span><\/td>\n<td style=\"text-align: center;\">+ z rodiny Urbanovej a Filekovej<\/td>\n<td style=\"text-align: center;\"><\/td>\n<\/tr>\n<tr>\n<td style=\"text-align: center;\">\u0160tvrtok 26.10.<\/td>\n<td style=\"text-align: center;\">17:30<\/td>\n<td style=\"text-align: center;\"><span style=\"color: #008000;\">\u0160tvrtok 29. t\u00fd\u017ed\u0148a v Cezro\u010dnom obdob\u00ed<\/span><\/td>\n<td style=\"text-align: center;\">+ Tibor<\/td>\n<td style=\"text-align: center;\"><\/td>\n<\/tr>\n<tr>\n<td style=\"text-align: center;\">Piatok 27.10.<\/td>\n<td style=\"text-align: center;\">17:30<\/td>\n<td style=\"text-align: center;\"><span style=\"color: #008000;\">Piatok 29. t\u00fd\u017ed\u0148a v Cezro\u010dnom obdob\u00ed<\/span><\/td>\n<td style=\"text-align: center;\">za zdravie a Bo\u017eie po\u017eehnanie pre Ant\u00f3niu Urbanov\u00fa<\/td>\n<td style=\"text-align: center;\"><\/td>\n<\/tr>\n<tr>\n<td style=\"text-align: center;\">Sobota 28.10.<\/td>\n<td style=\"text-align: center;\">8:00<\/td>\n<td style=\"text-align: center;\">\n<p style=\"text-align: center;\"><span style=\"color: #ff0000;\">Sv\u00e4t\u00fdch \u0160imona a J\u00fadu, apo\u0161tolov<\/span><\/p>\n<p><span style=\"color: #ff0000;\">sviatok<\/span><\/td>\n<td style=\"text-align: center;\">za zdravie a Bo\u017eie po\u017eehnanie pre Maro\u0161a<\/td>\n<td style=\"text-align: center;\"><\/td>\n<\/tr>\n<tr>\n<td style=\"text-align: center;\"><strong>Nede\u013ea 29.10.<\/strong><\/td>\n<td style=\"text-align: center;\">7:00<\/p>\n<p><strong>8:15<\/strong><\/p>\n<p>9:45<\/td>\n<td style=\"text-align: center;\"><span style=\"color: #008000;\"><strong>30. nede\u013ea v Cezro\u010dnom obdob\u00ed<\/strong><\/span><\/td>\n<td style=\"text-align: center;\">za veriacich<\/p>\n<p><strong>Bodice:<\/strong> na \u00famysel<\/p>\n<p>za zdravie a Bo\u017eie po\u017eehnanie pre Janu<\/td>\n<td style=\"text-align: center;\">Ru\u017eencov\u00e1 pobo\u017enos\u0165 o 14:00<\/td>\n<\/tr>\n<\/tbody>\n<\/table>\n<\/div>\n<ul>\n<li>v noci z 28. na 29. okt\u00f3bra sa men\u00ed \u010das o hodinu dozadu.<\/li>\n<li>ve\u013ek\u00e1 v\u010faka v\u0161etk\u00fdm, ktor\u00ed pomohli pri riaden\u00ed kostola v Bodiciach.<\/li>\n<li>Dnes pri sv\u00e4t\u00fdch om\u0161iach je zbierka na misie. Tento rok bude na Slovensku venovan\u00e1 farnostiam a diec\u00e9zam v Benine. Svojim pr\u00edspevkom d\u00e1vate chudobn\u00fdm n\u00e1dej a pom\u00e1hate im \u017ei\u0165 lep\u0161\u00ed \u017eivot. Za va\u0161e milodary vyslovujem srde\u010dn\u00e9 P\u00e1n Boh zapla\u0165.<\/li>\n<li>Bohuzn\u00e1ma na kostol obetovala 150 \u20ac. P\u00e1n Boh zapla\u0165 a po\u017eehnaj.<\/li>\n<li>pros\u00edm, kto by mal \u010das a ochotu pom\u00f4c\u0165 pri upratovan\u00ed kostola, nech sa prihl\u00e1si v sakristii.<\/li>\n<li>o upratovanie kostola pros\u00edm rodiny Ku\u010derov\u00fa, Jano\u0161\u00edkov\u00fa, Adam\u010diakov\u00fa J.. Upratovanie bude v sobotu. P\u00e1n Boh zapla\u0165 za slu\u017ebu.<\/li>\n<\/ul>\n","protected":false},"excerpt":{"rendered":"<p>De\u0148 \u010cas Liturgick\u00fd kalend\u00e1r \u00damysel O\u010dak\u00e1vame Nede\u013ea 22.10. 7:00 8:15 9:45 29. nede\u013ea v Cezro\u010dnom obdob\u00ed Misijn\u00e1 nede\u013ea za zdravie a Bo\u017eie po\u017eehnanie pre Dominika Bodice: na \u00famysel za veriacich Zbierka na misie Ru\u017eencov\u00e1 pobo\u017enos\u0165 o 14:00 za misijn\u00e9 dielo Cirkvi Pondelok 23.10. 17:30 Pondelok 29. t\u00fd\u017ed\u0148a v Cezro\u010dnom obdob\u00ed + Ivan a rodi\u010dia Utorok [&hellip;]<\/p>\n","protected":false},"author":1,"featured_media":0,"comment_status":"closed","ping_status":"closed","sticky":false,"template":"","format":"standard","meta":{"_links_to":"","_links_to_target":""},"categories":[4,19],"tags":[],"_links":{"self":[{"href":"http:\/\/www.paludzka.fara.sk\/index.php?rest_route=\/wp\/v2\/posts\/3377"}],"collection":[{"href":"http:\/\/www.paludzka.fara.sk\/index.php?rest_route=\/wp\/v2\/posts"}],"about":[{"href":"http:\/\/www.paludzka.fara.sk\/index.php?rest_route=\/wp\/v2\/types\/post"}],"author":[{"embeddable":true,"href":"http:\/\/www.paludzka.fara.sk\/index.php?rest_route=\/wp\/v2\/users\/1"}],"replies":[{"embeddable":true,"href":"http:\/\/www.paludzka.fara.sk\/index.php?rest_route=%2Fwp%2Fv2%2Fcomments&post=3377"}],"version-history":[{"count":2,"href":"http:\/\/www.paludzka.fara.sk\/index.php?rest_route=\/wp\/v2\/posts\/3377\/revisions"}],"predecessor-version":[{"id":3380,"href":"http:\/\/www.paludzka.fara.sk\/index.php?rest_route=\/wp\/v2\/posts\/3377\/revisions\/3380"}],"wp:attachment":[{"href":"http:\/\/www.paludzka.fara.sk\/index.php?rest_route=%2Fwp%2Fv2%2Fmedia&parent=3377"}],"wp:term":[{"taxonomy":"category","embeddable":true,"href":"http:\/\/www.paludzka.fara.sk\/index.php?rest_route=%2Fwp%2Fv2%2Fcategories&post=3377"},{"taxonomy":"post_tag","embeddable":true,"href":"http:\/\/www.paludzka.fara.sk\/index.php?rest_route=%2Fwp%2Fv2%2Ftags&post=3377"}],"curies":[{"name":"wp","href":"https:\/\/api.w.org\/{rel}","templated":true}]}}