
{"id":3329,"date":"2023-10-15T00:00:34","date_gmt":"2023-10-14T22:00:34","guid":{"rendered":"http:\/\/www.paludzka.fara.sk\/?p=3329"},"modified":"2023-10-14T14:40:29","modified_gmt":"2023-10-14T12:40:29","slug":"farske-oznamy-15-10-22-10-2023","status":"publish","type":"post","link":"http:\/\/www.paludzka.fara.sk\/?p=3329","title":{"rendered":"Farsk\u00e9 oznamy 15.10.-22.10.2023"},"content":{"rendered":"<div class=\"table-responsive\">\n<table class=\"table table-bordered\">\n<thead>\n<tr>\n<th style=\"text-align: center;\">De\u0148<\/th>\n<th style=\"text-align: center;\">\u010cas<\/th>\n<th style=\"text-align: center;\">Liturgick\u00fd kalend\u00e1r<\/th>\n<th style=\"text-align: center;\">\u00damysel<\/th>\n<th style=\"text-align: center;\">O\u010dak\u00e1vame<\/th>\n<\/tr>\n<\/thead>\n<tbody>\n<tr>\n<td style=\"text-align: center;\"><strong>Nede\u013ea 15.10.<\/strong><\/td>\n<td style=\"text-align: center;\">7:00<\/p>\n<p><strong>8:15<\/strong><\/p>\n<p>9:45<\/td>\n<td style=\"text-align: center;\"><span style=\"color: #008000;\"><strong>28. nede\u013ea v Cezro\u010dnom obdob\u00ed<\/strong><\/span><\/td>\n<td style=\"text-align: center;\">za veriacich<\/p>\n<p><strong>Bodice:<\/strong> na \u00famysel<\/p>\n<p>+ Ondrej a \u0160tef\u00e1nia<\/td>\n<td style=\"text-align: center;\">Ru\u017eencov\u00e1 pobo\u017enos\u0165 o\u00a014:00<\/td>\n<\/tr>\n<tr>\n<td style=\"text-align: center;\">Pondelok 16.10.<\/td>\n<td style=\"text-align: center;\">17:30<\/td>\n<td style=\"text-align: center;\">\n<p style=\"text-align: center;\"><span style=\"color: #808000;\">Sv\u00e4tej Margity M\u00e1rie Alacoque, panny<\/span><\/p>\n<p><span style=\"color: #808000;\">\u013eubovo\u013en\u00e1 spomienka<\/span><\/td>\n<td style=\"text-align: center;\">+ Roz\u00e1lia a Ondrej<\/td>\n<td style=\"text-align: center;\"><\/td>\n<\/tr>\n<tr>\n<td style=\"text-align: center;\">Utorok 17.10.<\/td>\n<td style=\"text-align: center;\">17:30<\/td>\n<td style=\"text-align: center;\">\n<p style=\"text-align: center;\"><span style=\"color: #ff0000;\">Sv\u00e4t\u00e9ho Ign\u00e1ca Antiochijsk\u00e9ho, biskupa a mu\u010den\u00edka<\/span><\/p>\n<p><span style=\"color: #ff0000;\">spomienka<\/span><\/td>\n<td style=\"text-align: center;\">+ Ladislav a Milan<\/td>\n<td style=\"text-align: center;\"><\/td>\n<\/tr>\n<tr>\n<td style=\"text-align: center;\">Streda 18.10.<\/td>\n<td style=\"text-align: center;\">7:00<\/td>\n<td style=\"text-align: center;\"><span style=\"color: #ff0000;\">Sv\u00e4t\u00e9ho Luk\u00e1\u0161a, evanjelistu<\/span><\/p>\n<p><span style=\"color: #ff0000;\">sviatok<\/span><\/td>\n<td style=\"text-align: center;\">za zdravie a Bo\u017eie po\u017eehnanie pre dc\u00e9ru a vnu\u010dku<\/td>\n<td style=\"text-align: center;\">Mili\u00f3n det\u00ed sa modl\u00ed ru\u017eenec<\/td>\n<\/tr>\n<tr>\n<td style=\"text-align: center;\">\u0160tvrtok 19.10.<\/td>\n<td style=\"text-align: center;\">17:30<\/td>\n<td style=\"text-align: center;\"><span style=\"color: #008000;\">\u0160tvrtok 28. t\u00fd\u017ed\u0148a v Cezro\u010dnom obdob\u00ed<\/span><\/td>\n<td style=\"text-align: center;\">+ Helena a J\u00e1n<\/td>\n<td style=\"text-align: center;\"><\/td>\n<\/tr>\n<tr>\n<td style=\"text-align: center;\">Piatok 20.10.<\/td>\n<td style=\"text-align: center;\">17:30<\/td>\n<td style=\"text-align: center;\"><span style=\"color: #008000;\">Piatok 28. t\u00fd\u017ed\u0148a v Cezro\u010dnom obdob\u00ed<\/span><\/td>\n<td style=\"text-align: center;\">+ Vendel\u00edn a rodi\u010dia<\/td>\n<td style=\"text-align: center;\"><\/td>\n<\/tr>\n<tr>\n<td style=\"text-align: center;\">Sobota 21.10.<\/td>\n<td style=\"text-align: center;\"><span style=\"color: #ff0000;\">7:00<\/span><\/td>\n<td style=\"text-align: center;\">\n<p style=\"text-align: center;\"><span style=\"color: #0000ff;\">Preblahoslavenej Panny M\u00e1rie v sobotu<\/span><\/p>\n<p><span style=\"color: #0000ff;\">\u013eubovo\u013en\u00e1 spomienka<\/span><\/td>\n<td style=\"text-align: center;\">po\u010fakovanie za 65 rokov \u017eivota jubilantky<\/p>\n<p>za Bo\u017eiu pomoc pre rodinu<\/td>\n<td style=\"text-align: center;\">Biskupsk\u00e1 vysviacka Mons. Franti\u0161ka Trstensk\u00e9ho o\u00a010:00 v\u00a0Spi\u0161skej Kapitule<\/td>\n<\/tr>\n<tr>\n<td style=\"text-align: center;\"><strong>Nede\u013ea 22.10.<\/strong><\/td>\n<td style=\"text-align: center;\">7:00<\/p>\n<p><strong>8:15<\/strong><\/p>\n<p>9:45<\/td>\n<td style=\"text-align: center;\"><span style=\"color: #008000;\"><strong>29. nede\u013ea v Cezro\u010dnom obdob\u00ed<\/strong><\/span><\/p>\n<p><span style=\"color: #808000;\">Misijn\u00e1 nede\u013ea<\/span><\/td>\n<td style=\"text-align: center;\">za zdravie a Bo\u017eie po\u017eehnanie pre Dominika<\/p>\n<p><strong>Bodice:<\/strong> na \u00famysel<\/p>\n<p>za veriacich<\/td>\n<td style=\"text-align: center;\"><strong>Zbierka na misie<\/strong><\/p>\n<p>Ru\u017eencov\u00e1 pobo\u017enos\u0165 o 14:00<\/td>\n<\/tr>\n<\/tbody>\n<\/table>\n<\/div>\n<ul>\n<li>od pondelka sa za\u010d\u00edna na kostole sv. Ladislava v Bodiciach re\u0161taur\u00e1torsky a archeologick\u00fd v\u00fdskum. V\u010faka za va\u0161e modlitby a podporu.<\/li>\n<li>ver\u00edme, \u017ee ru\u017eenec n\u00e1m daroval s\u00e1m Boh a \u017ee je to n\u00e1stroj, ktor\u00fd m\u00f4\u017ee z\u00e1sadne zmeni\u0165 svet. Matka Bo\u017eia n\u00e1s \u017eiada o modlitbu ru\u017eenca v Cirkvi uznan\u00fdch zjaveniach, na aj sk\u00fasenos\u0165 Cirkvi a mnoh\u00fdch potvrdzuje silu ru\u017eenca. Srde\u010dne poz\u00fdvam deti a rodi\u010dov na modlitbu ru\u017eenca v utorok.<\/li>\n<li>bud\u00facu nede\u013eu je Misijn\u00e1 nede\u013ea. Pri sv\u00e4t\u00fdch om\u0161iach bude aj v na\u0161ej farnosti zbierka na misie. Tento rok bude na Slovensku venovan\u00e1 farnostiam a diec\u00e9zam v Benine. Svojim pr\u00edspevkom d\u00e1vate chudobn\u00fdm n\u00e1dej a pom\u00e1hate im \u017ei\u0165 lep\u0161\u00ed \u017eivot. Za va\u0161e milodary vyslovujem srde\u010dn\u00e9 P\u00e1n Boh zapla\u0165.<\/li>\n<li>Ru\u017eencov\u00e9 spolo\u010denstvo na kr\u00ed\u017eov\u00fa cestu darovalo 100 \u20ac, Bohuzn\u00e1ma obetovala na kostol 100 \u20ac. P\u00e1n Boh zapla\u0165 a po\u017eehnaj v\u0161etk\u00fdch darcov.<\/li>\n<li>o upratovanie kostola pros\u00edm rodiny Hri\u010d\u00e1kov\u00fa, Dia\u010dikov\u00fa, Korman\u00edkov\u00fa a Salusov\u00fa. Upratovanie bude v sobotu. P\u00e1n Boh zapla\u0165 za slu\u017ebu.<\/li>\n<\/ul>\n","protected":false},"excerpt":{"rendered":"<p>De\u0148 \u010cas Liturgick\u00fd kalend\u00e1r \u00damysel O\u010dak\u00e1vame Nede\u013ea 15.10. 7:00 8:15 9:45 28. nede\u013ea v Cezro\u010dnom obdob\u00ed za veriacich Bodice: na \u00famysel + Ondrej a \u0160tef\u00e1nia Ru\u017eencov\u00e1 pobo\u017enos\u0165 o\u00a014:00 Pondelok 16.10. 17:30 Sv\u00e4tej Margity M\u00e1rie Alacoque, panny \u013eubovo\u013en\u00e1 spomienka + Roz\u00e1lia a Ondrej Utorok 17.10. 17:30 Sv\u00e4t\u00e9ho Ign\u00e1ca Antiochijsk\u00e9ho, biskupa a mu\u010den\u00edka spomienka + Ladislav a [&hellip;]<\/p>\n","protected":false},"author":1,"featured_media":0,"comment_status":"closed","ping_status":"closed","sticky":false,"template":"","format":"standard","meta":{"_links_to":"","_links_to_target":""},"categories":[4,19],"tags":[],"_links":{"self":[{"href":"http:\/\/www.paludzka.fara.sk\/index.php?rest_route=\/wp\/v2\/posts\/3329"}],"collection":[{"href":"http:\/\/www.paludzka.fara.sk\/index.php?rest_route=\/wp\/v2\/posts"}],"about":[{"href":"http:\/\/www.paludzka.fara.sk\/index.php?rest_route=\/wp\/v2\/types\/post"}],"author":[{"embeddable":true,"href":"http:\/\/www.paludzka.fara.sk\/index.php?rest_route=\/wp\/v2\/users\/1"}],"replies":[{"embeddable":true,"href":"http:\/\/www.paludzka.fara.sk\/index.php?rest_route=%2Fwp%2Fv2%2Fcomments&post=3329"}],"version-history":[{"count":3,"href":"http:\/\/www.paludzka.fara.sk\/index.php?rest_route=\/wp\/v2\/posts\/3329\/revisions"}],"predecessor-version":[{"id":3332,"href":"http:\/\/www.paludzka.fara.sk\/index.php?rest_route=\/wp\/v2\/posts\/3329\/revisions\/3332"}],"wp:attachment":[{"href":"http:\/\/www.paludzka.fara.sk\/index.php?rest_route=%2Fwp%2Fv2%2Fmedia&parent=3329"}],"wp:term":[{"taxonomy":"category","embeddable":true,"href":"http:\/\/www.paludzka.fara.sk\/index.php?rest_route=%2Fwp%2Fv2%2Fcategories&post=3329"},{"taxonomy":"post_tag","embeddable":true,"href":"http:\/\/www.paludzka.fara.sk\/index.php?rest_route=%2Fwp%2Fv2%2Ftags&post=3329"}],"curies":[{"name":"wp","href":"https:\/\/api.w.org\/{rel}","templated":true}]}}