
{"id":3265,"date":"2023-10-08T00:00:16","date_gmt":"2023-10-07T22:00:16","guid":{"rendered":"http:\/\/www.paludzka.fara.sk\/?p=3265"},"modified":"2023-10-07T21:17:00","modified_gmt":"2023-10-07T19:17:00","slug":"farske-oznamy-8-10-15-10-2023","status":"publish","type":"post","link":"http:\/\/www.paludzka.fara.sk\/?p=3265","title":{"rendered":"Farsk\u00e9 oznamy 8.10.-15.10.2023"},"content":{"rendered":"<div class=\"table-responsive\">\n<table class=\"table table-bordered\">\n<thead>\n<tr>\n<th style=\"text-align: center;\">De\u0148<\/th>\n<th style=\"text-align: center;\">\u010cas<\/th>\n<th style=\"text-align: center;\">Liturgick\u00fd kalend\u00e1r<\/th>\n<th style=\"text-align: center;\">\u00damysel<\/th>\n<th style=\"text-align: center;\">O\u010dak\u00e1vame<\/th>\n<\/tr>\n<\/thead>\n<tbody>\n<tr>\n<td style=\"text-align: center;\"><strong>Nede\u013ea 8.10.<\/strong><\/td>\n<td style=\"text-align: center;\">7:00<\/p>\n<p><strong>8:15<\/strong><\/p>\n<p>9:45<\/td>\n<td style=\"text-align: center;\"><span style=\"color: #008000;\"><strong>27. nede\u013ea v Cezro\u010dnom obdob\u00ed<\/strong><\/span><\/td>\n<td style=\"text-align: center;\">za zdravie a Bo\u017eie po\u017eehnanie pre Dominika<\/p>\n<p><strong>Bodice:<\/strong> na \u00famysel<\/p>\n<p>za veriacich<\/td>\n<td style=\"text-align: center;\">Ru\u017eencov\u00e1 pobo\u017enos\u0165 o\u00a014:00<\/td>\n<\/tr>\n<tr>\n<td style=\"text-align: center;\">Pondelok 9.10.<\/td>\n<td style=\"text-align: center;\">17:30<\/td>\n<td style=\"text-align: center;\">\n<p style=\"text-align: center;\"><span style=\"color: #008000;\">Pondelok 27. t\u00fd\u017ed\u0148a v Cezro\u010dnom obdob\u00ed<\/span><\/p>\n<\/td>\n<td style=\"text-align: center;\">za zdravie a Bo\u017eie po\u017eehnanie pre deti a rodinu<\/td>\n<td style=\"text-align: center;\"><\/td>\n<\/tr>\n<tr>\n<td style=\"text-align: center;\">Utorok 10.10.<\/td>\n<td style=\"text-align: center;\">17:30<\/td>\n<td style=\"text-align: center;\">\n<p style=\"text-align: center;\"><span style=\"color: #008000;\">Utorok 27. t\u00fd\u017ed\u0148a v Cezro\u010dnom obdob\u00ed<\/span><\/p>\n<\/td>\n<td style=\"text-align: center;\">+ Jozef a Gizela<\/td>\n<td style=\"text-align: center;\"><\/td>\n<\/tr>\n<tr>\n<td style=\"text-align: center;\">Streda 11.10.<\/td>\n<td style=\"text-align: center;\">7:00<\/td>\n<td style=\"text-align: center;\"><span style=\"color: #008000;\">Streda 27. t\u00fd\u017ed\u0148a v Cezro\u010dnom obdob\u00ed<\/span><\/td>\n<td style=\"text-align: center;\">+ Anna<\/td>\n<td style=\"text-align: center;\"><\/td>\n<\/tr>\n<tr>\n<td style=\"text-align: center;\">\u0160tvrtok 12.10.<\/td>\n<td style=\"text-align: center;\">17:30<\/td>\n<td style=\"text-align: center;\"><span style=\"color: #808000;\">O Eucharistii<\/span><\/p>\n<p><span style=\"color: #808000;\">vot\u00edvna sv\u00e4t\u00e1 om\u0161a<\/span><\/td>\n<td style=\"text-align: center;\">za zdravie a Bo\u017eie po\u017eehnanie pre man\u017eela<\/td>\n<td style=\"text-align: center;\"><span style=\"color: #ff0000;\">V\u00fdro\u010dn\u00e1 farsk\u00e1 poklona od 14:30 do 17:30<\/span><\/td>\n<\/tr>\n<tr>\n<td style=\"text-align: center;\">Piatok 13.10.<\/td>\n<td style=\"text-align: center;\">17:30<\/td>\n<td style=\"text-align: center;\"><span style=\"color: #008000;\">Piatok 27. t\u00fd\u017ed\u0148a v Cezro\u010dnom obdob\u00ed<\/span><\/td>\n<td style=\"text-align: center;\">+ Rudolf<\/td>\n<td style=\"text-align: center;\"><\/td>\n<\/tr>\n<tr>\n<td style=\"text-align: center;\">Sobota 14.10.<\/td>\n<td style=\"text-align: center;\">8:00<\/td>\n<td style=\"text-align: center;\">\n<p style=\"text-align: center;\"><span style=\"color: #0000ff;\">Preblahoslavenej Panny M\u00e1rie v sobotu<\/span><\/p>\n<p><span style=\"color: #0000ff;\">\u013eubovo\u013en\u00e1 spomienka<\/span><\/td>\n<td style=\"text-align: center;\">za po\u017eehnanie det\u00ed a vn\u00fa\u010dat<\/td>\n<td style=\"text-align: center;\"><\/td>\n<\/tr>\n<tr>\n<td style=\"text-align: center;\"><strong>Nede\u013ea 15.10.<\/strong><\/td>\n<td style=\"text-align: center;\">7:00<\/p>\n<p><strong>8:15<\/strong><\/p>\n<p>9:45<\/td>\n<td style=\"text-align: center;\"><span style=\"color: #008000;\"><strong>28. nede\u013ea v Cezro\u010dnom obdob\u00ed<\/strong><\/span><\/td>\n<td style=\"text-align: center;\">za veriacich<\/p>\n<p><strong>Bodice:<\/strong> na \u00famysel<\/p>\n<p>+ Ondrej a \u0160tef\u00e1nia<\/td>\n<td style=\"text-align: center;\">Ru\u017eencov\u00e1 pobo\u017enos\u0165 o 14:00<\/td>\n<\/tr>\n<\/tbody>\n<\/table>\n<\/div>\n<ul>\n<li>za\u010d\u00edname pr\u00edpravu na prv\u00e9 sv. prij\u00edmanie. <strong>Vyplnen\u00e9 prihl\u00e1\u0161ky treba odovzda\u0165 do nedele 15.10.2023<\/strong>.<\/li>\n<li><strong><span style=\"color: #ff0000;\">vo \u0161tvrtok bude v na\u0161ej farnosti poklona Sviatosti Olt\u00e1rnej<\/span><\/strong>. Vylo\u017eenie sv. Olt\u00e1rnej bude o 14:30 do 17:30 a potom bude Eucharistick\u00e9 po\u017eehnanie. Na stol\u00edku vzadu je papier, na ktor\u00fd v\u00e1s pros\u00edm, aby ste sa po dvaja zap\u00edsali na poklonu. N\u00e1jdime si \u010das na stretnutie s Eucharistick\u00fdm Kristom.<\/li>\n<li>sv\u00e4t\u00e9 om\u0161e v t\u00fd\u017edni budeme za\u010d\u00edna\u0165 modlitbou posv\u00e4tn\u00e9ho ru\u017eenca. V nede\u013eu o 14:00. Za n\u00e1bo\u017en\u00fa \u00fa\u010das\u0165 v spolo\u010denstve veriacich (p\u00e4\u0165 desiatkov s vysloven\u00edm jednotliv\u00fdch tajomstiev, rozj\u00edmanie nad tajomstvami, modlitba na \u00famysel Sv\u00e4t\u00e9ho otca) mo\u017eno z\u00edska\u0165 \u00fapln\u00e9 odpustky.<\/li>\n<li>na kostol v Bodiciach Bohuzn\u00e1ma darovala 50 \u20ac.<\/li>\n<li>na kostol v Pal\u00fadzke darovali Bohuzn\u00e1mi 20, 50, 100 \u20ac. P\u00e1n Boh zapla\u0165 a po\u017eehnaj v\u0161etk\u00fdch darcov.<\/li>\n<li>o upratovanie kostola pros\u00edm rodiny Kolen\u010d\u00edkov\u00fa, Kov\u00e1\u010dov\u00fa, Slafkovsk\u00fa, Ko\u0161\u00fatov\u00fa. Upratovanie bude v sobotu. P\u00e1n Boh zapla\u0165 za slu\u017ebu.<\/li>\n<\/ul>\n","protected":false},"excerpt":{"rendered":"<p>De\u0148 \u010cas Liturgick\u00fd kalend\u00e1r \u00damysel O\u010dak\u00e1vame Nede\u013ea 8.10. 7:00 8:15 9:45 27. nede\u013ea v Cezro\u010dnom obdob\u00ed za zdravie a Bo\u017eie po\u017eehnanie pre Dominika Bodice: na \u00famysel za veriacich Ru\u017eencov\u00e1 pobo\u017enos\u0165 o\u00a014:00 Pondelok 9.10. 17:30 Pondelok 27. t\u00fd\u017ed\u0148a v Cezro\u010dnom obdob\u00ed za zdravie a Bo\u017eie po\u017eehnanie pre deti a rodinu Utorok 10.10. 17:30 Utorok 27. t\u00fd\u017ed\u0148a [&hellip;]<\/p>\n","protected":false},"author":1,"featured_media":0,"comment_status":"closed","ping_status":"closed","sticky":false,"template":"","format":"standard","meta":{"_links_to":"","_links_to_target":""},"categories":[4,19],"tags":[],"_links":{"self":[{"href":"http:\/\/www.paludzka.fara.sk\/index.php?rest_route=\/wp\/v2\/posts\/3265"}],"collection":[{"href":"http:\/\/www.paludzka.fara.sk\/index.php?rest_route=\/wp\/v2\/posts"}],"about":[{"href":"http:\/\/www.paludzka.fara.sk\/index.php?rest_route=\/wp\/v2\/types\/post"}],"author":[{"embeddable":true,"href":"http:\/\/www.paludzka.fara.sk\/index.php?rest_route=\/wp\/v2\/users\/1"}],"replies":[{"embeddable":true,"href":"http:\/\/www.paludzka.fara.sk\/index.php?rest_route=%2Fwp%2Fv2%2Fcomments&post=3265"}],"version-history":[{"count":1,"href":"http:\/\/www.paludzka.fara.sk\/index.php?rest_route=\/wp\/v2\/posts\/3265\/revisions"}],"predecessor-version":[{"id":3267,"href":"http:\/\/www.paludzka.fara.sk\/index.php?rest_route=\/wp\/v2\/posts\/3265\/revisions\/3267"}],"wp:attachment":[{"href":"http:\/\/www.paludzka.fara.sk\/index.php?rest_route=%2Fwp%2Fv2%2Fmedia&parent=3265"}],"wp:term":[{"taxonomy":"category","embeddable":true,"href":"http:\/\/www.paludzka.fara.sk\/index.php?rest_route=%2Fwp%2Fv2%2Fcategories&post=3265"},{"taxonomy":"post_tag","embeddable":true,"href":"http:\/\/www.paludzka.fara.sk\/index.php?rest_route=%2Fwp%2Fv2%2Ftags&post=3265"}],"curies":[{"name":"wp","href":"https:\/\/api.w.org\/{rel}","templated":true}]}}