
{"id":326,"date":"2017-12-16T18:00:54","date_gmt":"2017-12-16T17:00:54","guid":{"rendered":"http:\/\/www.paludzka.fara.sk\/?p=326"},"modified":"2018-01-06T15:36:58","modified_gmt":"2018-01-06T14:36:58","slug":"farske-oznamy-17-12-24-12-2017","status":"publish","type":"post","link":"http:\/\/www.paludzka.fara.sk\/?p=326","title":{"rendered":"Farsk\u00e9 oznamy 17.12.-24.12.2017"},"content":{"rendered":"<h3 style=\"text-align: center;\">Liturgick\u00fd preh\u013ead a program bohoslu\u017eieb na t\u00fd\u017ede\u0148 17.12. &#8211; 24.12. 2017<\/h3>\n<div class=\"text-center\"><img decoding=\"async\" loading=\"lazy\" class=\"wp-image-310 aligncenter\" src=\"http:\/\/www.paludzka.fara.sk\/wp-content\/uploads\/2017\/12\/w3f1.png\" alt=\"\" width=\"160\" height=\"169\" srcset=\"http:\/\/www.paludzka.fara.sk\/wp-content\/uploads\/2017\/12\/w3f1.png 1000w, http:\/\/www.paludzka.fara.sk\/wp-content\/uploads\/2017\/12\/w3f1-284x300.png 284w, http:\/\/www.paludzka.fara.sk\/wp-content\/uploads\/2017\/12\/w3f1-768x813.png 768w, http:\/\/www.paludzka.fara.sk\/wp-content\/uploads\/2017\/12\/w3f1-968x1024.png 968w, http:\/\/www.paludzka.fara.sk\/wp-content\/uploads\/2017\/12\/w3f1-567x600.png 567w\" sizes=\"(max-width: 160px) 100vw, 160px\" \/><\/div>\n<p><strong>Oznamy pre farsk\u00fd kostol:<\/strong><\/p>\n<div class=\"table-responsive\">\n<table class=\"table table-bordered\">\n<thead>\n<tr>\n<th style=\"text-align: center;\">d\u00e1tum<\/th>\n<th style=\"text-align: center;\">sv. om\u0161a<\/th>\n<th style=\"text-align: center;\">liturgick\u00fd de\u0148<\/th>\n<th style=\"text-align: center;\">\u00famysel<\/th>\n<\/tr>\n<\/thead>\n<tbody>\n<tr>\n<td style=\"text-align: center;\"><strong>Nede\u013ea 17.12.<\/strong><\/td>\n<td style=\"text-align: center;\"><strong>9:30<\/strong><\/td>\n<td style=\"text-align: center;\"><strong>3. adventn\u00e1 nede\u013ea<\/strong><\/td>\n<td style=\"text-align: center;\"><strong>za farnos\u0165<\/strong><\/td>\n<\/tr>\n<tr>\n<td style=\"text-align: center;\">Pondelok 18.12.<\/td>\n<td style=\"text-align: center;\"><strong>6:00<\/strong><\/td>\n<td style=\"text-align: center;\">Pondelok po 3. adventnej nedeli<\/td>\n<td style=\"text-align: center;\">na \u00famysel<\/td>\n<\/tr>\n<tr>\n<td style=\"text-align: center;\">Utorok 19.12.<\/td>\n<td style=\"text-align: center;\"><strong>6:00<\/strong><\/td>\n<td style=\"text-align: center;\">Utorok po 3. adventnej nedeli<\/td>\n<td style=\"text-align: center;\">+ \u0160tefan, M\u00e1ria<\/td>\n<\/tr>\n<tr>\n<td style=\"text-align: center;\">Streda 20.12.<\/td>\n<td style=\"text-align: center;\"><strong>6:00<\/strong><\/td>\n<td style=\"text-align: center;\">Streda po 3. adventnej nedeli<\/td>\n<td style=\"text-align: center;\">na \u00famysel<\/td>\n<\/tr>\n<tr>\n<td style=\"text-align: center;\">\u0160tvrtok 21.12.<\/td>\n<td style=\"text-align: center;\"><strong>6:00<\/strong><\/td>\n<td style=\"text-align: center;\">\u0160tvrtok po 3. adventnej nedeli<\/td>\n<td style=\"text-align: center;\">+ Jozef, M\u00e1ria, Pavol<\/td>\n<\/tr>\n<tr>\n<td style=\"text-align: center;\">Piatok 22.12.<\/td>\n<td style=\"text-align: center;\"><strong>17:00<\/strong><\/td>\n<td style=\"text-align: center;\">Piatok po 3. adventnej nedeli<\/td>\n<td style=\"text-align: center;\">na \u00famysel<\/td>\n<\/tr>\n<tr>\n<td style=\"text-align: center;\">Sobota 23.12.<\/td>\n<td style=\"text-align: center;\">8:00<\/td>\n<td style=\"text-align: center;\">Sobota po 3. adventnej nedeli<\/td>\n<td style=\"text-align: center;\">+ Kliment, Helena,<\/p>\n<p>Alojz, Irena<\/td>\n<\/tr>\n<tr>\n<td style=\"text-align: center; width: 147px;\"><strong>Nede\u013ea 24.12.<\/strong><\/td>\n<td style=\"text-align: center; width: 76px;\"><strong>8:00<\/strong><\/td>\n<td style=\"text-align: center; width: 249px;\"><strong>4. adventn\u00e1 nede\u013ea<\/strong><\/td>\n<td style=\"text-align: center; width: 179.4px;\"><strong>za farnos\u0165<\/strong><\/td>\n<\/tr>\n<tr>\n<td style=\"text-align: center; width: 147px;\"><strong>Pondelok 25.12.<\/strong><\/td>\n<td style=\"text-align: center; width: 76px;\"><b>0:00<\/b><\/td>\n<td style=\"text-align: center; width: 249px;\"><strong>Narodenie P\u00e1na &#8211; vig\u00edlia<\/strong><\/td>\n<td style=\"text-align: center; width: 179.4px;\"><strong>+<\/strong><\/td>\n<\/tr>\n<\/tbody>\n<\/table>\n<\/div>\n<p><strong>Oznamy pre fili\u00e1lku Bodice:<\/strong><\/p>\n<div class=\"table-responsive\">\n<table class=\"table table-bordered\">\n<thead>\n<tr>\n<th style=\"text-align: center;\">d\u00e1tum<\/th>\n<th style=\"text-align: center;\">sv. om\u0161a<\/th>\n<th style=\"text-align: center;\">liturgick\u00fd de\u0148<\/th>\n<\/tr>\n<\/thead>\n<tbody>\n<tr>\n<td style=\"text-align: center;\"><strong>Nede\u013ea 17.12.<\/strong><\/td>\n<td style=\"text-align: center;\"><strong>8:00<\/strong><\/td>\n<td style=\"text-align: center;\"><strong>3. adventn\u00e1 nede\u013ea\u00a0<\/strong><\/td>\n<\/tr>\n<tr>\n<td style=\"text-align: center;\"><strong>Nede\u013ea 24.12.<\/strong><\/td>\n<td style=\"text-align: center;\"><strong style=\"font-family: inherit; font-size: inherit;\">nebude<\/strong><\/p>\n<p><strong style=\"font-family: inherit; font-size: inherit;\">22:30<\/strong><\/td>\n<td style=\"text-align: center;\"><strong>4. adventn\u00e1 nede\u013ea\u00a0<\/strong><\/p>\n<p><strong>Narodenie P\u00e1na &#8211; vig\u00edlia<\/strong><\/td>\n<\/tr>\n<\/tbody>\n<\/table>\n<\/div>\n<p><strong>Oznamy pre kaplnku v nemocnici:<\/strong><\/p>\n<div class=\"table-responsive\">\n<table class=\"table table-bordered\">\n<thead>\n<tr>\n<th style=\"text-align: center;\">d\u00e1tum<\/th>\n<th style=\"text-align: center;\">sv. om\u0161a<\/th>\n<th style=\"text-align: center;\">liturgick\u00fd de\u0148<\/th>\n<\/tr>\n<\/thead>\n<tbody>\n<tr>\n<td style=\"text-align: center;\"><strong>Nede\u013ea 17.12.<\/strong><\/td>\n<td style=\"text-align: center;\"><strong>11:00<\/strong><\/td>\n<td style=\"text-align: center;\"><strong>3. adventn\u00e1 nede\u013ea<\/strong><\/td>\n<\/tr>\n<tr>\n<td style=\"text-align: center;\"><strong>Nede\u013ea 24.12.<\/strong><\/td>\n<td style=\"text-align: center;\"><b>nebude<\/b><\/td>\n<td style=\"text-align: center;\"><strong>4. adventn\u00e1 nede\u013ea\u00a0<\/strong><\/td>\n<\/tr>\n<\/tbody>\n<\/table>\n<\/div>\n<p><strong>V\u0161eobecn\u00e9 oznamy:<\/strong><\/p>\n<ul>\n<li>spevokol det\u00ed bude ma\u0165 n\u00e1cvik v utorok o 17:00<\/li>\n<li>spevokol dospel\u00fdch bude ma\u0165 n\u00e1cvik v stredu o 18:00<\/li>\n<li>upratovanie kostola v tomto t\u00fd\u017edni: Kostoln\u00e1, Dia\u010dikov\u00e1, Korman\u00edkov\u00e1, S\u00e1lusov\u00e1<\/li>\n<li>v piatok bude v na\u0161ej farnosti viano\u010dn\u00e1 sv. spove\u010f. Spovedanie bude nasledovn\u00e9: 15:30 &#8211; 17:00 v kostole v Pal\u00fadzke, 15:30 &#8211; 16:30 v kostole v Bodiciach<\/li>\n<li>v piatok bude sv. om\u0161a o 17:00. Pri nej, ako je zvykom pred Vianocami a Ve\u013ekou nocou, bude udelen\u00e1 sviatos\u0165 pomazania chor\u00fdch<\/li>\n<li>tento t\u00fd\u017ede\u0148 bud\u00fa v na\u0161ej farnosti ror\u00e1tne sv. om\u0161e v pondelok, utorok, stredu a vo \u0161tvrtok. Za\u010d\u00ednaj\u00fa v\u017edy o 6:00.<\/li>\n<li>na bud\u00facu nede\u013eu 24.12. je 4. adventn\u00e1 nede\u013ea. Ke\u010f\u017ee v tento de\u0148 pripad\u00e1 z\u00e1rove\u0148 aj \u0160tedr\u00fd de\u0148, bud\u00fa okrem toho aj vig\u00edlne sv. om\u0161e zo sviatku Narodenia P\u00e1na. V kostole v Pal\u00fadzke o polnoci a v kostole v Bodiciach o 22:30.<\/li>\n<li>z\u00e1ujemcovia o viano\u010dn\u00fa posviacku domov, koledu (bude 30.12.), nahl\u00e1ste adresy do 24.12. v sakristii.<\/li>\n<\/ul>\n","protected":false},"excerpt":{"rendered":"<p>Liturgick\u00fd preh\u013ead a program bohoslu\u017eieb na t\u00fd\u017ede\u0148 17.12. &#8211; 24.12. 2017 Oznamy pre farsk\u00fd kostol: d\u00e1tum sv. om\u0161a liturgick\u00fd de\u0148 \u00famysel Nede\u013ea 17.12. 9:30 3. adventn\u00e1 nede\u013ea za farnos\u0165 Pondelok 18.12. 6:00 Pondelok po 3. adventnej nedeli na \u00famysel Utorok 19.12. 6:00 Utorok po 3. adventnej nedeli + \u0160tefan, M\u00e1ria Streda 20.12. 6:00 Streda po [&hellip;]<\/p>\n","protected":false},"author":1,"featured_media":0,"comment_status":"open","ping_status":"open","sticky":false,"template":"","format":"standard","meta":{"_links_to":"","_links_to_target":""},"categories":[4,19],"tags":[],"_links":{"self":[{"href":"http:\/\/www.paludzka.fara.sk\/index.php?rest_route=\/wp\/v2\/posts\/326"}],"collection":[{"href":"http:\/\/www.paludzka.fara.sk\/index.php?rest_route=\/wp\/v2\/posts"}],"about":[{"href":"http:\/\/www.paludzka.fara.sk\/index.php?rest_route=\/wp\/v2\/types\/post"}],"author":[{"embeddable":true,"href":"http:\/\/www.paludzka.fara.sk\/index.php?rest_route=\/wp\/v2\/users\/1"}],"replies":[{"embeddable":true,"href":"http:\/\/www.paludzka.fara.sk\/index.php?rest_route=%2Fwp%2Fv2%2Fcomments&post=326"}],"version-history":[{"count":12,"href":"http:\/\/www.paludzka.fara.sk\/index.php?rest_route=\/wp\/v2\/posts\/326\/revisions"}],"predecessor-version":[{"id":355,"href":"http:\/\/www.paludzka.fara.sk\/index.php?rest_route=\/wp\/v2\/posts\/326\/revisions\/355"}],"wp:attachment":[{"href":"http:\/\/www.paludzka.fara.sk\/index.php?rest_route=%2Fwp%2Fv2%2Fmedia&parent=326"}],"wp:term":[{"taxonomy":"category","embeddable":true,"href":"http:\/\/www.paludzka.fara.sk\/index.php?rest_route=%2Fwp%2Fv2%2Fcategories&post=326"},{"taxonomy":"post_tag","embeddable":true,"href":"http:\/\/www.paludzka.fara.sk\/index.php?rest_route=%2Fwp%2Fv2%2Ftags&post=326"}],"curies":[{"name":"wp","href":"https:\/\/api.w.org\/{rel}","templated":true}]}}