
{"id":3230,"date":"2023-10-01T00:00:29","date_gmt":"2023-09-30T22:00:29","guid":{"rendered":"http:\/\/www.paludzka.fara.sk\/?p=3230"},"modified":"2023-10-01T12:45:25","modified_gmt":"2023-10-01T10:45:25","slug":"farske-oznamy-1-10-8-10-2023","status":"publish","type":"post","link":"http:\/\/www.paludzka.fara.sk\/?p=3230","title":{"rendered":"Farsk\u00e9 oznamy 1.10.-8.10.2023"},"content":{"rendered":"<div class=\"table-responsive\">\n<table class=\"table table-bordered\">\n<thead>\n<tr>\n<th style=\"text-align: center;\">De\u0148<\/th>\n<th style=\"text-align: center;\">\u010cas<\/th>\n<th style=\"text-align: center;\">Liturgick\u00fd kalend\u00e1r<\/th>\n<th style=\"text-align: center;\">\u00damysel<\/th>\n<th style=\"text-align: center;\">O\u010dak\u00e1vame<\/th>\n<\/tr>\n<\/thead>\n<tbody>\n<tr>\n<td style=\"text-align: center;\"><strong>Nede\u013ea 1.10.<\/strong><\/td>\n<td style=\"text-align: center;\">7:00<\/p>\n<p><strong>8:15<\/strong><\/p>\n<p>9:45<\/td>\n<td style=\"text-align: center;\"><span style=\"color: #008000;\"><strong>26. nede\u013ea v Cezro\u010dnom obdob\u00ed<\/strong><\/span><\/td>\n<td style=\"text-align: center;\">za veriacich<\/p>\n<p><strong>Bodice:<\/strong> na \u00famysel<\/p>\n<p>za zdravie pre rodinu Du\u0161ana<\/td>\n<td style=\"text-align: center;\">Ru\u017eencov\u00e1 pobo\u017enos\u0165 o\u00a014:00<\/td>\n<\/tr>\n<tr>\n<td style=\"text-align: center;\">Pondelok 2.10.<\/td>\n<td style=\"text-align: center;\">17:30<\/td>\n<td style=\"text-align: center;\">\n<p style=\"text-align: center;\"><span style=\"color: #808000;\">Sv\u00e4t\u00fdch anjelov str\u00e1\u017ecov<\/span><\/p>\n<p><span style=\"color: #808000;\">spomienka<\/span><\/td>\n<td style=\"text-align: center;\">+ Milan a rodi\u010dia<\/td>\n<td style=\"text-align: center;\">sviatos\u0165 zmierenia od 17:00<\/td>\n<\/tr>\n<tr>\n<td style=\"text-align: center;\">Utorok 3.10.<\/td>\n<td style=\"text-align: center;\">17:30<\/td>\n<td style=\"text-align: center;\">\n<p style=\"text-align: center;\"><span style=\"color: #008000;\">Utorok 26. t\u00fd\u017ed\u0148a v Cezro\u010dnom obdob\u00ed<\/span><\/p>\n<\/td>\n<td style=\"text-align: center;\">po\u010fakovanie pri v\u00fdro\u010d\u00ed sob\u00e1\u0161a<\/td>\n<td style=\"text-align: center;\">sviatos\u0165 zmierenia od 17:00<\/td>\n<\/tr>\n<tr>\n<td style=\"text-align: center;\">Streda 4.10.<\/td>\n<td style=\"text-align: center;\">7:00<\/td>\n<td style=\"text-align: center;\"><span style=\"color: #808000;\">Sv\u00e4t\u00e9ho Franti\u0161ka Assisk\u00e9ho<\/span><\/p>\n<p><span style=\"color: #808000;\">spomienka<\/span><\/td>\n<td style=\"text-align: center;\">+ Ernest a M\u00e1ria<\/td>\n<td style=\"text-align: center;\"><\/td>\n<\/tr>\n<tr>\n<td style=\"text-align: center;\">\u0160tvrtok 5.10.<\/td>\n<td style=\"text-align: center;\">17:30<\/td>\n<td style=\"text-align: center;\"><span style=\"color: #808000;\">Sv\u00e4tej Faust\u00edny Kowalskej, panny<\/span><\/p>\n<p><span style=\"color: #808000;\">\u013eubovo\u013en\u00e1 spomienka<\/span><\/td>\n<td style=\"text-align: center;\">za deti<\/td>\n<td style=\"text-align: center;\">1. \u0161tvrtok v mesiaci<\/p>\n<p>De\u0148 modlitieb za duchovn\u00e9 povolania<\/p>\n<p>sviatos\u0165 zmierenia od 16:00<\/td>\n<\/tr>\n<tr>\n<td style=\"text-align: center;\">Piatok 6.10.<\/td>\n<td style=\"text-align: center;\"><strong>16:00<\/strong><\/p>\n<p>17:30<\/td>\n<td style=\"text-align: center;\"><span style=\"color: #808000;\">O Najsv\u00e4tej\u0161om Srdci Je\u017ei\u0161ovom<\/span><\/p>\n<p><span style=\"color: #ff0000;\">Prv\u00fd piatok<\/span><\/td>\n<td style=\"text-align: center;\"><strong>Bodice:<\/strong> na \u00famysel<\/p>\n<p>+ Zolt\u00e1n a M\u00e1ria<\/td>\n<td style=\"text-align: center;\">N\u00e1v\u0161teva chor\u00fdch od 8:00<\/p>\n<p><strong>Bodice:<\/strong> sviatos\u0165 zmierenia od 15:15<\/td>\n<\/tr>\n<tr>\n<td style=\"text-align: center;\">Sobota 7.10.<\/td>\n<td style=\"text-align: center;\">8:00<\/td>\n<td style=\"text-align: center;\">\n<p style=\"text-align: center;\"><span style=\"color: #0000ff;\">Ru\u017eencovej Panny M\u00e1rie<\/span><\/p>\n<p><span style=\"color: #0000ff;\">spomienka<\/span><\/td>\n<td style=\"text-align: center;\">za zdravie a Bo\u017eie po\u017eehnanie<\/td>\n<td style=\"text-align: center;\">Fatimsk\u00e1 pobo\u017enos\u0165 o 7:30<\/td>\n<\/tr>\n<tr>\n<td style=\"text-align: center;\"><strong>Nede\u013ea 8.10.<\/strong><\/td>\n<td style=\"text-align: center;\">7:00<\/p>\n<p><strong>8:15<\/strong><\/p>\n<p>9:45<\/td>\n<td style=\"text-align: center;\"><span style=\"color: #008000;\"><strong>27. nede\u013ea v Cezro\u010dnom obdob\u00ed<\/strong><\/span><\/td>\n<td style=\"text-align: center;\">za zdravie a Bo\u017eie po\u017eehnanie pre Dominika<\/p>\n<p><strong>Bodice:<\/strong> na \u00famysel<\/p>\n<p>za veriacich<\/td>\n<td style=\"text-align: center;\">Ru\u017eencov\u00e1 pobo\u017enos\u0165 o 14:00<\/td>\n<\/tr>\n<\/tbody>\n<\/table>\n<\/div>\n<ul>\n<li>za\u010d\u00edname pr\u00edpravu na prv\u00e9 sv. prij\u00edmanie. Vyplnen\u00e9 prihl\u00e1\u0161ky treba odovzda\u0165 do nedele 15.10.2023<\/li>\n<li>sv. om\u0161e v t\u00fd\u017edni budeme za\u010d\u00edna\u0165 modlitbou posv\u00e4tn\u00e9ho ru\u017eenca. V nede\u013eu o 14:00. Za n\u00e1bo\u017en\u00fa \u00fa\u010das\u0165 v spolo\u010denstve veriacich (p\u00e4\u0165 desiatkov s vysloven\u00edm jednotliv\u00fdch tajomstiev, rozj\u00edmanie nad tajomstvami, modlitba na \u00famysel Sv\u00e4t\u00e9ho otca) mo\u017eno z\u00edska\u0165 \u00fapln\u00e9 odpustky<\/li>\n<li>v zbierke na kostol v Bodiciach sa vyzbieralo 165 \u20ac. V Pal\u00fadzke ste na kr\u00ed\u017eov\u00fa cestu prispeli 775 \u20ac. P\u00e1n Boh zapla\u0165 a po\u017eehnaj v\u0161etk\u00fdch darcov<\/li>\n<li>o upratovanie kostola pros\u00edm rodiny Koh\u00fatov\u00fa, Vdovcov\u00fa, Bebkov\u00fa a Rybovi\u010dov\u00fa. Upratovanie bude v sobotu. P\u00e1n Boh zapla\u0165 za slu\u017ebu<\/li>\n<li>sviatos\u0165 man\u017eelstva chc\u00fa prija\u0165: Juraj Fider\u00e1k, syn rodi\u010dov Miroslava a Jany r. \u010cerve\u0148ovej, nar. v Liptovskom Mikul\u00e1\u0161i a b\u00fdvaj\u00faci v Pal\u00fadzke a Dominika Kramerov\u00e1, dc\u00e9ra rodi\u010dov Mariana a Hany r. Su\u0161\u00e1nkovej, nar. v Michalovciach a b\u00fdvaj\u00faca v Pal\u00fadzke. Ohlasuj\u00fa sa 3 kr\u00e1t.<\/li>\n<\/ul>\n","protected":false},"excerpt":{"rendered":"<p>De\u0148 \u010cas Liturgick\u00fd kalend\u00e1r \u00damysel O\u010dak\u00e1vame Nede\u013ea 1.10. 7:00 8:15 9:45 26. nede\u013ea v Cezro\u010dnom obdob\u00ed za veriacich Bodice: na \u00famysel za zdravie pre rodinu Du\u0161ana Ru\u017eencov\u00e1 pobo\u017enos\u0165 o\u00a014:00 Pondelok 2.10. 17:30 Sv\u00e4t\u00fdch anjelov str\u00e1\u017ecov spomienka + Milan a rodi\u010dia sviatos\u0165 zmierenia od 17:00 Utorok 3.10. 17:30 Utorok 26. t\u00fd\u017ed\u0148a v Cezro\u010dnom obdob\u00ed po\u010fakovanie pri [&hellip;]<\/p>\n","protected":false},"author":1,"featured_media":0,"comment_status":"closed","ping_status":"closed","sticky":false,"template":"","format":"standard","meta":{"_links_to":"","_links_to_target":""},"categories":[4,19],"tags":[],"_links":{"self":[{"href":"http:\/\/www.paludzka.fara.sk\/index.php?rest_route=\/wp\/v2\/posts\/3230"}],"collection":[{"href":"http:\/\/www.paludzka.fara.sk\/index.php?rest_route=\/wp\/v2\/posts"}],"about":[{"href":"http:\/\/www.paludzka.fara.sk\/index.php?rest_route=\/wp\/v2\/types\/post"}],"author":[{"embeddable":true,"href":"http:\/\/www.paludzka.fara.sk\/index.php?rest_route=\/wp\/v2\/users\/1"}],"replies":[{"embeddable":true,"href":"http:\/\/www.paludzka.fara.sk\/index.php?rest_route=%2Fwp%2Fv2%2Fcomments&post=3230"}],"version-history":[{"count":1,"href":"http:\/\/www.paludzka.fara.sk\/index.php?rest_route=\/wp\/v2\/posts\/3230\/revisions"}],"predecessor-version":[{"id":3231,"href":"http:\/\/www.paludzka.fara.sk\/index.php?rest_route=\/wp\/v2\/posts\/3230\/revisions\/3231"}],"wp:attachment":[{"href":"http:\/\/www.paludzka.fara.sk\/index.php?rest_route=%2Fwp%2Fv2%2Fmedia&parent=3230"}],"wp:term":[{"taxonomy":"category","embeddable":true,"href":"http:\/\/www.paludzka.fara.sk\/index.php?rest_route=%2Fwp%2Fv2%2Fcategories&post=3230"},{"taxonomy":"post_tag","embeddable":true,"href":"http:\/\/www.paludzka.fara.sk\/index.php?rest_route=%2Fwp%2Fv2%2Ftags&post=3230"}],"curies":[{"name":"wp","href":"https:\/\/api.w.org\/{rel}","templated":true}]}}