
{"id":323,"date":"2017-12-09T18:00:30","date_gmt":"2017-12-09T17:00:30","guid":{"rendered":"http:\/\/www.paludzka.fara.sk\/?p=323"},"modified":"2018-01-06T15:32:52","modified_gmt":"2018-01-06T14:32:52","slug":"323","status":"publish","type":"post","link":"http:\/\/www.paludzka.fara.sk\/?p=323","title":{"rendered":"Farsk\u00e9 oznamy 10.12.-17.12.2017"},"content":{"rendered":"<h3 style=\"text-align: center;\">Liturgick\u00fd preh\u013ead a program bohoslu\u017eieb na t\u00fd\u017ede\u0148 3.12. &#8211; 10.12. 2017<\/h3>\n<div class=\"text-center\"><img decoding=\"async\" loading=\"lazy\" class=\"wp-image-309 aligncenter\" src=\"http:\/\/www.paludzka.fara.sk\/wp-content\/uploads\/2017\/12\/w2f1.png\" alt=\"\" width=\"161\" height=\"180\" srcset=\"http:\/\/www.paludzka.fara.sk\/wp-content\/uploads\/2017\/12\/w2f1.png 1000w, http:\/\/www.paludzka.fara.sk\/wp-content\/uploads\/2017\/12\/w2f1-268x300.png 268w, http:\/\/www.paludzka.fara.sk\/wp-content\/uploads\/2017\/12\/w2f1-768x861.png 768w, http:\/\/www.paludzka.fara.sk\/wp-content\/uploads\/2017\/12\/w2f1-913x1024.png 913w, http:\/\/www.paludzka.fara.sk\/wp-content\/uploads\/2017\/12\/w2f1-535x600.png 535w\" sizes=\"(max-width: 161px) 100vw, 161px\" \/><\/div>\n<p><strong>Oznamy pre farsk\u00fd kostol:<\/strong><\/p>\n<div class=\"table-responsive\">\n<table class=\"table table-bordered\">\n<thead>\n<tr>\n<th style=\"text-align: center;\">d\u00e1tum<\/th>\n<th style=\"text-align: center;\">sv. om\u0161a<\/th>\n<th style=\"text-align: center;\">liturgick\u00fd de\u0148<\/th>\n<th style=\"text-align: center;\">\u00famysel<\/th>\n<\/tr>\n<\/thead>\n<tbody>\n<tr>\n<td style=\"text-align: center;\"><strong>Nede\u013ea 10.12.<\/strong><\/td>\n<td style=\"text-align: center;\"><strong>9:30<\/strong><\/td>\n<td style=\"text-align: center;\"><strong>2. adventn\u00e1 nede\u013ea<\/strong><\/td>\n<td style=\"text-align: center;\"><strong>za farnos\u0165<\/strong><\/td>\n<\/tr>\n<tr>\n<td style=\"text-align: center;\">Pondelok 11.12.<\/td>\n<td style=\"text-align: center;\">18:00<\/td>\n<td style=\"text-align: center;\">Pondelok po 2. adventnej nedeli<\/td>\n<td style=\"text-align: center;\">+ Du\u0161an a rodi\u010dia<\/td>\n<\/tr>\n<tr>\n<td style=\"text-align: center;\">Utorok 12.12.<\/td>\n<td style=\"text-align: center;\">18:00<\/td>\n<td style=\"text-align: center;\">Utorok po 2. adventnej nedeli<\/td>\n<td style=\"text-align: center;\">+ Jozef, Irma, Pavel<\/td>\n<\/tr>\n<tr>\n<td style=\"text-align: center;\">Streda 13.12.<\/td>\n<td style=\"text-align: center;\"><strong>6:30<\/strong><\/td>\n<td style=\"text-align: center;\">Sv\u00e4t\u00e9ho Mikul\u00e1\u0161a, biskupa<\/td>\n<td style=\"text-align: center;\">+ Juraj a rodina<\/td>\n<\/tr>\n<tr>\n<td style=\"text-align: center;\">\u0160tvrtok 14.12.<\/td>\n<td style=\"text-align: center;\"><strong>17:00<\/strong><\/td>\n<td style=\"text-align: center;\">Sv\u00e4tej Lucie, panny a mu\u010denice<\/td>\n<td style=\"text-align: center;\">+ Ondrej, Peter,<\/p>\n<p>Andrej, Katar\u00edna<\/td>\n<\/tr>\n<tr>\n<td style=\"text-align: center;\">Piatok 15.12.<\/td>\n<td style=\"text-align: center;\">18:00<\/td>\n<td style=\"text-align: center;\">Sv\u00e4t\u00e9ho J\u00e1na z kr\u00ed\u017ea,<\/p>\n<p>k\u0148aza a u\u010dite\u013ea Cirkvi<\/td>\n<td style=\"text-align: center;\">+ J\u00e1n, Alb\u00edna,<\/p>\n<p>Pavol<\/td>\n<\/tr>\n<tr>\n<td style=\"text-align: center;\">Sobota 16.12.<\/td>\n<td style=\"text-align: center;\">8:00<\/td>\n<td style=\"text-align: center;\">Sobota po 2. adventnej nedeli<\/td>\n<td style=\"text-align: center;\">na \u00famysel<\/td>\n<\/tr>\n<tr>\n<td style=\"text-align: center;\"><strong>Nede\u013ea 17.12.<\/strong><\/td>\n<td style=\"text-align: center;\"><strong>9:30<\/strong><\/td>\n<td style=\"text-align: center;\"><strong>3. adventn\u00e1 nede\u013ea<\/strong><\/td>\n<td style=\"text-align: center;\"><strong>za farnos\u0165<\/strong><\/td>\n<\/tr>\n<\/tbody>\n<\/table>\n<\/div>\n<p><strong>Oznamy pre fili\u00e1lku Bodice:<\/strong><\/p>\n<div class=\"table-responsive\">\n<table class=\"table table-bordered\">\n<thead>\n<tr>\n<th style=\"text-align: center;\">d\u00e1tum<\/th>\n<th style=\"text-align: center;\">sv. om\u0161a<\/th>\n<th style=\"text-align: center;\">liturgick\u00fd de\u0148<\/th>\n<\/tr>\n<\/thead>\n<tbody>\n<tr>\n<td style=\"text-align: center;\"><strong>Nede\u013ea 10.12.<\/strong><\/td>\n<td style=\"text-align: center;\"><strong>8:00<\/strong><\/td>\n<td style=\"text-align: center;\"><strong>2. adventn\u00e1 nede\u013ea\u00a0<\/strong><\/td>\n<\/tr>\n<tr>\n<td style=\"text-align: center;\"><strong>Nede\u013ea 17.12.<\/strong><\/td>\n<td style=\"text-align: center;\"><strong>8:00<\/strong><\/td>\n<td style=\"text-align: center;\"><strong>3. adventn\u00e1 nede\u013ea\u00a0<\/strong><\/td>\n<\/tr>\n<\/tbody>\n<\/table>\n<\/div>\n<p><strong>Oznamy pre kaplnku v nemocnici:<\/strong><\/p>\n<div class=\"table-responsive\">\n<table class=\"table table-bordered\">\n<thead>\n<tr>\n<th style=\"text-align: center;\">d\u00e1tum<\/th>\n<th style=\"text-align: center;\">sv. om\u0161a<\/th>\n<th style=\"text-align: center;\">liturgick\u00fd de\u0148<\/th>\n<\/tr>\n<\/thead>\n<tbody>\n<tr>\n<td style=\"text-align: center;\"><strong>Nede\u013ea 10.12.<\/strong><\/td>\n<td style=\"text-align: center;\"><strong>11:00<\/strong><\/td>\n<td style=\"text-align: center;\"><strong>2. adventn\u00e1 nede\u013ea<\/strong><\/td>\n<\/tr>\n<tr>\n<td style=\"text-align: center;\"><strong>Nede\u013ea 17.12.<\/strong><\/td>\n<td style=\"text-align: center;\"><b>11:00<\/b><\/td>\n<td style=\"text-align: center;\"><strong>3. adventn\u00e1 nede\u013ea\u00a0<\/strong><\/td>\n<\/tr>\n<\/tbody>\n<\/table>\n<\/div>\n<p><strong>V\u0161eobecn\u00e9 oznamy:<\/strong><\/p>\n<ul>\n<li>spevokol det\u00ed bude ma\u0165 n\u00e1cvik v piatok po skon\u010den\u00ed sv. om\u0161e<\/li>\n<li>spevokol dospel\u00fdch bude ma\u0165 n\u00e1cvik v pondelok po skon\u010den\u00ed sv. om\u0161e<\/li>\n<li>upratovanie kostola v tomto t\u00fd\u017edni:\u00a0Kolen\u010d\u00edkov\u00e1, Kov\u00e1\u010dov\u00e1, Slavkovsk\u00e1, Ko\u0161\u00fatov\u00e1<\/li>\n<li>viano\u010dn\u00e9 spovedanie bude 22.12. od 15:30 do 17:30 v oboch kostoloch s\u00fa\u010dasne (v Pal\u00fadzke aj v Bodiciach)<\/li>\n<li>dnes (v nede\u013eu 10.12.2017) sa uskuto\u010dn\u00ed Mikul\u00e1\u0161ske stretnutie o 14:00. Poz\u00fdvame v\u0161etky deti, ale aj ostatn\u00fdch, ke\u010f\u017ee sme v\u0161etci de\u0165mi Bo\u017e\u00edmi. Ste srde\u010dne v\u00edtan\u00ed.<\/li>\n<\/ul>\n","protected":false},"excerpt":{"rendered":"<p>Liturgick\u00fd preh\u013ead a program bohoslu\u017eieb na t\u00fd\u017ede\u0148 3.12. &#8211; 10.12. 2017 Oznamy pre farsk\u00fd kostol: d\u00e1tum sv. om\u0161a liturgick\u00fd de\u0148 \u00famysel Nede\u013ea 10.12. 9:30 2. adventn\u00e1 nede\u013ea za farnos\u0165 Pondelok 11.12. 18:00 Pondelok po 2. adventnej nedeli + Du\u0161an a rodi\u010dia Utorok 12.12. 18:00 Utorok po 2. adventnej nedeli + Jozef, Irma, Pavel Streda 13.12. [&hellip;]<\/p>\n","protected":false},"author":1,"featured_media":0,"comment_status":"open","ping_status":"open","sticky":false,"template":"","format":"standard","meta":{"_links_to":"","_links_to_target":""},"categories":[4,19],"tags":[],"_links":{"self":[{"href":"http:\/\/www.paludzka.fara.sk\/index.php?rest_route=\/wp\/v2\/posts\/323"}],"collection":[{"href":"http:\/\/www.paludzka.fara.sk\/index.php?rest_route=\/wp\/v2\/posts"}],"about":[{"href":"http:\/\/www.paludzka.fara.sk\/index.php?rest_route=\/wp\/v2\/types\/post"}],"author":[{"embeddable":true,"href":"http:\/\/www.paludzka.fara.sk\/index.php?rest_route=\/wp\/v2\/users\/1"}],"replies":[{"embeddable":true,"href":"http:\/\/www.paludzka.fara.sk\/index.php?rest_route=%2Fwp%2Fv2%2Fcomments&post=323"}],"version-history":[{"count":5,"href":"http:\/\/www.paludzka.fara.sk\/index.php?rest_route=\/wp\/v2\/posts\/323\/revisions"}],"predecessor-version":[{"id":353,"href":"http:\/\/www.paludzka.fara.sk\/index.php?rest_route=\/wp\/v2\/posts\/323\/revisions\/353"}],"wp:attachment":[{"href":"http:\/\/www.paludzka.fara.sk\/index.php?rest_route=%2Fwp%2Fv2%2Fmedia&parent=323"}],"wp:term":[{"taxonomy":"category","embeddable":true,"href":"http:\/\/www.paludzka.fara.sk\/index.php?rest_route=%2Fwp%2Fv2%2Fcategories&post=323"},{"taxonomy":"post_tag","embeddable":true,"href":"http:\/\/www.paludzka.fara.sk\/index.php?rest_route=%2Fwp%2Fv2%2Ftags&post=323"}],"curies":[{"name":"wp","href":"https:\/\/api.w.org\/{rel}","templated":true}]}}