
{"id":3196,"date":"2023-09-24T00:00:15","date_gmt":"2023-09-23T22:00:15","guid":{"rendered":"http:\/\/www.paludzka.fara.sk\/?p=3196"},"modified":"2023-09-23T22:12:12","modified_gmt":"2023-09-23T20:12:12","slug":"farske-oznamy-24-9-1-10-2023","status":"publish","type":"post","link":"http:\/\/www.paludzka.fara.sk\/?p=3196","title":{"rendered":"Farsk\u00e9 oznamy 24.9.-1.10.2023"},"content":{"rendered":"<div class=\"table-responsive\">\n<table class=\"table table-bordered\">\n<thead>\n<tr>\n<th style=\"text-align: center;\">De\u0148<\/th>\n<th style=\"text-align: center;\">\u010cas<\/th>\n<th style=\"text-align: center;\">Liturgick\u00fd kalend\u00e1r<\/th>\n<th style=\"text-align: center;\">\u00damysel<\/th>\n<th style=\"text-align: center;\">O\u010dak\u00e1vame<\/th>\n<\/tr>\n<\/thead>\n<tbody>\n<tr>\n<td style=\"text-align: center;\"><strong>Nede\u013ea 24.9.<\/strong><\/td>\n<td style=\"text-align: center;\">7:00<\/p>\n<p><strong>8:15<\/strong><\/p>\n<p>9:45<\/td>\n<td style=\"text-align: center;\"><span style=\"color: #008000;\"><strong>25. nede\u013ea v Cezro\u010dnom obdob\u00ed<\/strong><\/span><\/td>\n<td style=\"text-align: center;\">za veriacich<\/p>\n<p><strong>Bodice:<\/strong> na \u00famysel<\/p>\n<p>za zdravie a Bo\u017eie po\u017eehnanie pre rodinu \u0160kerdov\u00fa<\/td>\n<td style=\"text-align: center;\"><strong>Zbierka na kostol<\/strong><\/td>\n<\/tr>\n<tr>\n<td style=\"text-align: center;\">Pondelok 25.9.<\/td>\n<td style=\"text-align: center;\">18:00<\/td>\n<td style=\"text-align: center;\">\n<p style=\"text-align: center;\"><span style=\"color: #008000;\">Pondelok 25. t\u00fd\u017ed\u0148a v Cezro\u010dnom obdob\u00ed<\/span><\/p>\n<\/td>\n<td style=\"text-align: center;\">+ Rudolf, Matej a Eva<\/td>\n<td style=\"text-align: center;\"><\/td>\n<\/tr>\n<tr>\n<td style=\"text-align: center;\">Utorok 26.9.<\/td>\n<td style=\"text-align: center;\">18:00<\/td>\n<td style=\"text-align: center;\">\n<p style=\"text-align: center;\"><span style=\"color: #008000;\">Utorok 25. t\u00fd\u017ed\u0148a v Cezro\u010dnom obdob\u00ed<\/span><\/p>\n<\/td>\n<td style=\"text-align: center;\">za obr\u00e1tenie det\u00ed a vn\u00fa\u010dat<\/td>\n<td style=\"text-align: center;\">po sv. om\u0161i stretnutie hospod\u00e1rskej rady farnosti<\/td>\n<\/tr>\n<tr>\n<td style=\"text-align: center;\">Streda 27.9.<\/td>\n<td style=\"text-align: center;\">7:00<\/td>\n<td style=\"text-align: center;\"><span style=\"color: #808000;\">Sv\u00e4t\u00e9ho Vincenta de Paul, k\u0148aza<\/span><\/p>\n<p><span style=\"color: #808000;\">spomienka<\/span><\/td>\n<td style=\"text-align: center;\">po\u010fakovanie za Bo\u017eiu pomoc<\/td>\n<td style=\"text-align: center;\"><\/td>\n<\/tr>\n<tr>\n<td style=\"text-align: center;\">\u0160tvrtok 28.9.<\/td>\n<td style=\"text-align: center;\">18:00<\/td>\n<td style=\"text-align: center;\"><span style=\"color: #008000;\">\u0160tvrtok 25. t\u00fd\u017ed\u0148a v Cezro\u010dnom obdob\u00ed<\/span><\/td>\n<td style=\"text-align: center;\">+ rodi\u010dia Deganovi<\/td>\n<td style=\"text-align: center;\">ador\u00e1cia od 17:30<\/td>\n<\/tr>\n<tr>\n<td style=\"text-align: center;\">Piatok 29.9.<\/td>\n<td style=\"text-align: center;\">18:00<\/td>\n<td style=\"text-align: center;\"><span style=\"color: #808000;\">Sv\u00e4t\u00fdch Michala, Gabriela a Rafaela, archanjelov<\/span><\/p>\n<p><span style=\"color: #808000;\">sviatok<\/span><\/td>\n<td style=\"text-align: center;\">po\u010fakovanie za 25 rokov man\u017eelstva<\/td>\n<td style=\"text-align: center;\"><\/td>\n<\/tr>\n<tr>\n<td style=\"text-align: center;\">Sobota 30.9.<\/td>\n<td style=\"text-align: center;\">8:00<\/td>\n<td style=\"text-align: center;\">\n<p style=\"text-align: center;\"><span style=\"color: #808000;\">Sv\u00e4t\u00e9ho Hieronyma, k\u0148aza a u\u010dite\u013ea Cirkvi<\/span><\/p>\n<p><span style=\"color: #808000;\">spomienka<\/span><\/td>\n<td style=\"text-align: center;\">+ Ondrej<\/td>\n<td style=\"text-align: center;\"><\/td>\n<\/tr>\n<tr>\n<td style=\"text-align: center;\"><strong>Nede\u013ea 1.10.<\/strong><\/td>\n<td style=\"text-align: center;\">7:00<\/p>\n<p><strong>8:15<\/strong><\/p>\n<p>9:45<\/td>\n<td style=\"text-align: center;\"><span style=\"color: #008000;\"><strong>25. nede\u013ea v Cezro\u010dnom obdob\u00ed<\/strong><\/span><\/td>\n<td style=\"text-align: center;\">za veriacich<\/p>\n<p><strong>Bodice:<\/strong> na \u00famysel<\/p>\n<p>za zdravie pre rodinu Du\u0161ana<\/td>\n<td style=\"text-align: center;\">Ru\u017eencov\u00e1 pobo\u017enos\u0165 o 14:00<\/td>\n<\/tr>\n<\/tbody>\n<\/table>\n<\/div>\n<ul>\n<li>\u00famysly sv. om\u0161\u00ed na mesiac okt\u00f3ber budem zapisova\u0165 v pondelok po sv. om\u0161i.<\/li>\n<li>v utorok po sv. om\u0161i bude vo fare stretnutie Hospod\u00e1rskej rady farnosti.<\/li>\n<li>Bohuzn\u00e1me na kr\u00ed\u017eov\u00fa cestu darovali 100 a 100 \u20ac. P\u00e1n Boh zapla\u0165.<\/li>\n<li>dnes je zbierka na kostol. Vopred P\u00e1n Boh zapla\u0165 v\u0161etk\u00fdm darcom.<\/li>\n<li>o upratovanie kostola pros\u00edm rodiny Hunanov\u00fa, Adam\u010diakov\u00fa M., Slukov\u00fa a Jurisov\u00fa. Upratovanie bude v sobotu. P\u00e1n Boh zapla\u0165 za slu\u017ebu.<\/li>\n<li>sviatos\u0165 man\u017eelstva chc\u00fa prija\u0165: Juraj Fider\u00e1k, syn rodi\u010dov Miroslava a Jany r. \u010cerve\u0148ovej, nar. v Liptovskom Mikul\u00e1\u0161i a b\u00fdvaj\u00faci v Pal\u00fadzke a Dominika Kramerov\u00e1, dc\u00e9ra rodi\u010dov Mariana a Hany r. Su\u0161\u00e1nkovej, nar. v Michalovciach a b\u00fdvaj\u00faca v Pal\u00fadzke. Ohlasuj\u00fa sa 1 a 2 kr\u00e1t.<\/li>\n<li>Poz\u00fdvame v\u0161etk\u00fdch \u013eud\u00ed dobrej v\u00f4le zo Spi\u0161skej diec\u00e9zy, ale aj z in\u00fdch diec\u00e9z, zapoji\u0165 sa do duchovnej pr\u00edpravy pred biskupskou vysviackou menovan\u00e9ho spi\u0161sk\u00e9ho diec\u00e9zneho biskupa Mons. Franti\u0161ka Trstensk\u00e9ho. Po takmer troch rokoch modlitieb chceme takto P\u00e1nu Bohu po\u010fakova\u0165 za dar nov\u00e9ho biskupa a u\u017e teraz ho sprev\u00e1dza\u0165 modlitbami a obetami. V r\u00e1mci mesa\u010dnej duchovnej pr\u00edpravy v\u00e1s poz\u00fdvame vytvori\u0165 duchovn\u00fa kyticu pre n\u00e1\u0161ho nov\u00e9ho diec\u00e9zneho biskupa a odovzda\u0165 mu ju duchovne, alebo aj prostredn\u00edctvom inform\u00e1cie, ktor\u00fa m\u00f4\u017eete posla\u0165 na emailov\u00fa adresu podujatia@kapitula.sk Duchovn\u00e1 kytica m\u00f4\u017ee obsahova\u0165 r\u00f4zne modlitby a obety, ktor\u00e9 dennodenne prin\u00e1\u0161ate. M\u00f4\u017eete ju vytvori\u0165 aj v r\u00e1mci svojich spolo\u010denstiev a farnost\u00ed. Dev\u00e4\u0165 dn\u00ed pred biskupskou vysviackou sa spoj\u00edme v modlitbe nov\u00e9ny, ktor\u00e1 bude zverejnen\u00e1 na webe a soci\u00e1lnych sie\u0165ach Spi\u0161skej diec\u00e9zy. Menovan\u00fd biskup Mons. Franti\u0161ek Trstensk\u00fd prijme biskupsk\u00fa vysviacku v Katedr\u00e1le sv. Martina v Spi\u0161skej Kapitule v sobotu d\u0148a 21. okt\u00f3bra 2023 o 10.00 hod.<\/li>\n<\/ul>\n","protected":false},"excerpt":{"rendered":"<p>De\u0148 \u010cas Liturgick\u00fd kalend\u00e1r \u00damysel O\u010dak\u00e1vame Nede\u013ea 24.9. 7:00 8:15 9:45 25. nede\u013ea v Cezro\u010dnom obdob\u00ed za veriacich Bodice: na \u00famysel za zdravie a Bo\u017eie po\u017eehnanie pre rodinu \u0160kerdov\u00fa Zbierka na kostol Pondelok 25.9. 18:00 Pondelok 25. t\u00fd\u017ed\u0148a v Cezro\u010dnom obdob\u00ed + Rudolf, Matej a Eva Utorok 26.9. 18:00 Utorok 25. t\u00fd\u017ed\u0148a v Cezro\u010dnom obdob\u00ed [&hellip;]<\/p>\n","protected":false},"author":1,"featured_media":0,"comment_status":"closed","ping_status":"closed","sticky":false,"template":"","format":"standard","meta":{"_links_to":"","_links_to_target":""},"categories":[4,19],"tags":[],"_links":{"self":[{"href":"http:\/\/www.paludzka.fara.sk\/index.php?rest_route=\/wp\/v2\/posts\/3196"}],"collection":[{"href":"http:\/\/www.paludzka.fara.sk\/index.php?rest_route=\/wp\/v2\/posts"}],"about":[{"href":"http:\/\/www.paludzka.fara.sk\/index.php?rest_route=\/wp\/v2\/types\/post"}],"author":[{"embeddable":true,"href":"http:\/\/www.paludzka.fara.sk\/index.php?rest_route=\/wp\/v2\/users\/1"}],"replies":[{"embeddable":true,"href":"http:\/\/www.paludzka.fara.sk\/index.php?rest_route=%2Fwp%2Fv2%2Fcomments&post=3196"}],"version-history":[{"count":2,"href":"http:\/\/www.paludzka.fara.sk\/index.php?rest_route=\/wp\/v2\/posts\/3196\/revisions"}],"predecessor-version":[{"id":3198,"href":"http:\/\/www.paludzka.fara.sk\/index.php?rest_route=\/wp\/v2\/posts\/3196\/revisions\/3198"}],"wp:attachment":[{"href":"http:\/\/www.paludzka.fara.sk\/index.php?rest_route=%2Fwp%2Fv2%2Fmedia&parent=3196"}],"wp:term":[{"taxonomy":"category","embeddable":true,"href":"http:\/\/www.paludzka.fara.sk\/index.php?rest_route=%2Fwp%2Fv2%2Fcategories&post=3196"},{"taxonomy":"post_tag","embeddable":true,"href":"http:\/\/www.paludzka.fara.sk\/index.php?rest_route=%2Fwp%2Fv2%2Ftags&post=3196"}],"curies":[{"name":"wp","href":"https:\/\/api.w.org\/{rel}","templated":true}]}}