
{"id":3084,"date":"2023-09-03T00:00:58","date_gmt":"2023-09-02T22:00:58","guid":{"rendered":"http:\/\/www.paludzka.fara.sk\/?p=3084"},"modified":"2023-09-03T17:58:13","modified_gmt":"2023-09-03T15:58:13","slug":"farske-oznamy-3-9-10-9-2023","status":"publish","type":"post","link":"http:\/\/www.paludzka.fara.sk\/?p=3084","title":{"rendered":"Farsk\u00e9 oznamy 3.9.-10.9.2023"},"content":{"rendered":"<div class=\"table-responsive\">\n<table class=\"table table-bordered\">\n<thead>\n<tr>\n<th style=\"text-align: center;\">De\u0148<\/th>\n<th style=\"text-align: center;\">\u010cas<\/th>\n<th style=\"text-align: center;\">Liturgick\u00fd kalend\u00e1r<\/th>\n<th style=\"text-align: center;\">\u00damysel<\/th>\n<th style=\"text-align: center;\">O\u010dak\u00e1vame<\/th>\n<\/tr>\n<\/thead>\n<tbody>\n<tr>\n<td style=\"text-align: center;\"><strong>Nede\u013ea 3.9.<\/strong><\/td>\n<td style=\"text-align: center;\">7:00<\/p>\n<p><strong>8:15<\/strong><\/p>\n<p>9:45<\/td>\n<td style=\"text-align: center;\"><span style=\"color: #008000;\"><strong>22. nede\u013ea v Cezro\u010dnom obdob\u00ed<\/strong><\/span><\/td>\n<td style=\"text-align: center;\">za Bo\u017eie po\u017eehnanie dc\u00e9ry Ren\u00e1ty s rodinou<\/p>\n<p><strong>Bodice:<\/strong> na \u00famysel<\/p>\n<p>za veriacich<\/td>\n<td style=\"text-align: center;\"><span style=\"color: #ff0000;\">Vz\u00fdvanie Ducha Sv\u00e4t\u00e9ho na za\u010diatku \u0161kolsk\u00e9ho roka<\/span><\/p>\n<p><strong>Zbierka na Diec\u00e9zny katechetick\u00fd \u00farad<\/strong><\/td>\n<\/tr>\n<tr>\n<td style=\"text-align: center;\">Pondelok 4.9.<\/td>\n<td style=\"text-align: center;\"><span style=\"color: #ff0000;\"><strong>7:00<\/strong><\/span><\/td>\n<td style=\"text-align: center;\">\n<p style=\"text-align: center;\"><span style=\"color: #008000;\">Pondelok 22. t\u00fd\u017ed\u0148a v Cezro\u010dnom obdob\u00ed<\/span><\/p>\n<\/td>\n<td style=\"text-align: center;\">za Bo\u017eie po\u017eehnanie dc\u00e9ry M\u00e1rie s rodinou<\/td>\n<td style=\"text-align: center;\"><\/td>\n<\/tr>\n<tr>\n<td style=\"text-align: center;\">Utorok 5.9.<\/td>\n<td style=\"text-align: center;\">&#8211;<\/td>\n<td style=\"text-align: center;\">\n<p style=\"text-align: center;\"><span style=\"color: #008000;\">Utorok 22. t\u00fd\u017ed\u0148a v Cezro\u010dnom obdob\u00ed<\/span><\/p>\n<\/td>\n<td style=\"text-align: center;\"><\/td>\n<td style=\"text-align: center;\"><\/td>\n<\/tr>\n<tr>\n<td style=\"text-align: center;\">Streda 6.9.<\/td>\n<td style=\"text-align: center;\">&#8211;<\/td>\n<td style=\"text-align: center;\"><span style=\"color: #008000;\">Streda 22. t\u00fd\u017ed\u0148a v Cezro\u010dnom obdob\u00ed<\/span><\/td>\n<td style=\"text-align: center;\"><\/td>\n<td style=\"text-align: center;\"><\/td>\n<\/tr>\n<tr>\n<td style=\"text-align: center;\">\u0160tvrtok 7.9.<\/td>\n<td style=\"text-align: center;\">&#8211;<\/td>\n<td style=\"text-align: center;\">\n<p style=\"text-align: center;\"><span style=\"color: #ff0000;\">Sv\u00e4t\u00e9ho Marka Kri\u017eina, Melichara Grodzieckeh\u00e9ho a \u0160tefana Pongr\u00e1ca, k\u0148azov a\u00a0mu\u010den\u00edkov<\/span><\/p>\n<p><span style=\"color: #ff0000;\">spomienka<\/span><\/td>\n<td style=\"text-align: center;\"><\/td>\n<td style=\"text-align: center;\"><\/td>\n<\/tr>\n<tr>\n<td style=\"text-align: center;\">Piatok 8.9.<\/td>\n<td style=\"text-align: center;\">18:00<\/td>\n<td style=\"text-align: center;\">\n<p style=\"text-align: center;\"><span style=\"color: #0000ff;\">Narodenie Preblahoslavenej Panny M\u00e1rie<\/span><\/p>\n<p><span style=\"color: #0000ff;\">sviatok<\/span><\/td>\n<td style=\"text-align: center;\">+ syn Svetoz\u00e1r<\/td>\n<td style=\"text-align: center;\">&nbsp;<\/td>\n<\/tr>\n<tr>\n<td style=\"text-align: center;\">Sobota 9.9.<\/td>\n<td style=\"text-align: center;\">8:00<\/td>\n<td style=\"text-align: center;\">\n<p style=\"text-align: center;\"><span style=\"color: #0000ff;\">Preblahoslavenej Panny M\u00e1rie v sobotu<\/span><\/p>\n<p style=\"text-align: center;\"><span style=\"color: #0000ff;\">\u013eubovo\u013en\u00e1 spomienka<\/span><\/p>\n<\/td>\n<td style=\"text-align: center;\">za zdravie a Bo\u017eie po\u017eehnanie pre mamu a\u00a0cel\u00fa rodinu<\/td>\n<td style=\"text-align: center;\"><\/td>\n<\/tr>\n<tr>\n<td style=\"text-align: center;\"><strong>Nede\u013ea 10.9.<\/strong><\/td>\n<td style=\"text-align: center;\"><strong>8:15<\/strong><\/p>\n<p>9:45<\/td>\n<td style=\"text-align: center;\"><span style=\"color: #008000;\"><strong>23. nede\u013ea v Cezro\u010dnom obdob\u00ed<\/strong><\/span><\/td>\n<td style=\"text-align: center;\"><strong>Bodice:<\/strong> na \u00famysel<\/p>\n<p>za veriacich a dobrodincov kostola<\/td>\n<td style=\"text-align: center;\"><\/td>\n<\/tr>\n<\/tbody>\n<\/table>\n<\/div>\n<ul>\n<li>v \u010dase mojej nepr\u00edtomnosti sa obr\u00e1\u0165te na farsk\u00fd \u00farad v Liptovskom Mikul\u00e1\u0161i. Tel. \u010d\u00edslo: 0904 203 400<\/li>\n<li>Bohuzn\u00e1ma na kostol na kostol v Bodiciach darovala 40 \u20ac. Bohuzn\u00e1mi na kostol v Pal\u00fadzke darovali 50 a 100 \u20ac. P\u00e1n Boh zapla\u0165 a po\u017eehnaj v\u0161etk\u00fdch darcov.<\/li>\n<li>dnes je zbierka na Diec\u00e9zny katechetick\u00fd \u00farad. V\u0161etk\u00fdm darcom P\u00e1n Boh zapla\u0165.<\/li>\n<li><strong>v nede\u013eu 10.09.2023 pl\u00e1nujeme uskuto\u010dni\u0165 po\u017eehnanie kostola spojen\u00e9 s d\u0148om farnosti.<\/strong> Spolo\u010dne chceme P\u00e1nu Bohu po\u010fakova\u0165 za spolo\u010dn\u00e9 dielo a stretn\u00fa\u0165 sa ako jedna farsk\u00e1 rodina po sv. om\u0161i pri gu\u013e\u00e1\u0161i vo farskej z\u00e1hrade. Bude pripraven\u00fd aj program pre deti. Kto by chcel prispie\u0165 do spolo\u010dn\u00e9ho pohostenia, m\u00f4\u017ee prinies\u0165 nejak\u00fd kol\u00e1\u010d. V\u0161etci ste srde\u010dne pozvan\u00ed.<\/li>\n<li>o upratovanie kostola pros\u00edm rodiny Ku\u010derov\u00fa, Jano\u0161\u00edkov\u00fa a Adam\u010diakov\u00fa J.,. Upratovanie bude v sobotu. P\u00e1n Boh zapla\u0165 za slu\u017ebu.<\/li>\n<\/ul>\n","protected":false},"excerpt":{"rendered":"<p>De\u0148 \u010cas Liturgick\u00fd kalend\u00e1r \u00damysel O\u010dak\u00e1vame Nede\u013ea 3.9. 7:00 8:15 9:45 22. nede\u013ea v Cezro\u010dnom obdob\u00ed za Bo\u017eie po\u017eehnanie dc\u00e9ry Ren\u00e1ty s rodinou Bodice: na \u00famysel za veriacich Vz\u00fdvanie Ducha Sv\u00e4t\u00e9ho na za\u010diatku \u0161kolsk\u00e9ho roka Zbierka na Diec\u00e9zny katechetick\u00fd \u00farad Pondelok 4.9. 7:00 Pondelok 22. t\u00fd\u017ed\u0148a v Cezro\u010dnom obdob\u00ed za Bo\u017eie po\u017eehnanie dc\u00e9ry M\u00e1rie s [&hellip;]<\/p>\n","protected":false},"author":1,"featured_media":0,"comment_status":"closed","ping_status":"closed","sticky":false,"template":"","format":"standard","meta":{"_links_to":"","_links_to_target":""},"categories":[4,19],"tags":[],"_links":{"self":[{"href":"http:\/\/www.paludzka.fara.sk\/index.php?rest_route=\/wp\/v2\/posts\/3084"}],"collection":[{"href":"http:\/\/www.paludzka.fara.sk\/index.php?rest_route=\/wp\/v2\/posts"}],"about":[{"href":"http:\/\/www.paludzka.fara.sk\/index.php?rest_route=\/wp\/v2\/types\/post"}],"author":[{"embeddable":true,"href":"http:\/\/www.paludzka.fara.sk\/index.php?rest_route=\/wp\/v2\/users\/1"}],"replies":[{"embeddable":true,"href":"http:\/\/www.paludzka.fara.sk\/index.php?rest_route=%2Fwp%2Fv2%2Fcomments&post=3084"}],"version-history":[{"count":1,"href":"http:\/\/www.paludzka.fara.sk\/index.php?rest_route=\/wp\/v2\/posts\/3084\/revisions"}],"predecessor-version":[{"id":3085,"href":"http:\/\/www.paludzka.fara.sk\/index.php?rest_route=\/wp\/v2\/posts\/3084\/revisions\/3085"}],"wp:attachment":[{"href":"http:\/\/www.paludzka.fara.sk\/index.php?rest_route=%2Fwp%2Fv2%2Fmedia&parent=3084"}],"wp:term":[{"taxonomy":"category","embeddable":true,"href":"http:\/\/www.paludzka.fara.sk\/index.php?rest_route=%2Fwp%2Fv2%2Fcategories&post=3084"},{"taxonomy":"post_tag","embeddable":true,"href":"http:\/\/www.paludzka.fara.sk\/index.php?rest_route=%2Fwp%2Fv2%2Ftags&post=3084"}],"curies":[{"name":"wp","href":"https:\/\/api.w.org\/{rel}","templated":true}]}}