
{"id":3043,"date":"2023-08-13T00:00:06","date_gmt":"2023-08-12T22:00:06","guid":{"rendered":"http:\/\/www.paludzka.fara.sk\/?p=3043"},"modified":"2023-08-12T21:51:02","modified_gmt":"2023-08-12T19:51:02","slug":"farske-oznamy-13-8-20-8-2023","status":"publish","type":"post","link":"http:\/\/www.paludzka.fara.sk\/?p=3043","title":{"rendered":"Farsk\u00e9 oznamy 13.8.-20.8.2023"},"content":{"rendered":"<div class=\"table-responsive\">\n<table class=\"table table-bordered\" style=\"width: 100%; height: 776px;\">\n<thead>\n<tr style=\"height: 24px;\">\n<th style=\"text-align: center; height: 24px; width: 9.13655%;\">De\u0148<\/th>\n<th style=\"text-align: center; height: 24px; width: 6.5261%;\">\u010cas<\/th>\n<th style=\"text-align: center; height: 24px; width: 28.9157%;\">Liturgick\u00fd kalend\u00e1r<\/th>\n<th style=\"text-align: center; height: 24px; width: 24.1968%;\">\u00damysel<\/th>\n<th style=\"text-align: center; height: 24px; width: 30.1205%;\">O\u010dak\u00e1vame<\/th>\n<\/tr>\n<\/thead>\n<tbody>\n<tr style=\"height: 136px;\">\n<td style=\"text-align: center; height: 136px; width: 9.13655%;\"><strong>Nede\u013ea 13.8.<\/strong><\/td>\n<td style=\"text-align: center; height: 136px; width: 6.5261%;\">7:00<\/p>\n<p><span style=\"color: #000000;\"><strong>8:15<\/strong><\/span><\/p>\n<p><span style=\"color: #000000;\">9:45<\/span><\/td>\n<td style=\"text-align: center; height: 136px; width: 28.9157%;\"><span style=\"color: #008000;\"><strong>19. nede\u013ea v Cezro\u010dnom obdob\u00ed<\/strong><\/span><\/td>\n<td style=\"text-align: center; height: 136px; width: 24.1968%;\">+ Helena<\/p>\n<p><span style=\"font-family: inherit; font-size: inherit;\"><strong>Bodice:<\/strong> na \u00famysel<\/span><\/p>\n<p>za veriacich<\/td>\n<td style=\"text-align: center; height: 136px; width: 30.1205%;\"><\/td>\n<\/tr>\n<tr style=\"height: 48px;\">\n<td style=\"text-align: center; height: 48px; width: 9.13655%;\">Pondelok 14.8.<\/td>\n<td style=\"text-align: center; height: 48px; width: 6.5261%;\"><span style=\"color: #ff0000;\">7:00<\/span><\/td>\n<td style=\"text-align: center; height: 48px; width: 28.9157%;\"><span style=\"color: #ff0000;\">Sv\u00e4t\u00e9ho Maximili\u00e1na M\u00e1riu Kolbeho, k\u0148aza a mu\u010den\u00edka<\/span><\/p>\n<p><span style=\"color: #ff0000;\">spomienka<\/span><\/td>\n<td style=\"text-align: center; height: 48px; width: 24.1968%;\">za veriacich<\/td>\n<td style=\"text-align: center; height: 48px; width: 30.1205%;\"><\/td>\n<\/tr>\n<tr style=\"height: 120px;\">\n<td style=\"text-align: center; height: 120px; width: 9.13655%;\">Utorok 15.8.<\/td>\n<td style=\"text-align: center; height: 120px; width: 6.5261%;\"><strong>17:00<\/strong><\/p>\n<p>18:00<\/td>\n<td style=\"text-align: center; height: 120px; width: 28.9157%;\"><span style=\"color: #0000ff;\"><strong>Nanebovzatie Preblahoslavenej Panny M\u00e1rie<\/strong><\/span><\/p>\n<p><span style=\"color: #ff0000;\">Prik\u00e1zan\u00fd sviatok<\/span><\/td>\n<td style=\"text-align: center; height: 120px; width: 24.1968%;\"><strong>Bodice:<\/strong> na \u00famysel<\/p>\n<p>+ Pavol<\/td>\n<td style=\"text-align: center; height: 120px; width: 30.1205%;\">pri sv. om\u0161iach po\u017eehnanie byl\u00edn a kvetov<\/td>\n<\/tr>\n<tr style=\"height: 24px;\">\n<td style=\"text-align: center; height: 24px; width: 9.13655%;\">Streda 16.8.<\/td>\n<td style=\"text-align: center; height: 24px; width: 6.5261%;\">7:00<\/td>\n<td style=\"text-align: center; height: 24px; width: 28.9157%;\"><span style=\"color: #008000;\">Streda 19. t\u00fd\u017ed\u0148a v Cezro\u010dnom obdob\u00ed<\/span><\/td>\n<td style=\"text-align: center; height: 24px; width: 24.1968%;\">+ Andrea a Daniel<\/td>\n<td style=\"text-align: center; height: 24px; width: 30.1205%;\"><\/td>\n<\/tr>\n<tr style=\"height: 48px;\">\n<td style=\"text-align: center; height: 48px; width: 9.13655%;\">\u0160tvrtok 17.8.<\/td>\n<td style=\"text-align: center; height: 48px; width: 6.5261%;\"><span style=\"color: #000000;\">18:00<\/span><\/td>\n<td style=\"text-align: center; height: 48px; width: 28.9157%;\"><span style=\"color: #008000;\">\u0160tvrtok 19. t\u00fd\u017ed\u0148a v Cezro\u010dnom obdob\u00ed<\/span><\/td>\n<td style=\"text-align: center; height: 48px; width: 24.1968%;\">za zdravie a Bo\u017eie po\u017eehnanie pre syna a dc\u00e9ru<\/td>\n<td style=\"text-align: center; height: 48px; width: 30.1205%;\">ador\u00e1cia od 17:30<\/td>\n<\/tr>\n<tr style=\"height: 120px;\">\n<td style=\"text-align: center; height: 120px; width: 9.13655%;\">Piatok 18.8.<\/td>\n<td style=\"text-align: center; height: 120px; width: 6.5261%;\"><span style=\"color: #000000;\">18:00<\/span><\/td>\n<td style=\"text-align: center; height: 120px; width: 28.9157%;\"><span style=\"color: #008000;\">Piatok 19. t\u00fd\u017ed\u0148a v Cezro\u010dnom obdob\u00ed<\/span><\/td>\n<td style=\"text-align: center; height: 120px; width: 24.1968%;\">+ J\u00e1n a rodi\u010dia August\u00edn a Roz\u00e1lia<\/td>\n<td style=\"text-align: center; height: 120px; width: 30.1205%;\"><\/td>\n<\/tr>\n<tr style=\"height: 120px;\">\n<td style=\"text-align: center; height: 120px; width: 9.13655%;\">Sobota 19.8.<\/td>\n<td style=\"text-align: center; height: 120px; width: 6.5261%;\"><span style=\"color: #ff0000;\">7:00<\/span><\/td>\n<td style=\"text-align: center; height: 120px; width: 28.9157%;\"><span style=\"color: #0000ff;\">Preblahoslavenej Panny M\u00e1rie v sobotu<\/span><\/p>\n<p><span style=\"color: #0000ff;\">\u013eubovo\u013en\u00e1 spomienka<\/span><\/td>\n<td style=\"text-align: center; height: 120px; width: 24.1968%;\">+ Cyril a rodi\u010dia<\/td>\n<td style=\"text-align: center; height: 120px; width: 30.1205%;\"><\/td>\n<\/tr>\n<tr style=\"height: 136px;\">\n<td style=\"text-align: center; height: 136px; width: 9.13655%;\"><strong>Nede\u013ea 20.8.<\/strong><\/td>\n<td style=\"text-align: center; height: 136px; width: 6.5261%;\">7:00<\/p>\n<p><span style=\"color: #000000;\"><strong>8:15<\/strong><\/span><\/p>\n<p><span style=\"color: #000000;\">9:45<\/span><\/td>\n<td style=\"text-align: center; height: 136px; width: 28.9157%;\"><span style=\"color: #008000;\"><strong>20. nede\u013ea v Cezro\u010dnom obdob\u00ed<\/strong><\/span><\/td>\n<td style=\"text-align: center; height: 136px; width: 24.1968%;\">za Petra<\/p>\n<p><span style=\"font-family: inherit; font-size: inherit;\"><strong>Bodice:<\/strong> na \u00famysel<\/span><\/p>\n<p>za veriacich<\/td>\n<td style=\"text-align: center; height: 136px; width: 30.1205%;\"><\/td>\n<\/tr>\n<\/tbody>\n<\/table>\n<\/div>\n<ul>\n<li>Bohuzm\u00e1mi na ma\u013eovanie obetovali 50 a 400 \u20ac. P\u00e1n Boh zapla\u0165 a po\u017eehnaj v\u0161etk\u00fdch darcov.<\/li>\n<li>o upratovanie kostola pros\u00edm rodiny Koh\u00fatov\u00fa, Vdovcov\u00fa, Bebkov\u00fa a Rybovi\u010dov\u00fa. Upratovanie bude v sobotu. P\u00e1n Boh zapla\u0165 za slu\u017ebu.<\/li>\n<\/ul>\n","protected":false},"excerpt":{"rendered":"<p>De\u0148 \u010cas Liturgick\u00fd kalend\u00e1r \u00damysel O\u010dak\u00e1vame Nede\u013ea 13.8. 7:00 8:15 9:45 19. nede\u013ea v Cezro\u010dnom obdob\u00ed + Helena Bodice: na \u00famysel za veriacich Pondelok 14.8. 7:00 Sv\u00e4t\u00e9ho Maximili\u00e1na M\u00e1riu Kolbeho, k\u0148aza a mu\u010den\u00edka spomienka za veriacich Utorok 15.8. 17:00 18:00 Nanebovzatie Preblahoslavenej Panny M\u00e1rie Prik\u00e1zan\u00fd sviatok Bodice: na \u00famysel + Pavol pri sv. om\u0161iach po\u017eehnanie [&hellip;]<\/p>\n","protected":false},"author":1,"featured_media":0,"comment_status":"closed","ping_status":"closed","sticky":false,"template":"","format":"standard","meta":{"_links_to":"","_links_to_target":""},"categories":[4,19],"tags":[],"_links":{"self":[{"href":"http:\/\/www.paludzka.fara.sk\/index.php?rest_route=\/wp\/v2\/posts\/3043"}],"collection":[{"href":"http:\/\/www.paludzka.fara.sk\/index.php?rest_route=\/wp\/v2\/posts"}],"about":[{"href":"http:\/\/www.paludzka.fara.sk\/index.php?rest_route=\/wp\/v2\/types\/post"}],"author":[{"embeddable":true,"href":"http:\/\/www.paludzka.fara.sk\/index.php?rest_route=\/wp\/v2\/users\/1"}],"replies":[{"embeddable":true,"href":"http:\/\/www.paludzka.fara.sk\/index.php?rest_route=%2Fwp%2Fv2%2Fcomments&post=3043"}],"version-history":[{"count":1,"href":"http:\/\/www.paludzka.fara.sk\/index.php?rest_route=\/wp\/v2\/posts\/3043\/revisions"}],"predecessor-version":[{"id":3044,"href":"http:\/\/www.paludzka.fara.sk\/index.php?rest_route=\/wp\/v2\/posts\/3043\/revisions\/3044"}],"wp:attachment":[{"href":"http:\/\/www.paludzka.fara.sk\/index.php?rest_route=%2Fwp%2Fv2%2Fmedia&parent=3043"}],"wp:term":[{"taxonomy":"category","embeddable":true,"href":"http:\/\/www.paludzka.fara.sk\/index.php?rest_route=%2Fwp%2Fv2%2Fcategories&post=3043"},{"taxonomy":"post_tag","embeddable":true,"href":"http:\/\/www.paludzka.fara.sk\/index.php?rest_route=%2Fwp%2Fv2%2Ftags&post=3043"}],"curies":[{"name":"wp","href":"https:\/\/api.w.org\/{rel}","templated":true}]}}