
{"id":3023,"date":"2023-08-06T00:00:01","date_gmt":"2023-08-05T22:00:01","guid":{"rendered":"http:\/\/www.paludzka.fara.sk\/?p=3023"},"modified":"2023-08-05T23:01:21","modified_gmt":"2023-08-05T21:01:21","slug":"farske-oznamy-6-8-13-8-2023","status":"publish","type":"post","link":"http:\/\/www.paludzka.fara.sk\/?p=3023","title":{"rendered":"Farsk\u00e9 oznamy 6.8.-13.8.2023"},"content":{"rendered":"<div class=\"table-responsive\">\n<table class=\"table table-bordered\" style=\"width: 100%; height: 776px;\">\n<thead>\n<tr style=\"height: 24px;\">\n<th style=\"text-align: center; height: 24px; width: 9.13655%;\">De\u0148<\/th>\n<th style=\"text-align: center; height: 24px; width: 6.5261%;\">\u010cas<\/th>\n<th style=\"text-align: center; height: 24px; width: 28.9157%;\">Liturgick\u00fd kalend\u00e1r<\/th>\n<th style=\"text-align: center; height: 24px; width: 24.1968%;\">\u00damysel<\/th>\n<th style=\"text-align: center; height: 24px; width: 30.1205%;\">O\u010dak\u00e1vame<\/th>\n<\/tr>\n<\/thead>\n<tbody>\n<tr style=\"height: 136px;\">\n<td style=\"text-align: center; height: 136px; width: 9.13655%;\"><strong>Nede\u013ea 6.8.<\/strong><\/td>\n<td style=\"text-align: center; height: 136px; width: 6.5261%;\">7:00<\/p>\n<p><span style=\"color: #000000;\"><strong>8:15<\/strong><\/span><\/p>\n<p><span style=\"color: #000000;\">9:45<\/span><\/td>\n<td style=\"text-align: center; height: 136px; width: 28.9157%;\"><span style=\"color: #008000;\"><strong>18. nede\u013ea v Cezro\u010dnom obdob\u00ed<\/strong><\/span><\/p>\n<p><strong><span style=\"color: #808000;\">Premenenie P\u00e1na<\/span><\/strong><\/p>\n<p><span style=\"color: #808000;\">sviatok<\/span><\/td>\n<td style=\"text-align: center; height: 136px; width: 24.1968%;\">za veriacich<\/p>\n<p><span style=\"font-family: inherit; font-size: inherit;\"><strong>Bodice:<\/strong> na \u00famysel<\/span><\/p>\n<p>za zdravie a Bo\u017eie po\u017eehnanie pre rodinu Kr\u00fapov\u00fa<\/td>\n<td style=\"text-align: center; height: 136px; width: 30.1205%;\"><\/td>\n<\/tr>\n<tr style=\"height: 48px;\">\n<td style=\"text-align: center; height: 48px; width: 9.13655%;\">Pondelok 7.8.<\/td>\n<td style=\"text-align: center; height: 48px; width: 6.5261%;\"><span style=\"color: #ff0000;\">7:00<\/span><\/td>\n<td style=\"text-align: center; height: 48px; width: 28.9157%;\"><span style=\"color: #008000;\">Pondelok 18. t\u00fd\u017ed\u0148a v Cezro\u010dnom obdob\u00ed<\/span><\/td>\n<td style=\"text-align: center; height: 48px; width: 24.1968%;\">+ rodi\u010dia a star\u00ed rodi\u010dia<\/td>\n<td style=\"text-align: center; height: 48px; width: 30.1205%;\"><\/td>\n<\/tr>\n<tr style=\"height: 120px;\">\n<td style=\"text-align: center; height: 120px; width: 9.13655%;\">Utorok 8.8.<\/td>\n<td style=\"text-align: center; height: 120px; width: 6.5261%;\">18:00<\/td>\n<td style=\"text-align: center; height: 120px; width: 28.9157%;\"><span style=\"color: #808000;\">Sv\u00e4t\u00e9ho Dominika, k\u0148aza<\/span><\/p>\n<p><span style=\"color: #808000;\">spomienka<\/span><\/td>\n<td style=\"text-align: center; height: 120px; width: 24.1968%;\">po\u010fakovanie a po\u017eehnanie rodiny Kuch\u0165\u00e1kovej<\/td>\n<td style=\"text-align: center; height: 120px; width: 30.1205%;\"><\/td>\n<\/tr>\n<tr style=\"height: 24px;\">\n<td style=\"text-align: center; height: 24px; width: 9.13655%;\">Streda 9.8.<\/td>\n<td style=\"text-align: center; height: 24px; width: 6.5261%;\">7:00<\/td>\n<td style=\"text-align: center; height: 24px; width: 28.9157%;\"><span style=\"color: #ff0000;\">Sv\u00e4tej Ter\u00e9zie Benedikty od Kr\u00ed\u017ea, panny a mu\u010denice, patr\u00f3nky Eur\u00f3py<\/span><\/p>\n<p><span style=\"color: #ff0000;\">sviatok<\/span><\/td>\n<td style=\"text-align: center; height: 24px; width: 24.1968%;\">za zdravie a Bo\u017eie po\u017eehnanie Bohuzn\u00e1mej rodiny<\/td>\n<td style=\"text-align: center; height: 24px; width: 30.1205%;\"><\/td>\n<\/tr>\n<tr style=\"height: 48px;\">\n<td style=\"text-align: center; height: 48px; width: 9.13655%;\">\u0160tvrtok 10.8.<\/td>\n<td style=\"text-align: center; height: 48px; width: 6.5261%;\"><span style=\"color: #000000;\">18:00<\/span><\/td>\n<td style=\"text-align: center; height: 48px; width: 28.9157%;\"><span style=\"color: #ff0000;\">Sv\u00e4t\u00e9ho Vavrinca, diakona a mu\u010den\u00edka<\/span><\/p>\n<p><span style=\"color: #ff0000;\">sviatok<\/span><\/td>\n<td style=\"text-align: center; height: 48px; width: 24.1968%;\">za Bo\u017eie po\u017eehnanie pre le\u0161en\u00e1rov<\/td>\n<td style=\"text-align: center; height: 48px; width: 30.1205%;\">ador\u00e1cia od 17:30<\/td>\n<\/tr>\n<tr style=\"height: 120px;\">\n<td style=\"text-align: center; height: 120px; width: 9.13655%;\">Piatok 11.8.<\/td>\n<td style=\"text-align: center; height: 120px; width: 6.5261%;\"><span style=\"color: #000000;\">18:00<\/span><\/td>\n<td style=\"text-align: center; height: 120px; width: 28.9157%;\"><span style=\"color: #808000;\">Sv\u00e4tej Kl\u00e1ry, panny<\/span><\/p>\n<p><span style=\"color: #808000;\">spomienka<\/span><\/td>\n<td style=\"text-align: center; height: 120px; width: 24.1968%;\">+ Zuzana a Peter<\/td>\n<td style=\"text-align: center; height: 120px; width: 30.1205%;\">&nbsp;<\/td>\n<\/tr>\n<tr style=\"height: 120px;\">\n<td style=\"text-align: center; height: 120px; width: 9.13655%;\">Sobota 12.8.<\/td>\n<td style=\"text-align: center; height: 120px; width: 6.5261%;\"><span style=\"color: #000000;\">8:00<\/span><\/td>\n<td style=\"text-align: center; height: 120px; width: 28.9157%;\"><span style=\"color: #0000ff;\">Preblahoslavenej Panny M\u00e1rie v sobotu<\/span><\/p>\n<p><span style=\"color: #0000ff;\">\u013eubovo\u013en\u00e1 spomienka<\/span><\/td>\n<td style=\"text-align: center; height: 120px; width: 24.1968%;\">za Bo\u017eie po\u017eehnanie pre rodinu Tiso\u0148ov\u00fa<\/td>\n<td style=\"text-align: center; height: 120px; width: 30.1205%;\"><\/td>\n<\/tr>\n<tr style=\"height: 136px;\">\n<td style=\"text-align: center; height: 136px; width: 9.13655%;\"><strong>Nede\u013ea 13.8.<\/strong><\/td>\n<td style=\"text-align: center; height: 136px; width: 6.5261%;\">7:00<\/p>\n<p><span style=\"color: #000000;\"><strong>8:15<\/strong><\/span><\/p>\n<p><span style=\"color: #000000;\">9:45<\/span><\/td>\n<td style=\"text-align: center; height: 136px; width: 28.9157%;\"><span style=\"color: #008000;\"><strong>19. nede\u013ea v Cezro\u010dnom obdob\u00ed<\/strong><\/span><\/td>\n<td style=\"text-align: center; height: 136px; width: 24.1968%;\">+ Helena<\/p>\n<p><span style=\"font-family: inherit; font-size: inherit;\"><strong>Bodice:<\/strong> na \u00famysel<\/span><\/p>\n<p>za veriacich<\/td>\n<td style=\"text-align: center; height: 136px; width: 30.1205%;\"><\/td>\n<\/tr>\n<\/tbody>\n<\/table>\n<\/div>\n<ul>\n<li>Bohuzm\u00e1mi na kostol obetovali 100, 20, 50, 100, 100 \u20ac. P\u00e1n Boh zapla\u0165 a po\u017eehnaj v\u0161etk\u00fdch darcov.<\/li>\n<li>ve\u013ek\u00e1 v\u010faka p\u00e1nom Ladislavovi Kolen\u010d\u00edkovi, Petrovi Slafkovsk\u00e9mu , Jurajovi T\u00f3thovi, J\u00e1novi Hunanovi a Mari\u00e1novi Povalovi za pomoc pri pr\u00e1cach na odvodnen\u00ed kostola a fary.<\/li>\n<li>o upratovanie kostola pros\u00edm rodiny Hunanov\u00fa, Adam\u010diakov\u00fa M., Slukov\u00fa a Jurisov\u00fa. Upratovanie bude v sobotu po sv. om\u0161i. P\u00e1n Boh zapla\u0165 za slu\u017ebu.<\/li>\n<\/ul>\n","protected":false},"excerpt":{"rendered":"<p>De\u0148 \u010cas Liturgick\u00fd kalend\u00e1r \u00damysel O\u010dak\u00e1vame Nede\u013ea 6.8. 7:00 8:15 9:45 18. nede\u013ea v Cezro\u010dnom obdob\u00ed Premenenie P\u00e1na sviatok za veriacich Bodice: na \u00famysel za zdravie a Bo\u017eie po\u017eehnanie pre rodinu Kr\u00fapov\u00fa Pondelok 7.8. 7:00 Pondelok 18. t\u00fd\u017ed\u0148a v Cezro\u010dnom obdob\u00ed + rodi\u010dia a star\u00ed rodi\u010dia Utorok 8.8. 18:00 Sv\u00e4t\u00e9ho Dominika, k\u0148aza spomienka po\u010fakovanie a [&hellip;]<\/p>\n","protected":false},"author":1,"featured_media":0,"comment_status":"closed","ping_status":"closed","sticky":false,"template":"","format":"standard","meta":{"_links_to":"","_links_to_target":""},"categories":[4,19],"tags":[],"_links":{"self":[{"href":"http:\/\/www.paludzka.fara.sk\/index.php?rest_route=\/wp\/v2\/posts\/3023"}],"collection":[{"href":"http:\/\/www.paludzka.fara.sk\/index.php?rest_route=\/wp\/v2\/posts"}],"about":[{"href":"http:\/\/www.paludzka.fara.sk\/index.php?rest_route=\/wp\/v2\/types\/post"}],"author":[{"embeddable":true,"href":"http:\/\/www.paludzka.fara.sk\/index.php?rest_route=\/wp\/v2\/users\/1"}],"replies":[{"embeddable":true,"href":"http:\/\/www.paludzka.fara.sk\/index.php?rest_route=%2Fwp%2Fv2%2Fcomments&post=3023"}],"version-history":[{"count":1,"href":"http:\/\/www.paludzka.fara.sk\/index.php?rest_route=\/wp\/v2\/posts\/3023\/revisions"}],"predecessor-version":[{"id":3024,"href":"http:\/\/www.paludzka.fara.sk\/index.php?rest_route=\/wp\/v2\/posts\/3023\/revisions\/3024"}],"wp:attachment":[{"href":"http:\/\/www.paludzka.fara.sk\/index.php?rest_route=%2Fwp%2Fv2%2Fmedia&parent=3023"}],"wp:term":[{"taxonomy":"category","embeddable":true,"href":"http:\/\/www.paludzka.fara.sk\/index.php?rest_route=%2Fwp%2Fv2%2Fcategories&post=3023"},{"taxonomy":"post_tag","embeddable":true,"href":"http:\/\/www.paludzka.fara.sk\/index.php?rest_route=%2Fwp%2Fv2%2Ftags&post=3023"}],"curies":[{"name":"wp","href":"https:\/\/api.w.org\/{rel}","templated":true}]}}