
{"id":299,"date":"2017-12-02T18:00:26","date_gmt":"2017-12-02T17:00:26","guid":{"rendered":"http:\/\/www.paludzka.fara.sk\/?p=299"},"modified":"2018-01-06T15:27:53","modified_gmt":"2018-01-06T14:27:53","slug":"farske-oznamy-3-12-10-12-2017","status":"publish","type":"post","link":"http:\/\/www.paludzka.fara.sk\/?p=299","title":{"rendered":"Farsk\u00e9 oznamy 3.12.-10.12.2017"},"content":{"rendered":"<h3 style=\"text-align: center;\">Liturgick\u00fd preh\u013ead a program bohoslu\u017eieb na t\u00fd\u017ede\u0148 3.12. &#8211; 10.12. 2017<\/h3>\n<div class=\"text-center\"><img decoding=\"async\" loading=\"lazy\" class=\"wp-image-308 aligncenter\" src=\"http:\/\/www.paludzka.fara.sk\/wp-content\/uploads\/2017\/12\/w1f1-294x300.png\" alt=\"\" width=\"154\" height=\"157\" srcset=\"http:\/\/www.paludzka.fara.sk\/wp-content\/uploads\/2017\/12\/w1f1-294x300.png 294w, http:\/\/www.paludzka.fara.sk\/wp-content\/uploads\/2017\/12\/w1f1-768x785.png 768w, http:\/\/www.paludzka.fara.sk\/wp-content\/uploads\/2017\/12\/w1f1-587x600.png 587w, http:\/\/www.paludzka.fara.sk\/wp-content\/uploads\/2017\/12\/w1f1.png 1000w\" sizes=\"(max-width: 154px) 100vw, 154px\" \/><\/div>\n<p><strong>Oznamy pre farsk\u00fd kostol:<\/strong><\/p>\n<div class=\"table-responsive\">\n<table class=\"table table-bordered\">\n<thead>\n<tr>\n<th style=\"text-align: center;\">d\u00e1tum<\/th>\n<th style=\"text-align: center;\">sv. om\u0161a<\/th>\n<th style=\"text-align: center;\">liturgick\u00fd de\u0148<\/th>\n<th style=\"text-align: center;\">\u00famysel<\/th>\n<\/tr>\n<\/thead>\n<tbody>\n<tr>\n<td style=\"text-align: center;\"><strong>Nede\u013ea 3.12.<\/strong><\/td>\n<td style=\"text-align: center;\"><strong>9:30<\/strong><\/td>\n<td style=\"text-align: center;\"><strong>1. adventn\u00e1 nede\u013ea<\/strong><\/td>\n<td style=\"text-align: center;\"><strong>za farnos\u0165<\/strong><\/td>\n<\/tr>\n<tr>\n<td style=\"text-align: center;\">Pondelok 4.12.<\/td>\n<td style=\"text-align: center;\">18:00<\/td>\n<td style=\"text-align: center;\">Pondelok po 1. adventnej nedeli<\/td>\n<td style=\"text-align: center;\">+<\/td>\n<\/tr>\n<tr>\n<td style=\"text-align: center;\">Utorok 5.12.<\/td>\n<td style=\"text-align: center;\">18:00<\/td>\n<td style=\"text-align: center;\">Utorok po 1. adventnej nedeli<\/td>\n<td style=\"text-align: center;\">+<\/td>\n<\/tr>\n<tr>\n<td style=\"text-align: center;\">Streda 6.12.<\/td>\n<td style=\"text-align: center;\">18:00<\/td>\n<td style=\"text-align: center;\">Sv\u00e4t\u00e9ho Mikul\u00e1\u0161a, biskupa<\/td>\n<td style=\"text-align: center;\">+<\/td>\n<\/tr>\n<tr>\n<td style=\"text-align: center;\">\u0160tvrtok 7.12.<\/td>\n<td style=\"text-align: center;\">7:00<\/td>\n<td style=\"text-align: center;\">Sv\u00e4t\u00e9ho Ambr\u00f3za,<\/p>\n<p>biskupa a u\u010dite\u013ea Cirkvi<\/td>\n<td style=\"text-align: center;\">+<\/td>\n<\/tr>\n<tr>\n<td style=\"text-align: center;\"><strong>Piatok 8.12.<\/strong><\/td>\n<td style=\"text-align: center;\"><strong>18:00<\/strong><\/td>\n<td style=\"text-align: center;\"><strong>Nepo\u0161kvrnen\u00e9 po\u010datie Panny M\u00e1rie<\/strong><\/p>\n<p><strong>V\u00fdro\u010die posviacky farsk\u00e9ho kostola<\/strong><\/td>\n<td style=\"text-align: center;\">+<\/td>\n<\/tr>\n<tr>\n<td style=\"text-align: center;\">Sobota 9.12.<\/td>\n<td style=\"text-align: center;\">nebude<\/td>\n<td style=\"text-align: center;\">Panny M\u00e1rie v sobotu<\/td>\n<td style=\"text-align: center;\">+<\/td>\n<\/tr>\n<tr>\n<td style=\"text-align: center;\"><strong>Nede\u013ea 10.12.<\/strong><\/td>\n<td style=\"text-align: center;\"><strong>9:30<\/strong><\/td>\n<td style=\"text-align: center;\"><strong>2. adventn\u00e1 nede\u013ea<\/strong><\/td>\n<td style=\"text-align: center;\"><strong>za farnos\u0165<\/strong><\/td>\n<\/tr>\n<\/tbody>\n<\/table>\n<\/div>\n<p><strong>Oznamy pre fili\u00e1lku Bodice:<\/strong><\/p>\n<div class=\"table-responsive\">\n<table class=\"table table-bordered\">\n<thead>\n<tr>\n<th style=\"text-align: center;\">d\u00e1tum<\/th>\n<th style=\"text-align: center;\">sv. om\u0161a<\/th>\n<th style=\"text-align: center;\">liturgick\u00fd de\u0148<\/th>\n<\/tr>\n<\/thead>\n<tbody>\n<tr>\n<td style=\"text-align: center;\"><strong>Nede\u013ea 3.12.<\/strong><\/td>\n<td style=\"text-align: center;\"><strong>8:00<\/strong><\/td>\n<td style=\"text-align: center;\"><strong>1. adventn\u00e1 nede\u013ea\u00a0<\/strong><\/td>\n<\/tr>\n<tr style=\"height: 24px;\">\n<td style=\"text-align: center;\"><strong>Piatok 8.12.<\/strong><\/td>\n<td style=\"text-align: center;\"><strong>17:00<\/strong><\/td>\n<td style=\"text-align: center;\"><strong>Nepo\u0161kvrnen\u00e9 po\u010datie Panny M\u00e1rie<\/strong><\/td>\n<\/tr>\n<tr style=\"height: 24px;\">\n<td style=\"text-align: center;\"><strong>Nede\u013ea 10.12.<\/strong><\/td>\n<td style=\"text-align: center;\"><strong>8:00<\/strong><\/td>\n<td style=\"text-align: center;\"><strong>2. adventn\u00e1 nede\u013ea\u00a0<\/strong><\/td>\n<\/tr>\n<\/tbody>\n<\/table>\n<\/div>\n<p><strong>Oznamy pre kaplnku v nemocnici:<\/strong><\/p>\n<div class=\"table-responsive\">\n<table class=\"table table-bordered\">\n<thead>\n<tr>\n<th style=\"text-align: center;\">d\u00e1tum<\/th>\n<th style=\"text-align: center;\">sv. om\u0161a<\/th>\n<th style=\"text-align: center;\">liturgick\u00fd de\u0148<\/th>\n<\/tr>\n<\/thead>\n<tbody>\n<tr>\n<td style=\"text-align: center;\"><strong>Nede\u013ea 3.12.<\/strong><\/td>\n<td style=\"text-align: center;\"><strong>11:00<\/strong><\/td>\n<td style=\"text-align: center;\"><strong>1. adventn\u00e1 nede\u013ea<\/strong><\/td>\n<\/tr>\n<tr>\n<td style=\"text-align: center;\"><strong>Nede\u013ea 10.12.<\/strong><\/td>\n<td style=\"text-align: center;\"><b>11:00<\/b><\/td>\n<td style=\"text-align: center;\"><strong>2. adventn\u00e1 nede\u013ea\u00a0<\/strong><\/td>\n<\/tr>\n<\/tbody>\n<\/table>\n<\/div>\n<p><strong>V\u0161eobecn\u00e9 oznamy:<\/strong><\/p>\n<ul>\n<li>v tomto t\u00fd\u017edni sl\u00e1vime sviatok Nepo\u0161kvrnen\u00e9ho po\u010datia Panny M\u00e1rie, ktor\u00fd je v piatok 8.12. Om\u0161e bud\u00fa v Pal\u00fadzke o 18:00, v Bodiciach o 17:00<\/li>\n<li>spevokol det\u00ed bude ma\u0165 n\u00e1cvik v piatok po skon\u010den\u00ed sv. om\u0161e<\/li>\n<li>spevokol dospel\u00fdch bude ma\u0165 n\u00e1cvik v pondelok po skon\u010den\u00ed sv. om\u0161e<\/li>\n<li>upratovanie kostola v tomto t\u00fd\u017edni: Koh\u00fatov\u00e1, Bla\u0161t\u00edkov\u00e1, \u010con\u010dolov\u00e1, Baranov\u00e1<\/li>\n<li>Poz\u00fdvame v\u0161etky deti, ml\u00e1de\u017e aj dospel\u00fdch na stretnutie s Mikul\u00e1\u0161om, ktor\u00e9 sa bude kona\u0165 bud\u00facu nede\u013eu o 14:00<\/li>\n<li>viano\u010dn\u00e9 spovedanie bude 22.12. od 15:30 do 17:30 v oboch kostoloch s\u00fa\u010dasne (v Pal\u00fadzke aj v Bodiciach)<\/li>\n<\/ul>\n","protected":false},"excerpt":{"rendered":"<p>Liturgick\u00fd preh\u013ead a program bohoslu\u017eieb na t\u00fd\u017ede\u0148 3.12. &#8211; 10.12. 2017 Oznamy pre farsk\u00fd kostol: d\u00e1tum sv. om\u0161a liturgick\u00fd de\u0148 \u00famysel Nede\u013ea 3.12. 9:30 1. adventn\u00e1 nede\u013ea za farnos\u0165 Pondelok 4.12. 18:00 Pondelok po 1. adventnej nedeli + Utorok 5.12. 18:00 Utorok po 1. adventnej nedeli + Streda 6.12. 18:00 Sv\u00e4t\u00e9ho Mikul\u00e1\u0161a, biskupa + \u0160tvrtok [&hellip;]<\/p>\n","protected":false},"author":1,"featured_media":0,"comment_status":"open","ping_status":"open","sticky":false,"template":"","format":"standard","meta":{"_links_to":"","_links_to_target":""},"categories":[4,19],"tags":[],"_links":{"self":[{"href":"http:\/\/www.paludzka.fara.sk\/index.php?rest_route=\/wp\/v2\/posts\/299"}],"collection":[{"href":"http:\/\/www.paludzka.fara.sk\/index.php?rest_route=\/wp\/v2\/posts"}],"about":[{"href":"http:\/\/www.paludzka.fara.sk\/index.php?rest_route=\/wp\/v2\/types\/post"}],"author":[{"embeddable":true,"href":"http:\/\/www.paludzka.fara.sk\/index.php?rest_route=\/wp\/v2\/users\/1"}],"replies":[{"embeddable":true,"href":"http:\/\/www.paludzka.fara.sk\/index.php?rest_route=%2Fwp%2Fv2%2Fcomments&post=299"}],"version-history":[{"count":10,"href":"http:\/\/www.paludzka.fara.sk\/index.php?rest_route=\/wp\/v2\/posts\/299\/revisions"}],"predecessor-version":[{"id":350,"href":"http:\/\/www.paludzka.fara.sk\/index.php?rest_route=\/wp\/v2\/posts\/299\/revisions\/350"}],"wp:attachment":[{"href":"http:\/\/www.paludzka.fara.sk\/index.php?rest_route=%2Fwp%2Fv2%2Fmedia&parent=299"}],"wp:term":[{"taxonomy":"category","embeddable":true,"href":"http:\/\/www.paludzka.fara.sk\/index.php?rest_route=%2Fwp%2Fv2%2Fcategories&post=299"},{"taxonomy":"post_tag","embeddable":true,"href":"http:\/\/www.paludzka.fara.sk\/index.php?rest_route=%2Fwp%2Fv2%2Ftags&post=299"}],"curies":[{"name":"wp","href":"https:\/\/api.w.org\/{rel}","templated":true}]}}