
{"id":2977,"date":"2023-07-30T00:00:21","date_gmt":"2023-07-29T22:00:21","guid":{"rendered":"http:\/\/www.paludzka.fara.sk\/?p=2977"},"modified":"2023-07-29T21:34:15","modified_gmt":"2023-07-29T19:34:15","slug":"farske-oznamy-30-7-6-8-2023","status":"publish","type":"post","link":"http:\/\/www.paludzka.fara.sk\/?p=2977","title":{"rendered":"Farsk\u00e9 oznamy 30.7.-6.8.2023"},"content":{"rendered":"<div class=\"table-responsive\">\n<table class=\"table table-bordered\" style=\"width: 100%; height: 776px;\">\n<thead>\n<tr style=\"height: 24px;\">\n<th style=\"text-align: center; height: 24px; width: 9.13655%;\">De\u0148<\/th>\n<th style=\"text-align: center; height: 24px; width: 6.5261%;\">\u010cas<\/th>\n<th style=\"text-align: center; height: 24px; width: 28.9157%;\">Liturgick\u00fd kalend\u00e1r<\/th>\n<th style=\"text-align: center; height: 24px; width: 24.1968%;\">\u00damysel<\/th>\n<th style=\"text-align: center; height: 24px; width: 30.1205%;\">O\u010dak\u00e1vame<\/th>\n<\/tr>\n<\/thead>\n<tbody>\n<tr style=\"height: 136px;\">\n<td style=\"text-align: center; height: 136px; width: 9.13655%;\"><strong>Nede\u013ea 30.7.<\/strong><\/td>\n<td style=\"text-align: center; height: 136px; width: 6.5261%;\">7:00<\/p>\n<p><span style=\"color: #000000;\"><strong>8:15<\/strong><\/span><\/p>\n<p><span style=\"color: #000000;\">9:45<\/span><\/td>\n<td style=\"text-align: center; height: 136px; width: 28.9157%;\"><span style=\"color: #008000;\"><strong>17. nede\u013ea v Cezro\u010dnom obdob\u00ed<\/strong><\/span><\/td>\n<td style=\"text-align: center; height: 136px; width: 24.1968%;\">+ rodi\u010dia Petra a Anny<\/p>\n<p><span style=\"font-family: inherit; font-size: inherit;\"><strong>Bodice:<\/strong> na \u00famysel<\/span><\/p>\n<p>za veriacich<\/td>\n<td style=\"text-align: center; height: 136px; width: 30.1205%;\"><\/td>\n<\/tr>\n<tr style=\"height: 48px;\">\n<td style=\"text-align: center; height: 48px; width: 9.13655%;\">Pondelok 31.7.<\/td>\n<td style=\"text-align: center; height: 48px; width: 6.5261%;\"><span style=\"color: #ff0000;\"><strong>nebude<\/strong><\/span><\/td>\n<td style=\"text-align: center; height: 48px; width: 28.9157%;\"><span style=\"color: #808000;\">Sv\u00e4t\u00e9ho Ign\u00e1ca z Loyoly, k\u0148aza<\/span><\/p>\n<p><span style=\"color: #808000;\">spomienka<\/span><\/td>\n<td style=\"text-align: center; height: 48px; width: 24.1968%;\"><\/td>\n<td style=\"text-align: center; height: 48px; width: 30.1205%;\"><\/td>\n<\/tr>\n<tr style=\"height: 120px;\">\n<td style=\"text-align: center; height: 120px; width: 9.13655%;\">Utorok 1.8.<\/td>\n<td style=\"text-align: center; height: 120px; width: 6.5261%;\">18:00<\/td>\n<td style=\"text-align: center; height: 120px; width: 28.9157%;\"><span style=\"color: #808000;\">Sv\u00e4t\u00e9ho Alfonza M\u00e1riu de\u2019 Liguori, biskupa a u\u010dite\u013ea Cirkvi<\/span><\/p>\n<p><span style=\"color: #808000;\">spomienka<\/span><\/td>\n<td style=\"text-align: center; height: 120px; width: 24.1968%;\">za deti<\/td>\n<td style=\"text-align: center; height: 120px; width: 30.1205%;\">vysluhovanie sviatosti zmierenia od 17:00<\/td>\n<\/tr>\n<tr style=\"height: 24px;\">\n<td style=\"text-align: center; height: 24px; width: 9.13655%;\">Streda 2.8.<\/td>\n<td style=\"text-align: center; height: 24px; width: 6.5261%;\">7:00<\/td>\n<td style=\"text-align: center; height: 24px; width: 28.9157%;\"><span style=\"color: #008000;\">Streda 17. t\u00fd\u017ed\u0148a v Cezro\u010dnom obdob\u00ed<\/span><\/td>\n<td style=\"text-align: center; height: 24px; width: 24.1968%;\">za Bo\u017eie po\u017eehnanie s zdravie M\u00e1rie \u2013 det\u00ed a vn\u00fa\u010dat<\/td>\n<td style=\"text-align: center; height: 24px; width: 30.1205%;\">Porcinkulov\u00e9 \u00fapln\u00e9 odpustky \u2013 Modlitba Ot\u010de n\u00e1\u0161, Ver\u00edm v Boha po\u010das n\u00e1v\u0161tevy farsk\u00e9ho kostola<\/td>\n<\/tr>\n<tr style=\"height: 48px;\">\n<td style=\"text-align: center; height: 48px; width: 9.13655%;\">\u0160tvrtok 3.8.<\/td>\n<td style=\"text-align: center; height: 48px; width: 6.5261%;\"><span style=\"color: #000000;\">18:00<\/span><\/td>\n<td style=\"text-align: center; height: 48px; width: 28.9157%;\"><span style=\"color: #008000;\">\u0160tvrtok 17. t\u00fd\u017ed\u0148a v Cezro\u010dnom obdob\u00ed<\/span><\/td>\n<td style=\"text-align: center; height: 48px; width: 24.1968%;\">+ Bo\u017eena Kub\u00e1\u0148ov\u00e1<\/td>\n<td style=\"text-align: center; height: 48px; width: 30.1205%;\">ador\u00e1cia od 17:00 &#8211; za duchovn\u00e9 povolania<\/p>\n<p>vysluhovanie sviatosti zmierenia od 17:00<\/td>\n<\/tr>\n<tr style=\"height: 120px;\">\n<td style=\"text-align: center; height: 120px; width: 9.13655%;\">Piatok 4.8.<\/td>\n<td style=\"text-align: center; height: 120px; width: 6.5261%;\"><strong>17:00<\/strong><\/p>\n<p><span style=\"color: #000000;\">18:00<\/span><\/td>\n<td style=\"text-align: center; height: 120px; width: 28.9157%;\"><span style=\"color: #808000;\">Sv\u00e4t\u00e9ho J\u00e1na M\u00e1riu Vianneya, k\u0148aza<\/span><\/p>\n<p><span style=\"color: #808000;\">spomienka<\/span><\/p>\n<p><span style=\"color: #ff0000;\">Prv\u00fd piatok<\/span><\/td>\n<td style=\"text-align: center; height: 120px; width: 24.1968%;\"><strong>Bodice:<\/strong> na \u00famysel<\/p>\n<p>za zdravie a Bo\u017eie po\u017eehnanie Moniky a Stanislava<\/td>\n<td style=\"text-align: center; height: 120px; width: 30.1205%;\">n\u00e1v\u0161teva chor\u00fdch od 8:00<\/p>\n<p><strong>Bodice<\/strong>: sv. zmierenia od 16:15<\/td>\n<\/tr>\n<tr style=\"height: 120px;\">\n<td style=\"text-align: center; height: 120px; width: 9.13655%;\">Sobota 5.8.<\/td>\n<td style=\"text-align: center; height: 120px; width: 6.5261%;\"><span style=\"color: #000000;\">8:00<\/span><\/td>\n<td style=\"text-align: center; height: 120px; width: 28.9157%;\"><span style=\"color: #0000ff;\">O preblahoslavenej Panne M\u00e1rii<\/span><\/td>\n<td style=\"text-align: center; height: 120px; width: 24.1968%;\">+ Vendel\u00edn a rodi\u010dia<\/td>\n<td style=\"text-align: center; height: 120px; width: 30.1205%;\">Prv\u00e1 sobota \u2013 fatimsk\u00e1 sobota 7:30<\/td>\n<\/tr>\n<tr style=\"height: 136px;\">\n<td style=\"text-align: center; height: 136px; width: 9.13655%;\"><strong>Nede\u013ea 6.8.<\/strong><\/td>\n<td style=\"text-align: center; height: 136px; width: 6.5261%;\">7:00<\/p>\n<p><span style=\"color: #000000;\"><strong>8:15<\/strong><\/span><\/p>\n<p><span style=\"color: #000000;\">9:45<\/span><\/td>\n<td style=\"text-align: center; height: 136px; width: 28.9157%;\"><strong><span style=\"color: #808000;\">Premenenie P\u00e1na<\/span><\/strong><\/p>\n<p><span style=\"color: #808000;\">sviatok<\/span><\/td>\n<td style=\"text-align: center; height: 136px; width: 24.1968%;\">za veriacich<\/p>\n<p><span style=\"font-family: inherit; font-size: inherit;\"><strong>Bodice:<\/strong> na \u00famysel<\/span><\/p>\n<p>za zdravie a Bo\u017eie po\u017eehnanie pre rodinu Kr\u00fapov\u00fa<\/td>\n<td style=\"text-align: center; height: 136px; width: 30.1205%;\"><\/td>\n<\/tr>\n<\/tbody>\n<\/table>\n<\/div>\n<ul>\n<li>Bohuzm\u00e1mi na kostol obetovali 100, 33 a 50 \u20ac. Bohuzn\u00e1mi zo Zuberca darovali 100 a 100 \u20ac. Z krstu Sofie Porubskej na kostol obetovali 100 \u20ac. P\u00e1n Boh zapla\u0165 a po\u017eehnaj v\u0161etk\u00fdch darcov.<\/li>\n<li>ve\u013ek\u00e1 v\u010faka p\u00e1nom J\u00e1novi \u0160kvarkovi, J\u00e1novi a Jozefovi Metejov\u00fdm za obnovu kr\u00ed\u017ea a vyma\u013eovanie ohrady okolo kr\u00ed\u017ea pri kostole v Bodiciach.<\/li>\n<li>o upratovanie kostola pros\u00edm rodiny Badl\u00edkov\u00fa, Kuskov\u00fa, Plevov\u00fa, Tur\u010dinov\u00fa a Je\u017eov\u00fa. Upratovanie bude v sobotu po sv. om\u0161i. P\u00e1n Boh zapla\u0165 za slu\u017ebu.<\/li>\n<\/ul>\n","protected":false},"excerpt":{"rendered":"<p>De\u0148 \u010cas Liturgick\u00fd kalend\u00e1r \u00damysel O\u010dak\u00e1vame Nede\u013ea 30.7. 7:00 8:15 9:45 17. nede\u013ea v Cezro\u010dnom obdob\u00ed + rodi\u010dia Petra a Anny Bodice: na \u00famysel za veriacich Pondelok 31.7. nebude Sv\u00e4t\u00e9ho Ign\u00e1ca z Loyoly, k\u0148aza spomienka Utorok 1.8. 18:00 Sv\u00e4t\u00e9ho Alfonza M\u00e1riu de\u2019 Liguori, biskupa a u\u010dite\u013ea Cirkvi spomienka za deti vysluhovanie sviatosti zmierenia od 17:00 [&hellip;]<\/p>\n","protected":false},"author":1,"featured_media":0,"comment_status":"closed","ping_status":"closed","sticky":false,"template":"","format":"standard","meta":{"_links_to":"","_links_to_target":""},"categories":[4,19],"tags":[],"_links":{"self":[{"href":"http:\/\/www.paludzka.fara.sk\/index.php?rest_route=\/wp\/v2\/posts\/2977"}],"collection":[{"href":"http:\/\/www.paludzka.fara.sk\/index.php?rest_route=\/wp\/v2\/posts"}],"about":[{"href":"http:\/\/www.paludzka.fara.sk\/index.php?rest_route=\/wp\/v2\/types\/post"}],"author":[{"embeddable":true,"href":"http:\/\/www.paludzka.fara.sk\/index.php?rest_route=\/wp\/v2\/users\/1"}],"replies":[{"embeddable":true,"href":"http:\/\/www.paludzka.fara.sk\/index.php?rest_route=%2Fwp%2Fv2%2Fcomments&post=2977"}],"version-history":[{"count":1,"href":"http:\/\/www.paludzka.fara.sk\/index.php?rest_route=\/wp\/v2\/posts\/2977\/revisions"}],"predecessor-version":[{"id":2978,"href":"http:\/\/www.paludzka.fara.sk\/index.php?rest_route=\/wp\/v2\/posts\/2977\/revisions\/2978"}],"wp:attachment":[{"href":"http:\/\/www.paludzka.fara.sk\/index.php?rest_route=%2Fwp%2Fv2%2Fmedia&parent=2977"}],"wp:term":[{"taxonomy":"category","embeddable":true,"href":"http:\/\/www.paludzka.fara.sk\/index.php?rest_route=%2Fwp%2Fv2%2Fcategories&post=2977"},{"taxonomy":"post_tag","embeddable":true,"href":"http:\/\/www.paludzka.fara.sk\/index.php?rest_route=%2Fwp%2Fv2%2Ftags&post=2977"}],"curies":[{"name":"wp","href":"https:\/\/api.w.org\/{rel}","templated":true}]}}