
{"id":2942,"date":"2023-07-23T00:00:21","date_gmt":"2023-07-22T22:00:21","guid":{"rendered":"http:\/\/www.paludzka.fara.sk\/?p=2942"},"modified":"2023-07-22T23:32:15","modified_gmt":"2023-07-22T21:32:15","slug":"farske-oznamy-23-7-30-7-2023","status":"publish","type":"post","link":"http:\/\/www.paludzka.fara.sk\/?p=2942","title":{"rendered":"Farsk\u00e9 oznamy 23.7.-30.7.2023"},"content":{"rendered":"<div class=\"table-responsive\">\n<table class=\"table table-bordered\" style=\"width: 100%; height: 776px;\">\n<thead>\n<tr style=\"height: 24px;\">\n<th style=\"text-align: center; height: 24px;\">De\u0148<\/th>\n<th style=\"text-align: center; height: 24px;\">\u010cas<\/th>\n<th style=\"text-align: center; height: 24px;\">Liturgick\u00fd kalend\u00e1r<\/th>\n<th style=\"text-align: center; height: 24px;\">\u00damysel<\/th>\n<th style=\"text-align: center; height: 24px;\">O\u010dak\u00e1vame<\/th>\n<\/tr>\n<\/thead>\n<tbody>\n<tr style=\"height: 136px;\">\n<td style=\"text-align: center; height: 136px;\"><strong>Nede\u013ea 23.7.<\/strong><\/td>\n<td style=\"text-align: center; height: 136px;\">7:00<\/p>\n<p><span style=\"color: #000000;\"><strong>8:15<\/strong><\/span><\/p>\n<p><span style=\"color: #000000;\">9:45<\/span><\/td>\n<td style=\"text-align: center; height: 136px;\"><span style=\"color: #008000;\"><strong>16. nede\u013ea v Cezro\u010dnom obdob\u00ed<\/strong><\/span><\/td>\n<td style=\"text-align: center; height: 136px;\">za veriacich<\/p>\n<p><span style=\"font-family: inherit; font-size: inherit;\"><strong>Bodice:<\/strong> na \u00famysel<\/span><\/p>\n<p>za sp\u00e1su du\u0161e \u017eiv\u00fdch a zomrel\u00fdch pr\u00edbuzn\u00fdch a priate\u013eov<\/td>\n<td style=\"text-align: center; height: 136px;\"><\/td>\n<\/tr>\n<tr style=\"height: 48px;\">\n<td style=\"text-align: center; height: 48px;\">Pondelok 24.7.<\/td>\n<td style=\"text-align: center; height: 48px;\">18:00<\/td>\n<td style=\"text-align: center; height: 48px;\"><span style=\"color: #808000;\">Sv\u00e4t\u00e9ho \u0160arbela Machl\u00fafa, k\u0148aza<\/span><\/p>\n<p><span style=\"color: #808000;\">\u013eubovo\u013en\u00e1 spomienka<\/span><\/td>\n<td style=\"text-align: center; height: 48px;\">+ Vincent a Pavl\u00edna<\/td>\n<td style=\"text-align: center; height: 48px;\">po sv. om\u0161i pomazanie olejom sv. \u0160arbela<\/td>\n<\/tr>\n<tr style=\"height: 120px;\">\n<td style=\"text-align: center; height: 120px;\">Utorok 25.7.<\/td>\n<td style=\"text-align: center; height: 120px;\">18:00<\/td>\n<td style=\"text-align: center; height: 120px;\"><span style=\"color: #ff0000;\">Sv\u00e4t\u00e9ho Jakuba, apo\u0161tola<\/span><\/p>\n<p><span style=\"color: #ff0000;\">sviatok<\/span><\/td>\n<td style=\"text-align: center; height: 120px;\">za zdravie syna<\/td>\n<td style=\"text-align: center; height: 120px;\"><\/td>\n<\/tr>\n<tr style=\"height: 24px;\">\n<td style=\"text-align: center; height: 24px;\">Streda 26.7.<\/td>\n<td style=\"text-align: center; height: 24px;\">7:00<\/td>\n<td style=\"text-align: center; height: 24px;\"><span style=\"color: #808000;\">Sv\u00e4t\u00fdch Joachima a Anny, rodi\u010dov preblahoslavenej Panny M\u00e1rie<\/span><\/p>\n<p><span style=\"color: #808000;\">spomienka<\/span><\/td>\n<td style=\"text-align: center; height: 24px;\">za obr\u00e1tenie det\u00ed a vn\u00fa\u010dat<\/td>\n<td style=\"text-align: center; height: 24px;\"><\/td>\n<\/tr>\n<tr style=\"height: 48px;\">\n<td style=\"text-align: center; height: 48px;\">\u0160tvrtok 27.7.<\/td>\n<td style=\"text-align: center; height: 48px;\"><span style=\"color: #000000;\">18:00<\/span><\/td>\n<td style=\"text-align: center; height: 48px;\"><span style=\"color: #808000;\">Sv\u00e4t\u00fdch Gorazda a spolo\u010dn\u00edkov<\/span><\/p>\n<p><span style=\"color: #808000;\">spomienka<\/span><\/td>\n<td style=\"text-align: center; height: 48px;\">+ \u0161vagrov a \u0161vagrin\u00e9<\/td>\n<td style=\"text-align: center; height: 48px;\">ador\u00e1cia od 17:00<\/td>\n<\/tr>\n<tr style=\"height: 120px;\">\n<td style=\"text-align: center; height: 120px;\">Piatok 28.7.<\/td>\n<td style=\"text-align: center; height: 120px;\"><span style=\"color: #000000;\">18:00<\/span><\/td>\n<td style=\"text-align: center; height: 120px;\"><span style=\"color: #008000;\">Piatok 16. t\u00fd\u017ed\u0148a v Cezro\u010dnom obdob\u00ed<\/span><\/td>\n<td style=\"text-align: center; height: 120px;\">+ J\u00e1n \u017dmijovsk\u00fd<\/td>\n<td style=\"text-align: center; height: 120px;\"><\/td>\n<\/tr>\n<tr style=\"height: 120px;\">\n<td style=\"text-align: center; height: 120px;\">Sobota 29.7.<\/td>\n<td style=\"text-align: center; height: 120px;\"><span style=\"color: #000000;\">8:00<\/span><\/td>\n<td style=\"text-align: center; height: 120px;\"><span style=\"color: #808000;\">Sv\u00e4t\u00fdch Marty, M\u00e1rie a Laz\u00e1ra<\/span><\/p>\n<p><span style=\"color: #808000;\">spomienka<\/span><\/td>\n<td style=\"text-align: center; height: 120px;\">+ \u0160tefan, Vlasta, Edita a Anna<\/td>\n<td style=\"text-align: center; height: 120px;\"><\/td>\n<\/tr>\n<tr style=\"height: 136px;\">\n<td style=\"text-align: center; height: 136px;\"><strong>Nede\u013ea 30.7.<\/strong><\/td>\n<td style=\"text-align: center; height: 136px;\">7:00<\/p>\n<p><span style=\"color: #000000;\"><strong>8:15<\/strong><\/span><\/p>\n<p><span style=\"color: #000000;\">9:45<\/span><\/td>\n<td style=\"text-align: center; height: 136px;\"><span style=\"color: #008000;\"><strong>17. nede\u013ea v Cezro\u010dnom obdob\u00ed<\/strong><\/span><\/td>\n<td style=\"text-align: center; height: 136px;\">+ rodi\u010dia Petra a Anny<\/p>\n<p><span style=\"font-family: inherit; font-size: inherit;\"><strong>Bodice:<\/strong> na \u00famysel<\/span><\/p>\n<p>za veriacich<\/td>\n<td style=\"text-align: center; height: 136px;\"><\/td>\n<\/tr>\n<\/tbody>\n<\/table>\n<\/div>\n<ul>\n<li>v dne\u0161n\u00fa nede\u013eu je 3. Svetov\u00fd de\u0148 star\u00fdch rodi\u010dov a seniorov s t\u00e9mou \u201eJeho milosrdenstvo trv\u00e1 z pokolenia na pokolenie\u201c. V tento de\u0148 sa odpor\u00fa\u010da zvl\u00e1\u0161tnu pozornos\u0165 venova\u0165 seniorom, nav\u0161t\u00edvi\u0165 ich a pod. Pri sv. om\u0161iach budeme tie\u017e na nich zvl\u00e1\u0161\u0165 myslie\u0165. Je mo\u017en\u00e9 z\u00edska\u0165 \u00faplne odpustky za t\u00fdchto podmienok:\n<ul>\n<li>star\u0161\u00ed \u013eudia m\u00f4\u017eu z\u00edska\u0165 odpustky \u00fa\u010das\u0165ou na jednej zo sv\u00e4t\u00fdch om\u0161\u00ed sl\u00e1ven\u00fdch pri pr\u00edle\u017eitosti tohto d\u0148a (m\u00f4\u017ee to by\u0165 aj prostredn\u00edctvom telev\u00edzie, rozhlasu alebo internetu)<\/li>\n<li>ostatn\u00ed, ktor\u00ed pri pr\u00edle\u017eitosti tohto d\u0148a vykonaj\u00fa \u201eskutok milosrdenstva\u201c t\u00fdm, \u017ee nav\u0161t\u00edvia star\u00e9ho \u010dloveka.<\/li>\n<li>potrebn\u00e9 s\u00fa obvykl\u00e9 podmienky: sv. spove\u010f, sv. prij\u00edmania a modlitba na \u00famysel sv. Otca.<\/li>\n<\/ul>\n<\/li>\n<li>za lavicami v kostole je na predaj kniha: Kr\u00e1sa \u017eivota s Bohom za 5 \u20ac. Autor je vdp. Martin Kolej\u00e1k, profesor mor\u00e1lnej teol\u00f3gie v na\u0161om semin\u00e1ri. Odpor\u00fa\u010dam.<\/li>\n<li>Bohuzm\u00e1ma na ma\u013eovanie kostola v Pal\u00fadzke obetovala 200 \u20ac. Z ru\u017eencov\u00e9ho spolo\u010denstva na ma\u013eovanie kostola darovali 150 \u20ac. Z krstu \u0160imona Matlo\u0148a a Krist\u00edny Mazurekovej darovali na kostol 50 a 60 \u20ac.<\/li>\n<li>v zbierke na kostol sa vyzbieralo v Bodiciach 325 \u20ac a v Pal\u00fadzke 1180 \u20ac. P\u00e1n Boh zapla\u0165 za va\u0161e \u0161tedr\u00e9 srdcia.<\/li>\n<li>o upratovanie kostola pros\u00edm rodiny Ra\u010dkov\u00fa, Mra\u010dnov\u00fa, Tk\u00e1\u010dov\u00fa a Gub\u00e1\u0161ov\u00fa. Upratovanie bude v sobotu po sv. om\u0161i. P\u00e1n Boh zapla\u0165 za slu\u017ebu.<\/li>\n<\/ul>\n","protected":false},"excerpt":{"rendered":"<p>De\u0148 \u010cas Liturgick\u00fd kalend\u00e1r \u00damysel O\u010dak\u00e1vame Nede\u013ea 23.7. 7:00 8:15 9:45 16. nede\u013ea v Cezro\u010dnom obdob\u00ed za veriacich Bodice: na \u00famysel za sp\u00e1su du\u0161e \u017eiv\u00fdch a zomrel\u00fdch pr\u00edbuzn\u00fdch a priate\u013eov Pondelok 24.7. 18:00 Sv\u00e4t\u00e9ho \u0160arbela Machl\u00fafa, k\u0148aza \u013eubovo\u013en\u00e1 spomienka + Vincent a Pavl\u00edna po sv. om\u0161i pomazanie olejom sv. \u0160arbela Utorok 25.7. 18:00 Sv\u00e4t\u00e9ho Jakuba, [&hellip;]<\/p>\n","protected":false},"author":1,"featured_media":0,"comment_status":"closed","ping_status":"closed","sticky":false,"template":"","format":"standard","meta":{"_links_to":"","_links_to_target":""},"categories":[4,19],"tags":[],"_links":{"self":[{"href":"http:\/\/www.paludzka.fara.sk\/index.php?rest_route=\/wp\/v2\/posts\/2942"}],"collection":[{"href":"http:\/\/www.paludzka.fara.sk\/index.php?rest_route=\/wp\/v2\/posts"}],"about":[{"href":"http:\/\/www.paludzka.fara.sk\/index.php?rest_route=\/wp\/v2\/types\/post"}],"author":[{"embeddable":true,"href":"http:\/\/www.paludzka.fara.sk\/index.php?rest_route=\/wp\/v2\/users\/1"}],"replies":[{"embeddable":true,"href":"http:\/\/www.paludzka.fara.sk\/index.php?rest_route=%2Fwp%2Fv2%2Fcomments&post=2942"}],"version-history":[{"count":1,"href":"http:\/\/www.paludzka.fara.sk\/index.php?rest_route=\/wp\/v2\/posts\/2942\/revisions"}],"predecessor-version":[{"id":2943,"href":"http:\/\/www.paludzka.fara.sk\/index.php?rest_route=\/wp\/v2\/posts\/2942\/revisions\/2943"}],"wp:attachment":[{"href":"http:\/\/www.paludzka.fara.sk\/index.php?rest_route=%2Fwp%2Fv2%2Fmedia&parent=2942"}],"wp:term":[{"taxonomy":"category","embeddable":true,"href":"http:\/\/www.paludzka.fara.sk\/index.php?rest_route=%2Fwp%2Fv2%2Fcategories&post=2942"},{"taxonomy":"post_tag","embeddable":true,"href":"http:\/\/www.paludzka.fara.sk\/index.php?rest_route=%2Fwp%2Fv2%2Ftags&post=2942"}],"curies":[{"name":"wp","href":"https:\/\/api.w.org\/{rel}","templated":true}]}}