
{"id":293,"date":"2017-11-25T18:00:07","date_gmt":"2017-11-25T17:00:07","guid":{"rendered":"http:\/\/www.paludzka.fara.sk\/?p=293"},"modified":"2017-11-27T22:13:46","modified_gmt":"2017-11-27T21:13:46","slug":"farske-oznamy-26-11-3-12-2017","status":"publish","type":"post","link":"http:\/\/www.paludzka.fara.sk\/?p=293","title":{"rendered":"Farsk\u00e9 oznamy 26.11.-3.12.2017"},"content":{"rendered":"<h3 style=\"text-align: center;\">Liturgick\u00fd preh\u013ead a program bohoslu\u017eieb na t\u00fd\u017ede\u0148 26.11. &#8211; 3.12. 2017<\/h3>\n<p><strong>Oznamy pre farsk\u00fd kostol:<\/strong><\/p>\n<div class=\"table-responsive\">\n<table class=\"table table-bordered\">\n<thead>\n<tr>\n<th style=\"text-align: center;\">d\u00e1tum<\/th>\n<th style=\"text-align: center;\">sv. om\u0161a<\/th>\n<th style=\"text-align: center;\">liturgick\u00fd de\u0148<\/th>\n<th style=\"text-align: center;\">\u00famysel<\/th>\n<\/tr>\n<\/thead>\n<tbody>\n<tr>\n<td style=\"text-align: center;\"><strong>Nede\u013ea 26.11.<\/strong><\/td>\n<td style=\"text-align: center;\"><strong>9:30<\/strong><\/td>\n<td style=\"text-align: center;\"><strong>34. nede\u013ea v Cezro\u010dnom obdob\u00ed<\/strong><\/p>\n<p><strong>Krista Kr\u00e1\u013ea<\/strong><\/td>\n<td style=\"text-align: center;\"><strong>za farnos\u0165<\/strong><\/td>\n<\/tr>\n<tr>\n<td style=\"text-align: center;\">Pondelok 27.11.<\/td>\n<td style=\"text-align: center;\">18:00<\/td>\n<td style=\"text-align: center;\">Pondelok 34. t\u00fd\u017ed\u0148a v Cezro\u010dnom obdob\u00ed<\/td>\n<td style=\"text-align: center;\">+<\/td>\n<\/tr>\n<tr>\n<td style=\"text-align: center;\">Utorok 28.11.<\/td>\n<td style=\"text-align: center;\">18:00<\/td>\n<td style=\"text-align: center;\">Utorok 34. t\u00fd\u017ed\u0148a v Cezro\u010dnom obdob\u00ed<\/td>\n<td style=\"text-align: center;\">+<\/td>\n<\/tr>\n<tr>\n<td style=\"text-align: center;\">Streda 29.11.<\/td>\n<td style=\"text-align: center;\">18:00<\/td>\n<td style=\"text-align: center;\">Streda 34. t\u00fd\u017ed\u0148a v Cezro\u010dnom obdob\u00ed<\/td>\n<td style=\"text-align: center;\">+<\/td>\n<\/tr>\n<tr>\n<td style=\"text-align: center;\">\u0160tvrtok 30.11.<\/td>\n<td style=\"text-align: center;\">7:00<\/td>\n<td style=\"text-align: center;\"><em>Sv\u00e4t\u00e9ho Ondreja, apo\u0161tola<\/em><\/td>\n<td style=\"text-align: center;\">+<\/td>\n<\/tr>\n<tr>\n<td style=\"text-align: center;\">Piatok 1.12.<\/td>\n<td style=\"text-align: center;\">18:00<\/td>\n<td style=\"text-align: center;\">Piatok 34. t\u00fd\u017ed\u0148a v Cezro\u010dnom obdob\u00ed<\/td>\n<td style=\"text-align: center;\">+<\/td>\n<\/tr>\n<tr>\n<td style=\"text-align: center;\">Sobota 2.12.<\/td>\n<td style=\"text-align: center;\">8:00<\/td>\n<td style=\"text-align: center;\">Panny M\u00e1rie v sobotu<\/td>\n<td style=\"text-align: center;\">+<\/td>\n<\/tr>\n<tr>\n<td style=\"text-align: center;\"><strong>Nede\u013ea 3.12.<\/strong><\/td>\n<td style=\"text-align: center;\"><strong>9:30<\/strong><\/td>\n<td style=\"text-align: center;\"><strong>1. adventn\u00e1 nede\u013ea\u00a0<\/strong><\/td>\n<td style=\"text-align: center;\"><strong>za farnos\u0165<\/strong><\/td>\n<\/tr>\n<\/tbody>\n<\/table>\n<\/div>\n<p><strong>Oznamy pre fili\u00e1lku Bodice:<\/strong><\/p>\n<div class=\"table-responsive\">\n<table class=\"table table-bordered\">\n<thead>\n<tr style=\"height: 24px;\">\n<th style=\"text-align: center; height: 24px;\">d\u00e1tum<\/th>\n<th style=\"text-align: center; height: 24px;\">sv. om\u0161a<\/th>\n<th style=\"text-align: center; height: 24px;\">liturgick\u00fd de\u0148<\/th>\n<\/tr>\n<\/thead>\n<tbody>\n<tr style=\"height: 24px;\">\n<td style=\"text-align: center; height: 24px;\"><strong>Nede\u013ea 26.11.<\/strong><\/td>\n<td style=\"text-align: center; height: 24px;\"><strong>8:00<\/strong><\/td>\n<td style=\"text-align: center; height: 24px;\"><strong>34. nede\u013ea v Cezro\u010dnom obdob\u00ed<\/strong><\/p>\n<p><strong>Krista Kr\u00e1\u013ea<\/strong><\/td>\n<\/tr>\n<tr style=\"height: 24px;\">\n<td style=\"text-align: center; height: 24px;\">Piatok 1.12.<\/td>\n<td style=\"text-align: center; height: 24px;\">17:00<\/td>\n<td style=\"text-align: center; height: 24px;\">Piatok 34. t\u00fd\u017ed\u0148a v Cezro\u010dnom obdob\u00ed<\/td>\n<\/tr>\n<tr style=\"height: 24px;\">\n<td style=\"text-align: center; height: 24px;\"><strong>Nede\u013ea 3.12.<\/strong><\/td>\n<td style=\"text-align: center; height: 24px;\"><strong>8:00<\/strong><\/td>\n<td style=\"text-align: center; height: 24px;\"><strong>1. adventn\u00e1 nede\u013ea\u00a0<\/strong><\/td>\n<\/tr>\n<\/tbody>\n<\/table>\n<\/div>\n<p><strong>Oznamy pre kaplnku v nemocnici:<\/strong><\/p>\n<div class=\"table-responsive\">\n<table class=\"table table-bordered\">\n<thead>\n<tr>\n<th style=\"text-align: center;\">d\u00e1tum<\/th>\n<th style=\"text-align: center;\">sv. om\u0161a<\/th>\n<th style=\"text-align: center;\">liturgick\u00fd de\u0148<\/th>\n<\/tr>\n<\/thead>\n<tbody>\n<tr>\n<td style=\"text-align: center;\"><strong>Nede\u013ea 26.11.<\/strong><\/td>\n<td style=\"text-align: center;\"><strong>11:00<\/strong><\/td>\n<td style=\"text-align: center;\"><strong>34. nede\u013ea v Cezro\u010dnom obdob\u00ed<\/strong><\/p>\n<p><strong>Krista Kr\u00e1\u013ea<\/strong><\/td>\n<\/tr>\n<tr>\n<td style=\"text-align: center;\"><strong>Nede\u013ea 3.12.<\/strong><\/td>\n<td style=\"text-align: center;\"><b>11:00<\/b><\/td>\n<td style=\"text-align: center;\"><strong>1. adventn\u00e1 nede\u013ea\u00a0<\/strong><\/td>\n<\/tr>\n<\/tbody>\n<\/table>\n<\/div>\n<p><strong>V\u0161eobecn\u00e9 oznamy:<\/strong><\/p>\n<ul>\n<li>spevokol det\u00ed bude ma\u0165 n\u00e1cvik v piatok po skon\u010den\u00ed sv. om\u0161e<\/li>\n<li>spevokol dospel\u00fdch bude ma\u0165 n\u00e1cvik v pondelok po skon\u010den\u00ed sv. om\u0161e<\/li>\n<li>v tomto t\u00fd\u017edni bude prv\u00fd piatok v mesiaci. Spovedanie bude v pondelok, utorok a stredu od 17:30 do 18:00, v piatok od 14:00 do 16:00. V Bodiciach bude sv. spove\u010f v piatok od 16:30 do 17:00.<\/li>\n<li>upratovanie kostola v tomto t\u00fd\u017edni: Hunana, Poliakov\u00e1, Slukov\u00e1, Jurisov\u00e1<\/li>\n<li>na bud\u00facu nede\u013eu bude jesenn\u00e1 zbierka na charitu<\/li>\n<li>na bud\u00facu nede\u013eu si na sv. om\u0161u m\u00f4\u017eete prinies\u0165 adventn\u00e9 vence, ktor\u00e9 bud\u00fa posv\u00e4ten\u00e9<\/li>\n<\/ul>\n","protected":false},"excerpt":{"rendered":"<p>Liturgick\u00fd preh\u013ead a program bohoslu\u017eieb na t\u00fd\u017ede\u0148 26.11. &#8211; 3.12. 2017 Oznamy pre farsk\u00fd kostol: d\u00e1tum sv. om\u0161a liturgick\u00fd de\u0148 \u00famysel Nede\u013ea 26.11. 9:30 34. nede\u013ea v Cezro\u010dnom obdob\u00ed Krista Kr\u00e1\u013ea za farnos\u0165 Pondelok 27.11. 18:00 Pondelok 34. t\u00fd\u017ed\u0148a v Cezro\u010dnom obdob\u00ed + Utorok 28.11. 18:00 Utorok 34. t\u00fd\u017ed\u0148a v Cezro\u010dnom obdob\u00ed + Streda 29.11. [&hellip;]<\/p>\n","protected":false},"author":1,"featured_media":0,"comment_status":"open","ping_status":"open","sticky":false,"template":"","format":"standard","meta":{"_links_to":"","_links_to_target":""},"categories":[4,19],"tags":[],"_links":{"self":[{"href":"http:\/\/www.paludzka.fara.sk\/index.php?rest_route=\/wp\/v2\/posts\/293"}],"collection":[{"href":"http:\/\/www.paludzka.fara.sk\/index.php?rest_route=\/wp\/v2\/posts"}],"about":[{"href":"http:\/\/www.paludzka.fara.sk\/index.php?rest_route=\/wp\/v2\/types\/post"}],"author":[{"embeddable":true,"href":"http:\/\/www.paludzka.fara.sk\/index.php?rest_route=\/wp\/v2\/users\/1"}],"replies":[{"embeddable":true,"href":"http:\/\/www.paludzka.fara.sk\/index.php?rest_route=%2Fwp%2Fv2%2Fcomments&post=293"}],"version-history":[{"count":4,"href":"http:\/\/www.paludzka.fara.sk\/index.php?rest_route=\/wp\/v2\/posts\/293\/revisions"}],"predecessor-version":[{"id":298,"href":"http:\/\/www.paludzka.fara.sk\/index.php?rest_route=\/wp\/v2\/posts\/293\/revisions\/298"}],"wp:attachment":[{"href":"http:\/\/www.paludzka.fara.sk\/index.php?rest_route=%2Fwp%2Fv2%2Fmedia&parent=293"}],"wp:term":[{"taxonomy":"category","embeddable":true,"href":"http:\/\/www.paludzka.fara.sk\/index.php?rest_route=%2Fwp%2Fv2%2Fcategories&post=293"},{"taxonomy":"post_tag","embeddable":true,"href":"http:\/\/www.paludzka.fara.sk\/index.php?rest_route=%2Fwp%2Fv2%2Ftags&post=293"}],"curies":[{"name":"wp","href":"https:\/\/api.w.org\/{rel}","templated":true}]}}