
{"id":288,"date":"2017-11-11T18:00:18","date_gmt":"2017-11-11T17:00:18","guid":{"rendered":"http:\/\/www.paludzka.fara.sk\/?p=288"},"modified":"2017-11-12T14:53:29","modified_gmt":"2017-11-12T13:53:29","slug":"farske-oznamy-12-11-19-11-2017","status":"publish","type":"post","link":"http:\/\/www.paludzka.fara.sk\/?p=288","title":{"rendered":"Farsk\u00e9 oznamy 12.11.-19.11.2017"},"content":{"rendered":"<h3 style=\"text-align: center;\">Liturgick\u00fd preh\u013ead a program bohoslu\u017eieb na t\u00fd\u017ede\u0148 12.11. &#8211; 19.11. 2017<\/h3>\n<p><strong>Oznamy pre farsk\u00fd kostol:<\/strong><\/p>\n<div class=\"table-responsive\">\n<table class=\"table table-bordered\">\n<thead>\n<tr>\n<th style=\"text-align: center;\">d\u00e1tum<\/th>\n<th style=\"text-align: center;\">sv. om\u0161a<\/th>\n<th style=\"text-align: center;\">liturgick\u00fd de\u0148<\/th>\n<th style=\"text-align: center;\">\u00famysel<\/th>\n<\/tr>\n<\/thead>\n<tbody>\n<tr>\n<td style=\"text-align: center;\"><strong>Nede\u013ea 12.11.<\/strong><\/td>\n<td style=\"text-align: center;\"><strong>9:30<\/strong><\/td>\n<td style=\"text-align: center;\"><strong>32. nede\u013ea v Cezro\u010dnom obdob\u00ed<\/strong><\/td>\n<td style=\"text-align: center;\"><strong>za farnos\u0165<\/strong><\/td>\n<\/tr>\n<tr>\n<td style=\"text-align: center;\">Pondelok 13.11.<\/td>\n<td style=\"text-align: center;\">18:00<\/td>\n<td style=\"text-align: center;\">Pondelok 32. t\u00fd\u017ed\u0148a v Cezro\u010dnom obdob\u00ed<\/td>\n<td style=\"text-align: center;\">+<\/td>\n<\/tr>\n<tr>\n<td style=\"text-align: center;\">Utorok 14.11.<\/td>\n<td style=\"text-align: center;\">18:00<\/td>\n<td style=\"text-align: center;\">Utorok 32. t\u00fd\u017ed\u0148a v Cezro\u010dnom obdob\u00ed<\/td>\n<td style=\"text-align: center;\">+<\/td>\n<\/tr>\n<tr>\n<td style=\"text-align: center;\">Streda 15.11.<\/td>\n<td style=\"text-align: center;\">18:00<\/td>\n<td style=\"text-align: center;\">Streda 32. t\u00fd\u017ed\u0148a v Cezro\u010dnom obdob\u00ed<\/td>\n<td style=\"text-align: center;\">+<\/td>\n<\/tr>\n<tr>\n<td style=\"text-align: center;\">\u0160tvrtok 16.11.<\/td>\n<td style=\"text-align: center;\">7:00<\/td>\n<td style=\"text-align: center;\">\u0160tvrtok 32. t\u00fd\u017ed\u0148a v Cezro\u010dnom obdob\u00ed<\/td>\n<td style=\"text-align: center;\">+<\/td>\n<\/tr>\n<tr>\n<td style=\"text-align: center;\">Piatok 17.11.<\/td>\n<td style=\"text-align: center;\">18:00<\/td>\n<td style=\"text-align: center;\">Sv\u00e4tej Al\u017ebety Uhorskej, reho\u013en\u00ed\u010dky<\/td>\n<td style=\"text-align: center;\">+<\/td>\n<\/tr>\n<tr>\n<td style=\"text-align: center;\">Sobota 18.11.<\/td>\n<td style=\"text-align: center;\">8:00<\/td>\n<td style=\"text-align: center;\">Panny M\u00e1rie v sobotu<\/td>\n<td style=\"text-align: center;\">+<\/td>\n<\/tr>\n<tr>\n<td style=\"text-align: center;\"><strong>Nede\u013ea 19.11.<\/strong><\/td>\n<td style=\"text-align: center;\"><strong>9:30<\/strong><\/td>\n<td style=\"text-align: center;\"><strong>33. nede\u013ea v Cezro\u010dnom obdob\u00ed<\/strong><\/td>\n<td style=\"text-align: center;\"><strong>za farnos\u0165<\/strong><\/td>\n<\/tr>\n<\/tbody>\n<\/table>\n<\/div>\n<p><strong>Oznamy pre fili\u00e1lku Bodice:<\/strong><\/p>\n<div class=\"table-responsive\">\n<table class=\"table table-bordered\">\n<thead>\n<tr style=\"height: 24px;\">\n<th style=\"text-align: center; height: 24px;\">d\u00e1tum<\/th>\n<th style=\"text-align: center; height: 24px;\">sv. om\u0161a<\/th>\n<th style=\"text-align: center; height: 24px;\">liturgick\u00fd de\u0148<\/th>\n<\/tr>\n<\/thead>\n<tbody>\n<tr style=\"height: 24px;\">\n<td style=\"text-align: center; height: 24px;\"><strong>Nede\u013ea 12.11.<\/strong><\/td>\n<td style=\"text-align: center; height: 24px;\"><strong>8:00<\/strong><\/td>\n<td style=\"text-align: center; height: 24px;\"><strong>32. nede\u013ea v Cezro\u010dnom obdob\u00ed<\/strong><\/td>\n<\/tr>\n<tr style=\"height: 24px;\">\n<td style=\"text-align: center; height: 24px;\"><strong>Nede\u013ea 19.11.<\/strong><\/td>\n<td style=\"text-align: center; height: 24px;\"><strong>8:00<\/strong><\/td>\n<td style=\"text-align: center; height: 24px;\"><strong>33. nede\u013ea v Cezro\u010dnom obdob\u00ed<\/strong><\/td>\n<\/tr>\n<\/tbody>\n<\/table>\n<\/div>\n<p><strong>Oznamy pre kaplnku v nemocnici:<\/strong><\/p>\n<div class=\"table-responsive\">\n<table class=\"table table-bordered\">\n<thead>\n<tr>\n<th style=\"text-align: center;\">d\u00e1tum<\/th>\n<th style=\"text-align: center;\">sv. om\u0161a<\/th>\n<th style=\"text-align: center;\">liturgick\u00fd de\u0148<\/th>\n<\/tr>\n<\/thead>\n<tbody>\n<tr>\n<td style=\"text-align: center;\"><strong>Nede\u013ea 12.11.<\/strong><\/td>\n<td style=\"text-align: center;\"><strong>11:00<\/strong><\/td>\n<td style=\"text-align: center;\"><strong>32. nede\u013ea v Cezro\u010dnom obdob\u00ed<\/strong><\/td>\n<\/tr>\n<tr>\n<td style=\"text-align: center;\"><strong>Nede\u013ea 19.11.<\/strong><\/td>\n<td style=\"text-align: center;\"><b>11:00<\/b><\/td>\n<td style=\"text-align: center;\"><strong>33. nede\u013ea v Cezro\u010dnom obdob\u00ed<\/strong><\/td>\n<\/tr>\n<\/tbody>\n<\/table>\n<\/div>\n<p><strong>V\u0161eobecn\u00e9 oznamy:<\/strong><\/p>\n<ul>\n<li>Spevokol det\u00ed bude ma\u0165 n\u00e1cvik v piatok po skon\u010den\u00ed sv. om\u0161e<\/li>\n<\/ul>\n","protected":false},"excerpt":{"rendered":"<p>Liturgick\u00fd preh\u013ead a program bohoslu\u017eieb na t\u00fd\u017ede\u0148 12.11. &#8211; 19.11. 2017 Oznamy pre farsk\u00fd kostol: d\u00e1tum sv. om\u0161a liturgick\u00fd de\u0148 \u00famysel Nede\u013ea 12.11. 9:30 32. nede\u013ea v Cezro\u010dnom obdob\u00ed za farnos\u0165 Pondelok 13.11. 18:00 Pondelok 32. t\u00fd\u017ed\u0148a v Cezro\u010dnom obdob\u00ed + Utorok 14.11. 18:00 Utorok 32. t\u00fd\u017ed\u0148a v Cezro\u010dnom obdob\u00ed + Streda 15.11. 18:00 Streda [&hellip;]<\/p>\n","protected":false},"author":1,"featured_media":0,"comment_status":"open","ping_status":"open","sticky":false,"template":"","format":"standard","meta":{"_links_to":"","_links_to_target":""},"categories":[4,19],"tags":[],"_links":{"self":[{"href":"http:\/\/www.paludzka.fara.sk\/index.php?rest_route=\/wp\/v2\/posts\/288"}],"collection":[{"href":"http:\/\/www.paludzka.fara.sk\/index.php?rest_route=\/wp\/v2\/posts"}],"about":[{"href":"http:\/\/www.paludzka.fara.sk\/index.php?rest_route=\/wp\/v2\/types\/post"}],"author":[{"embeddable":true,"href":"http:\/\/www.paludzka.fara.sk\/index.php?rest_route=\/wp\/v2\/users\/1"}],"replies":[{"embeddable":true,"href":"http:\/\/www.paludzka.fara.sk\/index.php?rest_route=%2Fwp%2Fv2%2Fcomments&post=288"}],"version-history":[{"count":1,"href":"http:\/\/www.paludzka.fara.sk\/index.php?rest_route=\/wp\/v2\/posts\/288\/revisions"}],"predecessor-version":[{"id":289,"href":"http:\/\/www.paludzka.fara.sk\/index.php?rest_route=\/wp\/v2\/posts\/288\/revisions\/289"}],"wp:attachment":[{"href":"http:\/\/www.paludzka.fara.sk\/index.php?rest_route=%2Fwp%2Fv2%2Fmedia&parent=288"}],"wp:term":[{"taxonomy":"category","embeddable":true,"href":"http:\/\/www.paludzka.fara.sk\/index.php?rest_route=%2Fwp%2Fv2%2Fcategories&post=288"},{"taxonomy":"post_tag","embeddable":true,"href":"http:\/\/www.paludzka.fara.sk\/index.php?rest_route=%2Fwp%2Fv2%2Ftags&post=288"}],"curies":[{"name":"wp","href":"https:\/\/api.w.org\/{rel}","templated":true}]}}