
{"id":2755,"date":"2023-07-09T00:00:43","date_gmt":"2023-07-08T22:00:43","guid":{"rendered":"http:\/\/www.paludzka.fara.sk\/?p=2755"},"modified":"2023-07-08T22:00:06","modified_gmt":"2023-07-08T20:00:06","slug":"farske-oznamy-9-7-16-7-2023","status":"publish","type":"post","link":"http:\/\/www.paludzka.fara.sk\/?p=2755","title":{"rendered":"Farsk\u00e9 oznamy 9.7.-16.7.2023"},"content":{"rendered":"<div class=\"table-responsive\">\n<table class=\"table table-bordered\" style=\"width: 100%; height: 776px;\">\n<thead>\n<tr style=\"height: 24px;\">\n<th style=\"text-align: center; height: 24px;\">De\u0148<\/th>\n<th style=\"text-align: center; height: 24px;\">\u010cas<\/th>\n<th style=\"text-align: center; height: 24px;\">Liturgick\u00fd kalend\u00e1r<\/th>\n<th style=\"text-align: center; height: 24px;\">\u00damysel<\/th>\n<th style=\"text-align: center; height: 24px;\">O\u010dak\u00e1vame<\/th>\n<\/tr>\n<\/thead>\n<tbody>\n<tr style=\"height: 136px;\">\n<td style=\"text-align: center; height: 136px;\"><strong>Nede\u013ea 9.7.<\/strong><\/td>\n<td style=\"text-align: center; height: 136px;\">7:00<\/p>\n<p><span style=\"color: #000000;\"><strong>8:15<\/strong><\/span><\/p>\n<p><span style=\"color: #000000;\">9:45<\/span><\/td>\n<td style=\"text-align: center; height: 136px;\"><span style=\"color: #008000;\"><strong>14. nede\u013ea v Cezro\u010dnom obdob\u00ed<\/strong><\/span><\/td>\n<td style=\"text-align: center; height: 136px;\">za veriacich<\/p>\n<p><span style=\"font-family: inherit; font-size: inherit;\"><strong>Bodice:<\/strong> na \u00famysel<\/span><\/p>\n<p>+ Ivan<\/td>\n<td style=\"text-align: center; height: 136px;\"><\/td>\n<\/tr>\n<tr style=\"height: 48px;\">\n<td style=\"text-align: center; height: 48px;\">Pondelok 10.7.<\/td>\n<td style=\"text-align: center; height: 48px;\"><span style=\"color: #ff0000;\">7:00<\/span><\/td>\n<td style=\"text-align: center; height: 48px;\"><span style=\"color: #008000;\">Pondelok 14. t\u00fd\u017ed\u0148a v Cezro\u010dnom obdob\u00ed<\/span><\/td>\n<td style=\"text-align: center; height: 48px;\">za zdravie a Bo\u017eie po\u017eehnanie pre rodinu<\/td>\n<td style=\"text-align: center; height: 48px;\">demont\u00e1cia le\u0161enia v kostole<\/td>\n<\/tr>\n<tr style=\"height: 120px;\">\n<td style=\"text-align: center; height: 120px;\">Utorok 11.7.<\/td>\n<td style=\"text-align: center; height: 120px;\">18:00<\/td>\n<td style=\"text-align: center; height: 120px;\"><span style=\"color: #808000;\">Sv\u00e4t\u00e9ho Benedikta, op\u00e1ta, patr\u00f3na Eur\u00f3py<\/span><\/p>\n<p><span style=\"color: #808000;\">sviatok<\/span><\/td>\n<td style=\"text-align: center; height: 120px;\">+ rodi\u010dia<\/td>\n<td style=\"text-align: center; height: 120px;\"><\/td>\n<\/tr>\n<tr style=\"height: 24px;\">\n<td style=\"text-align: center; height: 24px;\">Streda 12.7.<\/td>\n<td style=\"text-align: center; height: 24px;\">7:00<\/td>\n<td style=\"text-align: center; height: 24px;\"><span style=\"color: #008000;\">Streda 14. t\u00fd\u017ed\u0148a v Cezro\u010dnom obdob\u00ed<\/span><\/td>\n<td style=\"text-align: center; height: 24px;\">za zdravie a Bo\u017eie po\u017eehnanie pre Cyrila<\/td>\n<td style=\"text-align: center; height: 24px;\"><\/td>\n<\/tr>\n<tr style=\"height: 48px;\">\n<td style=\"text-align: center; height: 48px;\">\u0160tvrtok 13.7.<\/td>\n<td style=\"text-align: center; height: 48px;\"><span style=\"color: #000000;\">18:00<\/span><\/td>\n<td style=\"text-align: center; height: 48px;\"><span style=\"color: #008000;\">\u0160tvrtok 14. t\u00fd\u017ed\u0148a v Cezro\u010dnom obdob\u00ed<\/span><\/td>\n<td style=\"text-align: center; height: 48px;\">+ rodi\u010dia<\/td>\n<td style=\"text-align: center; height: 48px;\">ador\u00e1cia od 17:00<\/td>\n<\/tr>\n<tr style=\"height: 120px;\">\n<td style=\"text-align: center; height: 120px;\">Piatok 14.7.<\/td>\n<td style=\"text-align: center; height: 120px;\"><span style=\"color: #000000;\">18:00<\/span><\/td>\n<td style=\"text-align: center; height: 120px;\"><span style=\"color: #008000;\">Piatok 14. t\u00fd\u017ed\u0148a v Cezro\u010dnom obdob\u00ed<\/span><\/td>\n<td style=\"text-align: center; height: 120px;\">za zdravie a milos\u0165 Bo\u017eiu pre deti a vn\u00fa\u010dat\u00e1<\/td>\n<td style=\"text-align: center; height: 120px;\"><\/td>\n<\/tr>\n<tr style=\"height: 120px;\">\n<td style=\"text-align: center; height: 120px;\">Sobota 15.7.<\/td>\n<td style=\"text-align: center; height: 120px;\"><span style=\"color: #000000;\">8:00<\/span><\/td>\n<td style=\"text-align: center; height: 120px;\"><span style=\"color: #808000;\">Sv\u00e4t\u00e9ho Bonavent\u00faru, biskupa a u\u010dite\u013ea Cirkvi<\/span><\/p>\n<p><span style=\"color: #808000;\">spomienka<\/span><\/td>\n<td style=\"text-align: center; height: 120px;\">za po\u017eehnanie rodiny<\/td>\n<td style=\"text-align: center; height: 120px;\"><\/td>\n<\/tr>\n<tr style=\"height: 136px;\">\n<td style=\"text-align: center; height: 136px;\"><strong>Nede\u013ea 16.7.<\/strong><\/td>\n<td style=\"text-align: center; height: 136px;\">7:00<\/p>\n<p><span style=\"color: #000000;\"><strong>8:15<\/strong><\/span><\/p>\n<p><span style=\"color: #000000;\">9:45<\/span><\/td>\n<td style=\"text-align: center; height: 136px;\"><span style=\"color: #008000;\"><strong>15. nede\u013ea v Cezro\u010dnom obdob\u00ed<\/strong><\/span><\/td>\n<td style=\"text-align: center; height: 136px;\">za veriacich<\/p>\n<p><span style=\"font-family: inherit; font-size: inherit;\"><strong>Bodice:<\/strong> na \u00famysel<\/span><\/p>\n<p>za zdravie a Bo\u017eie po\u017eehnanie pre Danielu<\/td>\n<td style=\"text-align: center; height: 136px;\">zbierka na kostol<\/td>\n<\/tr>\n<\/tbody>\n<\/table>\n<\/div>\n<ul>\n<li>Bohuzm\u00e1mi na ma\u013eovanie kostola v Pal\u00fadzke obetovali 100, 50, 100, 100 \u20ac. Bohuzn\u00e1my zo Zuberca na ma\u013eovanie darovali 200 \u20ac. P\u00e1n Boh zapla\u0165 a odme\u0148 v\u0161etk\u00fdch darcov.<\/li>\n<li>na bud\u00facu nede\u013eu bude zbierka na kostol. P\u00e1n Boh zapla\u0165 v\u0161etk\u00fdm darcom.<\/li>\n<li>tento t\u00fd\u017ede\u0148 pl\u00e1nujeme ukon\u010di\u0165 pr\u00e1ce s ma\u013eovan\u00edm farsk\u00e9ho kostola v Pal\u00fadzke. Preto ve\u013emi pekne pros\u00edm, kto by mohol pr\u00eds\u0165 pom\u00f4c\u0165 pri upratovan\u00ed\u00a0v sobotu o 9:00, budeme v\u010fa\u010dn\u00ed za ka\u017ed\u00fa pomoc. Tak isto ve\u013ek\u00e9 P\u00e1n Boh zapla\u0165 v\u0161etk\u00fdm, ktor\u00ed prilo\u017eili ruku k dielu alebo duchovne \u010di materi\u00e1lne pomohli pri zve\u013eaden\u00ed n\u00e1\u0161ho chr\u00e1mu. Nech v\u00e1s za to P\u00e1n Boh bohato odmen\u00ed.<\/li>\n<li>o upratovanie kostola pros\u00edm rodiny Kostoln\u00fa, Dia\u010dikov\u00fa, Korman\u00edkov\u00fa a S\u00e1lusov\u00fa. Upratovanie bude v sobotu o 9:00. P\u00e1n Boh zapla\u0165 za slu\u017ebu.<\/li>\n<\/ul>\n","protected":false},"excerpt":{"rendered":"<p>De\u0148 \u010cas Liturgick\u00fd kalend\u00e1r \u00damysel O\u010dak\u00e1vame Nede\u013ea 9.7. 7:00 8:15 9:45 14. nede\u013ea v Cezro\u010dnom obdob\u00ed za veriacich Bodice: na \u00famysel + Ivan Pondelok 10.7. 7:00 Pondelok 14. t\u00fd\u017ed\u0148a v Cezro\u010dnom obdob\u00ed za zdravie a Bo\u017eie po\u017eehnanie pre rodinu demont\u00e1cia le\u0161enia v kostole Utorok 11.7. 18:00 Sv\u00e4t\u00e9ho Benedikta, op\u00e1ta, patr\u00f3na Eur\u00f3py sviatok + rodi\u010dia Streda [&hellip;]<\/p>\n","protected":false},"author":1,"featured_media":0,"comment_status":"closed","ping_status":"closed","sticky":false,"template":"","format":"standard","meta":{"_links_to":"","_links_to_target":""},"categories":[4,19],"tags":[],"_links":{"self":[{"href":"http:\/\/www.paludzka.fara.sk\/index.php?rest_route=\/wp\/v2\/posts\/2755"}],"collection":[{"href":"http:\/\/www.paludzka.fara.sk\/index.php?rest_route=\/wp\/v2\/posts"}],"about":[{"href":"http:\/\/www.paludzka.fara.sk\/index.php?rest_route=\/wp\/v2\/types\/post"}],"author":[{"embeddable":true,"href":"http:\/\/www.paludzka.fara.sk\/index.php?rest_route=\/wp\/v2\/users\/1"}],"replies":[{"embeddable":true,"href":"http:\/\/www.paludzka.fara.sk\/index.php?rest_route=%2Fwp%2Fv2%2Fcomments&post=2755"}],"version-history":[{"count":1,"href":"http:\/\/www.paludzka.fara.sk\/index.php?rest_route=\/wp\/v2\/posts\/2755\/revisions"}],"predecessor-version":[{"id":2757,"href":"http:\/\/www.paludzka.fara.sk\/index.php?rest_route=\/wp\/v2\/posts\/2755\/revisions\/2757"}],"wp:attachment":[{"href":"http:\/\/www.paludzka.fara.sk\/index.php?rest_route=%2Fwp%2Fv2%2Fmedia&parent=2755"}],"wp:term":[{"taxonomy":"category","embeddable":true,"href":"http:\/\/www.paludzka.fara.sk\/index.php?rest_route=%2Fwp%2Fv2%2Fcategories&post=2755"},{"taxonomy":"post_tag","embeddable":true,"href":"http:\/\/www.paludzka.fara.sk\/index.php?rest_route=%2Fwp%2Fv2%2Ftags&post=2755"}],"curies":[{"name":"wp","href":"https:\/\/api.w.org\/{rel}","templated":true}]}}