
{"id":2725,"date":"2023-06-25T00:00:09","date_gmt":"2023-06-24T22:00:09","guid":{"rendered":"http:\/\/www.paludzka.fara.sk\/?p=2725"},"modified":"2023-06-24T20:11:25","modified_gmt":"2023-06-24T18:11:25","slug":"farske-oznamy-25-6-2-7-2023","status":"publish","type":"post","link":"http:\/\/www.paludzka.fara.sk\/?p=2725","title":{"rendered":"Farsk\u00e9 oznamy 25.6.-2.7.2023"},"content":{"rendered":"<div class=\"table-responsive\">\n<table class=\"table table-bordered\" style=\"width: 100%; height: 776px;\">\n<thead>\n<tr style=\"height: 24px;\">\n<th style=\"text-align: center; height: 24px;\">De\u0148<\/th>\n<th style=\"text-align: center; height: 24px;\">\u010cas<\/th>\n<th style=\"text-align: center; height: 24px;\">Liturgick\u00fd kalend\u00e1r<\/th>\n<th style=\"text-align: center; height: 24px;\">\u00damysel<\/th>\n<th style=\"text-align: center; height: 24px;\">O\u010dak\u00e1vame<\/th>\n<\/tr>\n<\/thead>\n<tbody>\n<tr style=\"height: 136px;\">\n<td style=\"text-align: center; height: 136px;\"><strong>Nede\u013ea 25.6.<\/strong><\/td>\n<td style=\"text-align: center; height: 136px;\">7:00<\/p>\n<p><span style=\"color: #000000;\"><strong>8:15<\/strong><\/span><\/p>\n<p><span style=\"color: #000000;\">9:45<\/span><\/td>\n<td style=\"text-align: center; height: 136px;\"><span style=\"color: #008000;\"><strong>12. nede\u013ea v Cezro\u010dnom obdob\u00ed<\/strong><\/span><\/td>\n<td style=\"text-align: center; height: 136px;\">za veriacich<\/p>\n<p><span style=\"font-family: inherit; font-size: inherit;\"><strong>Bodice:<\/strong> na \u00famysel<\/span><\/p>\n<p>za rodinu Dud\u00e1\u0161ikov\u00fa<\/td>\n<td style=\"text-align: center; height: 136px;\"><strong>Zbierka na dobro\u010dinn\u00e9 diela Sv\u00e4t\u00e9ho Otca<\/strong><\/td>\n<\/tr>\n<tr style=\"height: 48px;\">\n<td style=\"text-align: center; height: 48px;\">Pondelok 26.6.<\/td>\n<td style=\"text-align: center; height: 48px;\">18:00<\/td>\n<td style=\"text-align: center; height: 48px;\"><span style=\"color: #008000;\">Pondelok 12. t\u00fd\u017ed\u0148a v Cezro\u010dnom obdob\u00ed<\/span><\/td>\n<td style=\"text-align: center; height: 48px;\">za Bo\u017eie po\u017eehnanie rodiny \u013dubom\u00edra a Barbory<\/td>\n<td style=\"text-align: center; height: 48px;\"><\/td>\n<\/tr>\n<tr style=\"height: 120px;\">\n<td style=\"text-align: center; height: 120px;\">Utorok 27.6.<\/td>\n<td style=\"text-align: center; height: 120px;\"><span style=\"color: #ff0000;\">7:00<\/span><\/p>\n<p><strong>18:00<\/strong><\/td>\n<td style=\"text-align: center; height: 120px;\"><span style=\"color: #808000;\">Sv\u00e4t\u00e9ho Ladislava<\/span><\/p>\n<p><span style=\"color: #808000;\">V Bodiciach odpustov\u00e1 sl\u00e1vnos\u0165<\/span><\/td>\n<td style=\"text-align: center; height: 120px;\">+ Ladislav, Pavel, M\u00e1ria a Helena<\/p>\n<p><strong>Bodice:<\/strong> za dobrodincov kostola<\/td>\n<td style=\"text-align: center; height: 120px;\"><span style=\"color: #ff0000;\">v Bodiciach odpustov\u00e1 sl\u00e1vnos\u0165 o 18:00 ku cti sv. Ladislava<\/span><\/p>\n<p><span style=\"color: #ff0000;\">sviatos\u0165 zmierenia od 17:30<\/span><\/td>\n<\/tr>\n<tr style=\"height: 24px;\">\n<td style=\"text-align: center; height: 24px;\">Streda 28.6.<\/td>\n<td style=\"text-align: center; height: 24px;\"><span style=\"color: #000000;\">7:00<\/span><\/td>\n<td style=\"text-align: center; height: 24px;\"><span style=\"color: #ff0000;\">Sv\u00e4t\u00e9ho Ireneja, biskupa a u\u010dite\u013ea Cirkvi, mu\u010den\u00edka<\/span><\/p>\n<p><span style=\"color: #ff0000;\">spomienka<\/span><\/td>\n<td style=\"text-align: center; height: 24px;\">+ Jarka<\/td>\n<td style=\"text-align: center; height: 24px;\"><\/td>\n<\/tr>\n<tr style=\"height: 48px;\">\n<td style=\"text-align: center; height: 48px;\">\u0160tvrtok 29.6.<\/td>\n<td style=\"text-align: center; height: 48px;\"><strong>17:00<\/strong><\/p>\n<p><span style=\"color: #000000;\">18:00<\/span><\/td>\n<td style=\"text-align: center; height: 48px;\"><span style=\"color: #ff0000;\"><strong>Sv\u00e4t\u00fdch Petra a Pavla, apo\u0161tolov<\/strong><\/span><\/p>\n<p><span style=\"color: #ff0000;\">sl\u00e1vnos\u0165<\/span><\/p>\n<p><span style=\"color: #ff0000;\">Prik\u00e1zan\u00fd sviatok<\/span><\/td>\n<td style=\"text-align: center; height: 48px;\"><strong>Bodice:<\/strong> na \u00famysel<\/p>\n<p>za veriacich<\/td>\n<td style=\"text-align: center; height: 48px;\">Po\u010fakovanie na konci \u0161kolsk\u00e9ho roka<\/td>\n<\/tr>\n<tr style=\"height: 120px;\">\n<td style=\"text-align: center; height: 120px;\">Piatok 30.6.<\/td>\n<td style=\"text-align: center; height: 120px;\"><span style=\"color: #000000;\">18:00<\/span><\/td>\n<td style=\"text-align: center; height: 120px;\"><span style=\"color: #008000;\">Piatok 12. t\u00fd\u017ed\u0148a v Cezro\u010dnom obdob\u00ed<\/span><\/td>\n<td style=\"text-align: center; height: 120px;\">+ Jaroslav, Jozef, Karol a Pavl\u00edna<\/td>\n<td style=\"text-align: center; height: 120px;\"><\/td>\n<\/tr>\n<tr style=\"height: 120px;\">\n<td style=\"text-align: center; height: 120px;\">Sobota 1.7.<\/td>\n<td style=\"text-align: center; height: 120px;\"><span style=\"color: #000000;\">8:00<\/span><\/td>\n<td style=\"text-align: center; height: 120px;\"><span style=\"color: #0000ff;\">Preblahoslavenej Panny M\u00e1rie v sobotu<\/span><\/p>\n<p><span style=\"color: #0000ff;\">\u013eubovo\u013en\u00e1 spomienka<\/span><\/td>\n<td style=\"text-align: center; height: 120px;\">za obr\u00e1tenie det\u00ed<\/td>\n<td style=\"text-align: center; height: 120px;\">Fatimsk\u00e1 pobo\u017enos\u0165 o 7:30<\/td>\n<\/tr>\n<tr style=\"height: 136px;\">\n<td style=\"text-align: center; height: 136px;\"><strong>Nede\u013ea 2.7.<\/strong><\/td>\n<td style=\"text-align: center; height: 136px;\">7:00<\/p>\n<p><span style=\"color: #000000;\"><strong>8:15<\/strong><\/span><\/p>\n<p><span style=\"color: #000000;\">9:45<\/span><\/td>\n<td style=\"text-align: center; height: 136px;\"><span style=\"color: #008000;\"><strong>13. nede\u013ea v Cezro\u010dnom obdob\u00ed<\/strong><\/span><\/td>\n<td style=\"text-align: center; height: 136px;\">za veriacich<\/p>\n<p><span style=\"font-family: inherit; font-size: inherit;\"><strong>Bodice:<\/strong> na \u00famysel<\/span><\/p>\n<p>za sp\u00e1su du\u0161e \u017eiv\u00fdch a zomrel\u00fdch pr\u00edbuzn\u00fdch a priate\u013eov<\/td>\n<td style=\"text-align: center; height: 136px;\"><\/td>\n<\/tr>\n<\/tbody>\n<\/table>\n<\/div>\n<ul>\n<li>dnes je zbierka na dobro\u010dinn\u00e9 diela Sv\u00e4t\u00e9ho Otca. V\u0161etk\u00fdm darcom P\u00e1n Boh zapla\u0165.<\/li>\n<li>v pondelok po sv. om\u0161i budem zapisova\u0165 \u00famysly sv\u00e4t\u00fdch om\u0161\u00ed na mesiac j\u00fal.<\/li>\n<li>Bohuzm\u00e1mi na ma\u013eovanie kostola v Pal\u00fadzke obetovali 50, 100 \u20ac. P\u00e1n Boh zapla\u0165 a odme\u0148 v\u0161etk\u00fdch darcov.<\/li>\n<li>o upratovanie kostola pros\u00edm rodinu Koh\u00fatov\u00fa, Vdovcov\u00fa, Bebkov\u00fa a Rybovi\u010dov\u00fa. Upratovanie bude v sobotu o 17:00. P\u00e1n Boh<br \/>\nzapla\u0165 za slu\u017ebu.<\/li>\n<\/ul>\n","protected":false},"excerpt":{"rendered":"<p>De\u0148 \u010cas Liturgick\u00fd kalend\u00e1r \u00damysel O\u010dak\u00e1vame Nede\u013ea 25.6. 7:00 8:15 9:45 12. nede\u013ea v Cezro\u010dnom obdob\u00ed za veriacich Bodice: na \u00famysel za rodinu Dud\u00e1\u0161ikov\u00fa Zbierka na dobro\u010dinn\u00e9 diela Sv\u00e4t\u00e9ho Otca Pondelok 26.6. 18:00 Pondelok 12. t\u00fd\u017ed\u0148a v Cezro\u010dnom obdob\u00ed za Bo\u017eie po\u017eehnanie rodiny \u013dubom\u00edra a Barbory Utorok 27.6. 7:00 18:00 Sv\u00e4t\u00e9ho Ladislava V Bodiciach odpustov\u00e1 [&hellip;]<\/p>\n","protected":false},"author":1,"featured_media":0,"comment_status":"closed","ping_status":"closed","sticky":false,"template":"","format":"standard","meta":{"_links_to":"","_links_to_target":""},"categories":[4,19],"tags":[],"_links":{"self":[{"href":"http:\/\/www.paludzka.fara.sk\/index.php?rest_route=\/wp\/v2\/posts\/2725"}],"collection":[{"href":"http:\/\/www.paludzka.fara.sk\/index.php?rest_route=\/wp\/v2\/posts"}],"about":[{"href":"http:\/\/www.paludzka.fara.sk\/index.php?rest_route=\/wp\/v2\/types\/post"}],"author":[{"embeddable":true,"href":"http:\/\/www.paludzka.fara.sk\/index.php?rest_route=\/wp\/v2\/users\/1"}],"replies":[{"embeddable":true,"href":"http:\/\/www.paludzka.fara.sk\/index.php?rest_route=%2Fwp%2Fv2%2Fcomments&post=2725"}],"version-history":[{"count":1,"href":"http:\/\/www.paludzka.fara.sk\/index.php?rest_route=\/wp\/v2\/posts\/2725\/revisions"}],"predecessor-version":[{"id":2726,"href":"http:\/\/www.paludzka.fara.sk\/index.php?rest_route=\/wp\/v2\/posts\/2725\/revisions\/2726"}],"wp:attachment":[{"href":"http:\/\/www.paludzka.fara.sk\/index.php?rest_route=%2Fwp%2Fv2%2Fmedia&parent=2725"}],"wp:term":[{"taxonomy":"category","embeddable":true,"href":"http:\/\/www.paludzka.fara.sk\/index.php?rest_route=%2Fwp%2Fv2%2Fcategories&post=2725"},{"taxonomy":"post_tag","embeddable":true,"href":"http:\/\/www.paludzka.fara.sk\/index.php?rest_route=%2Fwp%2Fv2%2Ftags&post=2725"}],"curies":[{"name":"wp","href":"https:\/\/api.w.org\/{rel}","templated":true}]}}